{"id":360,"date":"2015-04-14T17:08:14","date_gmt":"2015-04-14T15:08:14","guid":{"rendered":"http:\/\/centcols.org\/backup\/?p=360"},"modified":"2015-06-09T11:23:00","modified_gmt":"2015-06-09T09:23:00","slug":"concentration-2014-col-etots","status":"publish","type":"post","link":"https:\/\/centcols.org\/backup\/concentration-2014-col-etots\/","title":{"rendered":"Concentration r\u00e9gionale Cent Cols Centre Col des Etots &#8211; Samedi 4 octobre 2014 (Initialement pr\u00e9vu le 11)"},"content":{"rendered":"<p>Le col des ETOTS <a class=\"iframe-fancybox\" title=\"Col des Etots\" href=\"https:\/\/centcols.org\/backup\/util\/geo\/visuFR.php?code=FR-55-0196\" target=\"_blank\">FR-55-0196<\/a>, est situ\u00e9 en limite Marne et Meuse en for\u00eat d&#8217;Argonne au pied du village de Beaulieu. Site tr\u00e8s touristique o\u00f9 un magnifique pressoir, du moyen \u00e2ge est expos\u00e9 dans la grange au centre du village, lieu o\u00f9 nous nous r\u00e9unirons si le temps est mauvais<\/p>\n<p>Rendez-vous entre 10h et 14h pour une collation<\/p>\n<h3>Contact<\/h3>\n<p>Pierre GUILLIEE<\/p>\n<p>tel 06 83 32 50 59<br \/>\nmail : <a href=\"m&#97;i&#108;&#116;&#111;:&#112;&#46;g&#117;&#105;&#108;&#108;&#105;e&#101;&#64;fr&#101;&#101;&#46;fr\">&#112;&#46;gui&#108;li&#101;&#101;&#64;f&#114;e&#101;&#46;f&#114;<\/a><\/p>\n","protected":false},"excerpt":{"rendered":"<p>Le col des ETOTS FR-55-0196, est situ\u00e9 en limite Marne et Meuse en for\u00eat d&#8217;Argonne au pied du village de Beaulieu. Site tr\u00e8s touristique o\u00f9 un magnifique pressoir, du moyen \u00e2ge est expos\u00e9 dans la grange au centre du village, lieu o\u00f9 nous nous r\u00e9unirons si le temps est mauvais Rendez-vous entre 10h et 14h [&hellip;]<\/p>\n","protected":false},"author":2001,"featured_media":0,"comment_status":"closed","ping_status":"closed","sticky":false,"template":"","format":"standard","meta":{"_acf_changed":false,"ub_ctt_via":"","_monsterinsights_skip_tracking":false,"_monsterinsights_sitenote_active":false,"_monsterinsights_sitenote_note":"","_monsterinsights_sitenote_category":0,"footnotes":""},"categories":[12,7],"tags":[],"acf":[],"featured_image_urls":{"full":"","thumbnail":"","medium":"","medium_large":"","large":"","1536x1536":"","2048x2048":"","woocommerce_thumbnail":"","woocommerce_single":"","woocommerce_gallery_thumbnail":""},"post_excerpt_stackable":"<p>Le col des ETOTS FR-55-0196, est situ\u00e9 en limite Marne et Meuse en for\u00eat d&#8217;Argonne au pied du village de Beaulieu. Site tr\u00e8s touristique o\u00f9 un magnifique pressoir, du moyen \u00e2ge est expos\u00e9 dans la grange au centre du village, lieu o\u00f9 nous nous r\u00e9unirons si le temps est mauvais Rendez-vous entre 10h et 14h pour une collation Contact Pierre GUILLIEE tel 06 83 32 50 59 mail : p.g&#117;&#105;&#108;&#108;&#105;&#101;e&#64;&#102;r&#101;e.f&#114;<\/p>\n","category_list":"<a href=\"https:\/\/centcols.org\/backup\/categorie\/rassemblements\/rassemblements-2014\/\" rel=\"category tag\">Les rassemblements de 2014<\/a>, <a href=\"https:\/\/centcols.org\/backup\/categorie\/rassemblements\/\" rel=\"category tag\">Rencontres r\u00e9gionales<\/a>","author_info":{"display_name":"Webmestre","author_link":"https:\/\/centcols.org\/backup\/author\/webmestre\/"},"comments_num":"0 commentaire","featured_image_urls_v2":{"full":"","thumbnail":"","medium":"","medium_large":"","large":"","1536x1536":"","2048x2048":"","woocommerce_thumbnail":"","woocommerce_single":"","woocommerce_gallery_thumbnail":""},"post_excerpt_stackable_v2":"<p>Le col des ETOTS FR-55-0196, est situ\u00e9 en limite Marne et Meuse en for\u00eat d&#8217;Argonne au pied du village de Beaulieu. Site tr\u00e8s touristique o\u00f9 un magnifique pressoir, du moyen \u00e2ge est expos\u00e9 dans la grange au centre du village, lieu o\u00f9 nous nous r\u00e9unirons si le temps est mauvais Rendez-vous entre 10h et 14h pour une collation Contact Pierre GUILLIEE tel 06 83 32 50 59 mail : p&#46;gui&#108;l&#105;e&#101;&#64;fr&#101;e&#46;fr<\/p>\n","category_list_v2":"<a href=\"https:\/\/centcols.org\/backup\/categorie\/rassemblements\/rassemblements-2014\/\" rel=\"category tag\">Les rassemblements de 2014<\/a>, <a href=\"https:\/\/centcols.org\/backup\/categorie\/rassemblements\/\" rel=\"category tag\">Rencontres r\u00e9gionales<\/a>","author_info_v2":{"name":"Webmestre","url":"https:\/\/centcols.org\/backup\/author\/webmestre\/"},"comments_num_v2":"0 commentaire","featured_image_src":null,"_links":{"self":[{"href":"https:\/\/centcols.org\/backup\/wp-json\/wp\/v2\/posts\/360"}],"collection":[{"href":"https:\/\/centcols.org\/backup\/wp-json\/wp\/v2\/posts"}],"about":[{"href":"https:\/\/centcols.org\/backup\/wp-json\/wp\/v2\/types\/post"}],"author":[{"embeddable":true,"href":"https:\/\/centcols.org\/backup\/wp-json\/wp\/v2\/users\/2001"}],"replies":[{"embeddable":true,"href":"https:\/\/centcols.org\/backup\/wp-json\/wp\/v2\/comments?post=360"}],"version-history":[{"count":0,"href":"https:\/\/centcols.org\/backup\/wp-json\/wp\/v2\/posts\/360\/revisions"}],"wp:attachment":[{"href":"https:\/\/centcols.org\/backup\/wp-json\/wp\/v2\/media?parent=360"}],"wp:term":[{"taxonomy":"category","embeddable":true,"href":"https:\/\/centcols.org\/backup\/wp-json\/wp\/v2\/categories?post=360"},{"taxonomy":"post_tag","embeddable":true,"href":"https:\/\/centcols.org\/backup\/wp-json\/wp\/v2\/tags?post=360"}],"curies":[{"name":"wp","href":"https:\/\/api.w.org\/{rel}","templated":true}]}}