





{"id":363,"date":"2015-04-04T17:17:42","date_gmt":"2015-04-04T15:17:42","guid":{"rendered":"http:\/\/centcols.org\/backup\/?p=363"},"modified":"2015-07-13T21:17:12","modified_gmt":"2015-07-13T19:17:12","slug":"concentration-2015-chaussy","status":"publish","type":"post","link":"https:\/\/centcols.org\/backup\/concentration-2015-chaussy\/","title":{"rendered":"Concentration r\u00e9gionale Cent Cols Alpes du nord \/ Jura sud au col du Chaussy le 20 juin 2015"},"content":{"rendered":"<p><span style=\"text-decoration: underline;\"><a href=\"https:\/\/picasaweb.google.com\/109939753218813523591\/20150620Col_du_Chaussy#\" target=\"_blank\">Voir le diaporama <\/a><\/span>de Marc Liaudon (cc 289) et Guy Moreau (cc 7038) r\u00e9alis\u00e9 \u00e0 l&#8217;occasion de cette rencontre<\/p>\n<p><a href=\"https:\/\/picasaweb.google.com\/lh\/sredir?uname=112352312025257270439&amp;target=ALBUM&amp;id=6164181930724707505&amp;authkey=Gv1sRgCNHm0au5172VfA&amp;feat=email\" target=\"_blank\">Diaporama<\/a> de Michel Racois (cc 4373)<span id=\"yui_3_16_0_1_1435212009862_6087\" style=\"font-size: small;\"><\/span><\/p>\n<p>Samedi 20 juin, Alpes Nord, Jura Sud<br \/>\nCol du Chaussy (FR-73-1533).<br \/>\nPour ceux qui le d\u00e9sirent, un rendez-vous est propos\u00e9 par R\u00e9gis Paraz \u00e0 8h30 place de la mairie \u00e0 La Chambre pour se rendre au col du Chaussy par les lacets de Montvernier avec un petit crochet au col du Ventour (FR-73-0780)<\/p>\n<p><img loading=\"lazy\" decoding=\"async\" src=\"https:\/\/centcols.org\/backup\/les_rendez-vous\/2015\/Regional\/AlpesNord\/chaussy.jpg\" alt=\"\" width=\"806\" height=\"606\" \/><\/p>\n<h2>Carte Interactive avec le trac\u00e9 GPX<\/h2>\n\n\n\t\t\t\t<div id=\"map_ol3js_1\" class=\"map undefined\" data-map_name=\"undefined\" data-map=\"map_ol3js_1\" style=\"width:67%; max-width:100%; height:600px; display:block; overflow:hidden;border:2px solid grey;\" >\n\t\t\t\t  <div id=\"map_ol3js_1_popup\" class=\"ol-popup\" >\n\t\t\t\t\t<a href=\"#\" id=\"map_ol3js_1_popup-closer\" class=\"ol-popup-closer\"><\/a>\n\t\t\t\t\t<div id=\"map_ol3js_1_popup-content\" ><\/div>\n\t\t\t\t  <\/div>\n\t\t\t\t<\/div>\n\t\t\t\n\t\t\t\t<link rel=\"stylesheet\" href=\"https:\/\/centcols.org\/backup\/wp-content\/plugins\/osm\/js\/OL\/7.1.0\/ol.css?ver=7.1.0\" type=\"text\/css\">\n\t\t\t\t<link rel=\"stylesheet\" href=\"https:\/\/centcols.org\/backup\/wp-content\/plugins\/osm\/css\/osm_map_v3.css?ver=1.0.0\" type=\"text\/css\">\n\t\t\t\t<link rel=\"stylesheet\" href=\"https:\/\/centcols.org\/backup\/wp-content\/plugins\/osm\/css\/osm_map.css?ver=1.0.0\" type=\"text\/css\">\n\t\t\t\t<!-- The line below is only needed for old environments like Internet Explorer and Android 4.x -->\n                                <script src=\"https:\/\/centcols.org\/backup\/wp-content\/plugins\/osm\/js\/polyfill\/v2\/polyfill.min.js?features=requestAnimationFrame,Element.prototype.classList,URL\"><\/script>\n\n\t\t\t\t<script src=\"https:\/\/centcols.org\/backup\/wp-content\/plugins\/osm\/js\/OL\/7.1.0\/ol.js?ver=7.1.0\" type=\"text\/javascript\"><\/script>\n\t\t\t\t<script src=\"https:\/\/centcols.org\/backup\/wp-content\/plugins\/osm\/js\/osm-v3-plugin-lib.js?ver=1.0.0\" type=\"text\/javascript\"><\/script>\n\t\t\t\t<script src=\"https:\/\/centcols.org\/backup\/wp-content\/plugins\/osm\/js\/osm-metabox-events.js?ver=1.0.0\" type=\"text\/javascript\"><\/script>\n\t\t\t\t<script src=\"https:\/\/centcols.org\/backup\/wp-content\/plugins\/osm\/js\/osm-startup-lib.js\" type=\"text\/javascript\"><\/script>\n\t\t\t\t<script type=\"text\/javascript\">\n\t\t\t\t\ttranslations['openlayer'] = \"open layer\";\n\t\t\t\t\ttranslations['openlayerAtStartup'] = \"open layer at startup\";\n\t\t\t\t\ttranslations['generateLink'] = \"link to this map with opened layers\";\n\t\t\t\t\ttranslations['shortDescription'] = \"short description\";\n\t\t\t\t\ttranslations['generatedShortCode'] = \"to get a text control link paste this code in your wordpress editor\";\n\t\t\t\t\ttranslations['closeLayer'] = \"close layer\";\n\t\t\t\t\ttranslations['cantGenerateLink'] = \"put this string in the existing map short code to control this map\";\n\t\t\t  <\/script>\n\n\n\t\t\t  <script type=\"text\/javascript\">\n\t\t\t  vectorM['map_ol3js_1'] = [];\n\t        \n        var raster = getTileLayer(\"osm\",\"NoKey\");\t\t\t\n\n\t\t\t  var map_ol3js_1 = new ol.Map({\n\t\t\t\tinteractions: ol.interaction.defaults.defaults({mouseWheelZoom:false}),\n\t\t\t\tlayers: [raster],\n\t\t\t\ttarget: \"map_ol3js_1\",\n\t\t\t\tview: new ol.View({\n\t\t\t\t  center: ol.proj.transform([6.353,45.293], \"EPSG:4326\", \"EPSG:3857\"),\n\t\t\t\t  zoom: 10\n\t\t\t\t})\n\t\t\t  });\n\t\t\t  \n    var style0 = {\n      \"Point\": [new ol.style.Style({\n\n          image: new ol.style.Icon({\n            anchor: [0.5, 41],\n            anchorXUnits: \"fraction\",\n            anchorYUnits: \"pixels\",\n            opacity: 0.75,\n            src: \"https:\/\/centcols.org\/backup\/wp-content\/plugins\/osm\/icons\/mic_blue_pinother_02.png\"\n          })\n      })],\n\n      \"LineString\": [new ol.style.Style({\n        stroke: new ol.style.Stroke({\n          color: \"blue\",\n          width: 8\n        })\n      })],\n      \"MultiLineString\": [new ol.style.Style({\n        stroke: new ol.style.Stroke({\n          color: \"blue\",\n          width: 4\n        })\n      })]\n    };\n\t\t  var vectorL0 = new ol.layer.Vector({\n\t\t\t\tsource: new ol.source.Vector({\n\t\t\t\turl:\"https:\/\/centcols.org\/backup\/wp-content\/uploads\/2015\/07\/Chaussy.gpx\",\n\t\t\t\tformat: new ol.format.GPX({\n\t\t\t\t\textractStyles: false\n\t\t\t\t})\n\t\t\t}),\n\t\t\tzIndex: 92,\n\t\t\tstyle: function(feature, resolution) {return style0[feature.getGeometry().getType()];}\n\t\t  });\n\t\t  map_ol3js_1.addLayer(vectorL0);addControls2Map(map_ol3js_1,0,0,3,0,5,6,7,0,1);\nosm_addPopupClickhandler(map_ol3js_1,  \"map_ol3js_1\"); \nosm_addMouseHover(map_ol3js_1); <\/script>\n<p style=\"text-align: left;\"><a href=\"https:\/\/centcols.org\/backup\/wp-content\/uploads\/2015\/07\/Chaussy.gpx\">t\u00e9l\u00e9charger le fichier GPX<\/a><\/p>\n<h3>Contact<\/h3>\n<p>Bernard Vieillard<\/p>\n<p>04 79 09 16 54<\/p>\n<a href=\"m&#97;ilto:&#98;&#101;r&#101;g7&#51;&#64;or&#97;nge.&#102;&#114;\">&#98;&#101;&#114;&#101;g&#55;3&#64;&#111;ra&#110;&#103;&#101;&#46;&#102;r<\/a>\n<p>&nbsp;<\/p>\n<p><a id=\"Diaporama\"><\/a><a href=\"https:\/\/picasaweb.google.com\/109939753218813523591\/20150620Col_du_Chaussy#\" target=\"_blank\">Diaporama<\/a> de Marc Liaudon (cc 289) et Guy Moreau (cc 7038)<\/p>\n<p><a href=\"https:\/\/picasaweb.google.com\/lh\/sredir?uname=112352312025257270439&amp;target=ALBUM&amp;id=6164181930724707505&amp;authkey=Gv1sRgCNHm0au5172VfA&amp;feat=email\" target=\"_blank\">Daporama<\/a> de <span id=\"yui_3_16_0_1_1435212009862_6087\" style=\"font-size: small;\">Michel Racois \u00a0 (CC 4373)<\/span><\/p>\n","protected":false},"excerpt":{"rendered":"<p>Voir le diaporama de Marc Liaudon (cc 289) et Guy Moreau (cc 7038) r\u00e9alis\u00e9 \u00e0 l&#8217;occasion de cette rencontre Diaporama de Michel Racois (cc 4373) Samedi 20 juin, Alpes Nord, Jura Sud Col du Chaussy (FR-73-1533). Pour ceux qui le d\u00e9sirent, un rendez-vous est propos\u00e9 par R\u00e9gis Paraz \u00e0 8h30 place de la mairie \u00e0 [&hellip;]<\/p>\n","protected":false},"author":2001,"featured_media":0,"comment_status":"closed","ping_status":"closed","sticky":false,"template":"","format":"standard","meta":{"_acf_changed":false,"ub_ctt_via":"","_monsterinsights_skip_tracking":false,"_monsterinsights_sitenote_active":false,"_monsterinsights_sitenote_note":"","_monsterinsights_sitenote_category":0,"footnotes":""},"categories":[13,7],"tags":[],"acf":[],"featured_image_urls":{"full":"","thumbnail":"","medium":"","medium_large":"","large":"","1536x1536":"","2048x2048":"","woocommerce_thumbnail":"","woocommerce_single":"","woocommerce_gallery_thumbnail":""},"post_excerpt_stackable":"<p>Voir le diaporama de Marc Liaudon (cc 289) et Guy Moreau (cc 7038) r\u00e9alis\u00e9 \u00e0 l&#8217;occasion de cette rencontre Diaporama de Michel Racois (cc 4373) Samedi 20 juin, Alpes Nord, Jura Sud Col du Chaussy (FR-73-1533). Pour ceux qui le d\u00e9sirent, un rendez-vous est propos\u00e9 par R\u00e9gis Paraz \u00e0 8h30 place de la mairie \u00e0 La Chambre pour se rendre au col du Chaussy par les lacets de Montvernier avec un petit crochet au col du Ventour (FR-73-0780) Carte Interactive avec le trac\u00e9 GPX t\u00e9l\u00e9charger le fichier GPX Contact Bernard Vieillard 04 79 09 16 54 &#98;&#101;&#114;&#101;&#103;&#55;&#51;&#64;o&#114;&#97;ng&#101;&#46;f&#114; &nbsp; Diaporama de\u2026<\/p>\n","category_list":"<a href=\"https:\/\/centcols.org\/backup\/categorie\/rassemblements\/rassemblements-2015\/\" rel=\"category tag\">Les rassemblements de 2015<\/a>, <a href=\"https:\/\/centcols.org\/backup\/categorie\/rassemblements\/\" rel=\"category tag\">Rencontres r\u00e9gionales<\/a>","author_info":{"display_name":"Webmestre","author_link":"https:\/\/centcols.org\/backup\/author\/webmestre\/"},"comments_num":"0 commentaire","featured_image_urls_v2":{"full":"","thumbnail":"","medium":"","medium_large":"","large":"","1536x1536":"","2048x2048":"","woocommerce_thumbnail":"","woocommerce_single":"","woocommerce_gallery_thumbnail":""},"post_excerpt_stackable_v2":"<p>Voir le diaporama de Marc Liaudon (cc 289) et Guy Moreau (cc 7038) r\u00e9alis\u00e9 \u00e0 l&#8217;occasion de cette rencontre Diaporama de Michel Racois (cc 4373) Samedi 20 juin, Alpes Nord, Jura Sud Col du Chaussy (FR-73-1533). Pour ceux qui le d\u00e9sirent, un rendez-vous est propos\u00e9 par R\u00e9gis Paraz \u00e0 8h30 place de la mairie \u00e0 La Chambre pour se rendre au col du Chaussy par les lacets de Montvernier avec un petit crochet au col du Ventour (FR-73-0780) Carte Interactive avec le trac\u00e9 GPX t\u00e9l\u00e9charger le fichier GPX Contact Bernard Vieillard 04 79 09 16 54 &#98;ereg&#55;3&#64;or&#97;nge&#46;f&#114; &nbsp; Diaporama de\u2026<\/p>\n","category_list_v2":"<a href=\"https:\/\/centcols.org\/backup\/categorie\/rassemblements\/rassemblements-2015\/\" rel=\"category tag\">Les rassemblements de 2015<\/a>, <a href=\"https:\/\/centcols.org\/backup\/categorie\/rassemblements\/\" rel=\"category tag\">Rencontres r\u00e9gionales<\/a>","author_info_v2":{"name":"Webmestre","url":"https:\/\/centcols.org\/backup\/author\/webmestre\/"},"comments_num_v2":"0 commentaire","featured_image_src":null,"_links":{"self":[{"href":"https:\/\/centcols.org\/backup\/wp-json\/wp\/v2\/posts\/363"}],"collection":[{"href":"https:\/\/centcols.org\/backup\/wp-json\/wp\/v2\/posts"}],"about":[{"href":"https:\/\/centcols.org\/backup\/wp-json\/wp\/v2\/types\/post"}],"author":[{"embeddable":true,"href":"https:\/\/centcols.org\/backup\/wp-json\/wp\/v2\/users\/2001"}],"replies":[{"embeddable":true,"href":"https:\/\/centcols.org\/backup\/wp-json\/wp\/v2\/comments?post=363"}],"version-history":[{"count":0,"href":"https:\/\/centcols.org\/backup\/wp-json\/wp\/v2\/posts\/363\/revisions"}],"wp:attachment":[{"href":"https:\/\/centcols.org\/backup\/wp-json\/wp\/v2\/media?parent=363"}],"wp:term":[{"taxonomy":"category","embeddable":true,"href":"https:\/\/centcols.org\/backup\/wp-json\/wp\/v2\/categories?post=363"},{"taxonomy":"post_tag","embeddable":true,"href":"https:\/\/centcols.org\/backup\/wp-json\/wp\/v2\/tags?post=363"}],"curies":[{"name":"wp","href":"https:\/\/api.w.org\/{rel}","templated":true}]}}