{"id":365,"date":"2015-04-05T17:19:42","date_gmt":"2015-04-05T15:19:42","guid":{"rendered":"http:\/\/centcols.org\/backup\/?p=365"},"modified":"2015-06-09T11:17:41","modified_gmt":"2015-06-09T09:17:41","slug":"sortie-suisses-2015-col-bretaye","status":"publish","type":"post","link":"https:\/\/centcols.org\/backup\/sortie-suisses-2015-col-bretaye\/","title":{"rendered":"Sortie VTT Cent Cols suisses au Col de Bretaye (CH-VD-1806a) le 25 juillet 2015"},"content":{"rendered":"<p>D\u00e9part de Villars sur Ollon.<br \/>\nRendez-vous au parking du tennis sur la route du col de la Croix.<br \/>\n8h30 pour le caf\u00e9,\u00a0 d\u00e9part \u00e0 9 heures.<br \/>\nParcours de 32 km, 1400 m de d\u00e9nivellation. 9 cols.<\/p>\n<h3>Contact<\/h3>\n<p>Alain Besson, chemin des Coumenets 11. 1000 Lausanne.<br \/>\nT\u00e9l : (00141) 021 544 85 20<\/p>\n<p>Email : <a href=\"&#109;&#97;i&#108;&#116;&#111;:a1be&#115;s&#111;&#110;&#64;g&#109;&#97;il.&#99;&#111;&#109;\">a&#49;b&#101;s&#115;&#111;&#110;&#64;g&#109;ail.co&#109;<\/a><\/p>\n<p><a href=\"https:\/\/centcols.org\/backup\/wp-content\/uploads\/2015\/04\/Villars-Sur-Ollon.jpg\"><img loading=\"lazy\" decoding=\"async\" class=\"alignnone size-medium wp-image-366\" src=\"https:\/\/centcols.org\/backup\/wp-content\/uploads\/2015\/04\/Villars-Sur-Ollon-500x250.jpg\" alt=\"Villars-Sur-Ollon\" width=\"500\" height=\"250\" srcset=\"https:\/\/centcols.org\/backup\/wp-content\/uploads\/2015\/04\/Villars-Sur-Ollon-500x250.jpg 500w, https:\/\/centcols.org\/backup\/wp-content\/uploads\/2015\/04\/Villars-Sur-Ollon-600x300.jpg 600w, https:\/\/centcols.org\/backup\/wp-content\/uploads\/2015\/04\/Villars-Sur-Ollon.jpg 611w\" sizes=\"(max-width: 500px) 100vw, 500px\" \/><\/a><\/p>\n","protected":false},"excerpt":{"rendered":"<p>D\u00e9part de Villars sur Ollon. Rendez-vous au parking du tennis sur la route du col de la Croix. 8h30 pour le caf\u00e9,\u00a0 d\u00e9part \u00e0 9 heures. Parcours de 32 km, 1400 m de d\u00e9nivellation. 9 cols. Contact Alain Besson, chemin des Coumenets 11. 1000 Lausanne. T\u00e9l : (00141) 021 544 85 20 Email :<\/p>\n","protected":false},"author":2001,"featured_media":0,"comment_status":"closed","ping_status":"closed","sticky":false,"template":"","format":"standard","meta":{"_acf_changed":false,"ub_ctt_via":"","_monsterinsights_skip_tracking":false,"_monsterinsights_sitenote_active":false,"_monsterinsights_sitenote_note":"","_monsterinsights_sitenote_category":0,"footnotes":""},"categories":[13,7],"tags":[],"acf":[],"featured_image_urls":{"full":"","thumbnail":"","medium":"","medium_large":"","large":"","1536x1536":"","2048x2048":"","woocommerce_thumbnail":"","woocommerce_single":"","woocommerce_gallery_thumbnail":""},"post_excerpt_stackable":"<p>D\u00e9part de Villars sur Ollon. Rendez-vous au parking du tennis sur la route du col de la Croix. 8h30 pour le caf\u00e9,\u00a0 d\u00e9part \u00e0 9 heures. Parcours de 32 km, 1400 m de d\u00e9nivellation. 9 cols. Contact Alain Besson, chemin des Coumenets 11. 1000 Lausanne. T\u00e9l : (00141) 021 544 85 20 Email : &#97;&#49;&#98;es&#115;o&#110;&#64;&#103;mai&#108;&#46;co&#109;<\/p>\n","category_list":"<a href=\"https:\/\/centcols.org\/backup\/categorie\/rassemblements\/rassemblements-2015\/\" rel=\"category tag\">Les rassemblements de 2015<\/a>, <a href=\"https:\/\/centcols.org\/backup\/categorie\/rassemblements\/\" rel=\"category tag\">Rencontres r\u00e9gionales<\/a>","author_info":{"display_name":"Webmestre","author_link":"https:\/\/centcols.org\/backup\/author\/webmestre\/"},"comments_num":"0 commentaire","featured_image_urls_v2":{"full":"","thumbnail":"","medium":"","medium_large":"","large":"","1536x1536":"","2048x2048":"","woocommerce_thumbnail":"","woocommerce_single":"","woocommerce_gallery_thumbnail":""},"post_excerpt_stackable_v2":"<p>D\u00e9part de Villars sur Ollon. Rendez-vous au parking du tennis sur la route du col de la Croix. 8h30 pour le caf\u00e9,\u00a0 d\u00e9part \u00e0 9 heures. Parcours de 32 km, 1400 m de d\u00e9nivellation. 9 cols. Contact Alain Besson, chemin des Coumenets 11. 1000 Lausanne. T\u00e9l : (00141) 021 544 85 20 Email : &#97;1&#98;&#101;s&#115;&#111;&#110;&#64;gm&#97;&#105;&#108;.&#99;o&#109;<\/p>\n","category_list_v2":"<a href=\"https:\/\/centcols.org\/backup\/categorie\/rassemblements\/rassemblements-2015\/\" rel=\"category tag\">Les rassemblements de 2015<\/a>, <a href=\"https:\/\/centcols.org\/backup\/categorie\/rassemblements\/\" rel=\"category tag\">Rencontres r\u00e9gionales<\/a>","author_info_v2":{"name":"Webmestre","url":"https:\/\/centcols.org\/backup\/author\/webmestre\/"},"comments_num_v2":"0 commentaire","featured_image_src":null,"_links":{"self":[{"href":"https:\/\/centcols.org\/backup\/wp-json\/wp\/v2\/posts\/365"}],"collection":[{"href":"https:\/\/centcols.org\/backup\/wp-json\/wp\/v2\/posts"}],"about":[{"href":"https:\/\/centcols.org\/backup\/wp-json\/wp\/v2\/types\/post"}],"author":[{"embeddable":true,"href":"https:\/\/centcols.org\/backup\/wp-json\/wp\/v2\/users\/2001"}],"replies":[{"embeddable":true,"href":"https:\/\/centcols.org\/backup\/wp-json\/wp\/v2\/comments?post=365"}],"version-history":[{"count":0,"href":"https:\/\/centcols.org\/backup\/wp-json\/wp\/v2\/posts\/365\/revisions"}],"wp:attachment":[{"href":"https:\/\/centcols.org\/backup\/wp-json\/wp\/v2\/media?parent=365"}],"wp:term":[{"taxonomy":"category","embeddable":true,"href":"https:\/\/centcols.org\/backup\/wp-json\/wp\/v2\/categories?post=365"},{"taxonomy":"post_tag","embeddable":true,"href":"https:\/\/centcols.org\/backup\/wp-json\/wp\/v2\/tags?post=365"}],"curies":[{"name":"wp","href":"https:\/\/api.w.org\/{rel}","templated":true}]}}