{"id":36728,"date":"2024-05-07T12:43:11","date_gmt":"2024-05-07T10:43:11","guid":{"rendered":"https:\/\/centcols.org\/backup\/?p=36728"},"modified":"2024-05-07T12:43:13","modified_gmt":"2024-05-07T10:43:13","slug":"sejours-futurs","status":"publish","type":"post","link":"https:\/\/centcols.org\/backup\/sejours-futurs\/","title":{"rendered":"Projets et dates des s\u00e9jours \u00e0 venir"},"content":{"rendered":"<p><strong>Cette rubrique a pour objet de tenir les membres inform\u00e9s des projets de s\u00e9jour \u00e0 venir, quel que soit leur \u00e9tat d&#8217;avancement, et d&#8217;en pr\u00e9ciser les dates lorsqu&#8217;elles sont fix\u00e9es. Cette rubrique est \u00e9tablie par la commission s\u00e9jours et sera mise \u00e0 jour au fil du temps.<\/strong><\/p>\n<p>Les membres du Conseil d\u2019administration dont la commission s\u00e9jours sont toujours ouverts \u00e0 la proposition de futurs s\u00e9jours.<\/p>\n<p>Un s\u00e9jour c\u2019est\u00a0:<\/p>\n<ul>\n<li>Un h\u00e9bergement en chambre double qui offre la pension compl\u00e8te<\/li>\n<li>une r\u00e9gion pourvue de cols<\/li>\n<li>et une petite \u00e9quipe qui veuille s\u2019investir \u00e0 reconnaitre des parcours VTT, \u00e9laborer des circuits route, r\u00e9diger diff\u00e9rents documents (traces GPX, roadbook).<\/li>\n<\/ul>\n<p><strong>S\u00e9jour de printemps 2025<\/strong><\/p>\n<p>Il se d\u00e9roulera du 11 au 18 mai \u00e0 Marina di Massa en Toscane en Italie. Le contrat et le premier acompte sera effectu\u00e9 dans les prochains jours. Nous serons log\u00e9 au village Torre Marina \u00e0 Marina di Massa. Le projet sera g\u00e9r\u00e9 par Enrico Alberini pour la logistique. G\u00e9rard Birelli et Thierry Labour sont charg\u00e9s de la pr\u00e9paration des parcours.<\/p>\n<p><strong>S\u00e9jour d\u2019\u00e9t\u00e9 2025<\/strong><\/p>\n<p>Nous avions envisag\u00e9 de le faire dans la dr\u00f4me proven\u00e7ale \u00e0 Remuzat (comme le s\u00e9jour de printemps 2012). Mais il s&#8217;av\u00e8re que le tarif propos\u00e9 par NEACLUB \u00e9tait particuli\u00e8rement \u00e9lev\u00e9. Apr\u00e8s quelques recherches, nous avons opt\u00e9 pour le Hameau des Oliviers \u00e0 Vaison-la-Romaine. Ce s\u00e9jour se d\u00e9roulera du 30 ao\u00fbt au 06 septembre. Il sera pr\u00e9par\u00e9 par une petite \u00e9quipe : Brigitte et Jean Marie Gilouin, Alain Benoist avec l&#8217;appui de nos membres licenci\u00e9s au club de Vaison-la-Romaine.<\/p>\n<p><strong>S\u00e9jour d\u2019automne 2025<\/strong><\/p>\n<p>La solution \u00e0 Aarau en Suisse, dans la r\u00e9gion d\u2019Argovie au pied du massif du Jura n&#8217;a pas \u00e9t\u00e9 retenue. Compte tenu du succ\u00e8s du s\u00e9jour \u00e0 Autun, nous aurions \u00e9t\u00e9 tr\u00e8s rapidement confront\u00e9 \u00e0 des probl\u00e8mes de capacit\u00e9 de l&#8217;\u00e9tablissement suisse (80 places maximum avec des chambres de 3). Nous avons choisi le village de vacances l&#8217;Escandille \u00e0 Autrans en Is\u00e8re. Il se d\u00e9roulera du 10 au 12 octobre.<\/p>\n<p><strong>S\u00e9jours 2026<\/strong><\/p>\n<p>A ce jour, nous n&#8217;avons aucune proposition.<\/p>\n<p><strong><span style=\"color: #000000;\">\u00a0<\/span><\/strong><\/p>\n","protected":false},"excerpt":{"rendered":"<p>Cette rubrique a pour objet de tenir les membres inform\u00e9s des projets de s\u00e9jour \u00e0 venir, quel que soit leur \u00e9tat d&#8217;avancement, et d&#8217;en pr\u00e9ciser les dates lorsqu&#8217;elles sont fix\u00e9es. Cette rubrique est \u00e9tablie par la commission s\u00e9jours et sera mise \u00e0 jour au fil du temps. Les membres du Conseil d\u2019administration dont la commission [&hellip;]<\/p>\n","protected":false},"author":75,"featured_media":35823,"comment_status":"closed","ping_status":"closed","sticky":false,"template":"","format":"standard","meta":{"_acf_changed":false,"ub_ctt_via":"","_monsterinsights_skip_tracking":false,"_monsterinsights_sitenote_active":false,"_monsterinsights_sitenote_note":"","_monsterinsights_sitenote_category":0,"footnotes":""},"categories":[35],"tags":[],"acf":[],"featured_image_urls":{"full":["https:\/\/centcols.org\/backup\/wp-content\/uploads\/2019\/06\/V1-Nant-.jpg",1200,900,false],"thumbnail":["https:\/\/centcols.org\/backup\/wp-content\/uploads\/2019\/06\/V1-Nant--300x300.jpg",300,300,true],"medium":["https:\/\/centcols.org\/backup\/wp-content\/uploads\/2019\/06\/V1-Nant--500x375.jpg",500,375,true],"medium_large":["https:\/\/centcols.org\/backup\/wp-content\/uploads\/2019\/06\/V1-Nant--768x576.jpg",768,576,true],"large":["https:\/\/centcols.org\/backup\/wp-content\/uploads\/2019\/06\/V1-Nant--1200x900.jpg",1200,900,true],"1536x1536":["https:\/\/centcols.org\/backup\/wp-content\/uploads\/2019\/06\/V1-Nant-.jpg",1200,900,false],"2048x2048":["https:\/\/centcols.org\/backup\/wp-content\/uploads\/2019\/06\/V1-Nant-.jpg",1200,900,false],"woocommerce_thumbnail":["https:\/\/centcols.org\/backup\/wp-content\/uploads\/2019\/06\/V1-Nant--300x300.jpg",300,300,true],"woocommerce_single":["https:\/\/centcols.org\/backup\/wp-content\/uploads\/2019\/06\/V1-Nant--600x450.jpg",600,450,true],"woocommerce_gallery_thumbnail":["https:\/\/centcols.org\/backup\/wp-content\/uploads\/2019\/06\/V1-Nant--100x100.jpg",100,100,true]},"post_excerpt_stackable":"<p>Cette rubrique a pour objet de tenir les membres inform\u00e9s des projets de s\u00e9jour \u00e0 venir, quel que soit leur \u00e9tat d&#8217;avancement, et d&#8217;en pr\u00e9ciser les dates lorsqu&#8217;elles sont fix\u00e9es. Cette rubrique est \u00e9tablie par la commission s\u00e9jours et sera mise \u00e0 jour au fil du temps. Les membres du Conseil d\u2019administration dont la commission s\u00e9jours sont toujours ouverts \u00e0 la proposition de futurs s\u00e9jours. Un s\u00e9jour c\u2019est\u00a0: Un h\u00e9bergement en chambre double qui offre la pension compl\u00e8te une r\u00e9gion pourvue de cols et une petite \u00e9quipe qui veuille s\u2019investir \u00e0 reconnaitre des parcours VTT, \u00e9laborer des circuits route, r\u00e9diger\u2026<\/p>\n","category_list":"<a href=\"https:\/\/centcols.org\/backup\/categorie\/sejours\/\" rel=\"category tag\">S\u00e9jours<\/a>","author_info":{"display_name":"Christophe Badonnel","author_link":"https:\/\/centcols.org\/backup\/author\/5799\/"},"comments_num":"0 commentaire","featured_image_urls_v2":{"full":["https:\/\/centcols.org\/backup\/wp-content\/uploads\/2019\/06\/V1-Nant-.jpg",1200,900,false],"thumbnail":["https:\/\/centcols.org\/backup\/wp-content\/uploads\/2019\/06\/V1-Nant--300x300.jpg",300,300,true],"medium":["https:\/\/centcols.org\/backup\/wp-content\/uploads\/2019\/06\/V1-Nant--500x375.jpg",500,375,true],"medium_large":["https:\/\/centcols.org\/backup\/wp-content\/uploads\/2019\/06\/V1-Nant--768x576.jpg",768,576,true],"large":["https:\/\/centcols.org\/backup\/wp-content\/uploads\/2019\/06\/V1-Nant--1200x900.jpg",1200,900,true],"1536x1536":["https:\/\/centcols.org\/backup\/wp-content\/uploads\/2019\/06\/V1-Nant-.jpg",1200,900,false],"2048x2048":["https:\/\/centcols.org\/backup\/wp-content\/uploads\/2019\/06\/V1-Nant-.jpg",1200,900,false],"woocommerce_thumbnail":["https:\/\/centcols.org\/backup\/wp-content\/uploads\/2019\/06\/V1-Nant--300x300.jpg",300,300,true],"woocommerce_single":["https:\/\/centcols.org\/backup\/wp-content\/uploads\/2019\/06\/V1-Nant--600x450.jpg",600,450,true],"woocommerce_gallery_thumbnail":["https:\/\/centcols.org\/backup\/wp-content\/uploads\/2019\/06\/V1-Nant--100x100.jpg",100,100,true]},"post_excerpt_stackable_v2":"<p>Cette rubrique a pour objet de tenir les membres inform\u00e9s des projets de s\u00e9jour \u00e0 venir, quel que soit leur \u00e9tat d&#8217;avancement, et d&#8217;en pr\u00e9ciser les dates lorsqu&#8217;elles sont fix\u00e9es. Cette rubrique est \u00e9tablie par la commission s\u00e9jours et sera mise \u00e0 jour au fil du temps. Les membres du Conseil d\u2019administration dont la commission s\u00e9jours sont toujours ouverts \u00e0 la proposition de futurs s\u00e9jours. Un s\u00e9jour c\u2019est\u00a0: Un h\u00e9bergement en chambre double qui offre la pension compl\u00e8te une r\u00e9gion pourvue de cols et une petite \u00e9quipe qui veuille s\u2019investir \u00e0 reconnaitre des parcours VTT, \u00e9laborer des circuits route, r\u00e9diger\u2026<\/p>\n","category_list_v2":"<a href=\"https:\/\/centcols.org\/backup\/categorie\/sejours\/\" rel=\"category tag\">S\u00e9jours<\/a>","author_info_v2":{"name":"Christophe Badonnel","url":"https:\/\/centcols.org\/backup\/author\/5799\/"},"comments_num_v2":"0 commentaire","featured_image_src":"https:\/\/centcols.org\/backup\/wp-content\/uploads\/2019\/06\/V1-Nant-.jpg","_links":{"self":[{"href":"https:\/\/centcols.org\/backup\/wp-json\/wp\/v2\/posts\/36728"}],"collection":[{"href":"https:\/\/centcols.org\/backup\/wp-json\/wp\/v2\/posts"}],"about":[{"href":"https:\/\/centcols.org\/backup\/wp-json\/wp\/v2\/types\/post"}],"author":[{"embeddable":true,"href":"https:\/\/centcols.org\/backup\/wp-json\/wp\/v2\/users\/75"}],"replies":[{"embeddable":true,"href":"https:\/\/centcols.org\/backup\/wp-json\/wp\/v2\/comments?post=36728"}],"version-history":[{"count":0,"href":"https:\/\/centcols.org\/backup\/wp-json\/wp\/v2\/posts\/36728\/revisions"}],"wp:featuredmedia":[{"embeddable":true,"href":"https:\/\/centcols.org\/backup\/wp-json\/wp\/v2\/media\/35823"}],"wp:attachment":[{"href":"https:\/\/centcols.org\/backup\/wp-json\/wp\/v2\/media?parent=36728"}],"wp:term":[{"taxonomy":"category","embeddable":true,"href":"https:\/\/centcols.org\/backup\/wp-json\/wp\/v2\/categories?post=36728"},{"taxonomy":"post_tag","embeddable":true,"href":"https:\/\/centcols.org\/backup\/wp-json\/wp\/v2\/tags?post=36728"}],"curies":[{"name":"wp","href":"https:\/\/api.w.org\/{rel}","templated":true}]}}