{"id":36878,"date":"2019-11-28T17:20:00","date_gmt":"2019-11-28T16:20:00","guid":{"rendered":"https:\/\/centcols.org\/backup\/?p=36878"},"modified":"2020-07-04T06:49:50","modified_gmt":"2020-07-04T04:49:50","slug":"raduno-2020","status":"publish","type":"post","link":"https:\/\/centcols.org\/backup\/raduno-2020\/","title":{"rendered":"Raduno italiano 2020 &#8211; Annul\u00e9"},"content":{"rendered":"<h3>C&#8217;est annul\u00e9 en raison de la situation sanitaire<\/h3>\n<p><span style=\"font-size: medium;\"><b>Le Raduno italien du Club des Cent Cols se tiendra \u00e0 Monasterolo del Castello (BG), pr\u00e8s du Lac d\u2019Endine, Bergame.\u00a0 La date sera fix\u00e8 en fonction de l\u2019\u00e9volution de la pand\u00e9mie de Covid-19<\/b><\/span><\/p>\n<p><span style=\"color: #000000;\"><span style=\"font-family: Arial, serif;\"><span style=\"font-size: small;\"><b><br \/>\nIndirizzo : <\/b><\/span><\/span><span style=\"font-family: Arial, serif;\"><span style=\"font-size: small;\">Via Montegrappa, 41, 24060 Monasterolo del Castello BG<br \/>\n<\/span><\/span><span style=\"font-family: Arial, serif;\"><span style=\"font-size: small;\"><b>Telefono : <\/b><\/span><\/span><\/span><span style=\"font-family: Arial, serif;\"><span style=\"font-size: small;\"><span style=\"color: #000000;\">+39 035 814513<\/span><br \/>\n<\/span><\/span><span style=\"font-family: Arial, serif;\"><span style=\"font-size: small;\"><b>email : <\/b><\/span><\/span><span style=\"font-family: Arial, serif;\"><span style=\"font-size: small;\">info@locandadelboscaiolo.it<br \/>\n<strong>H\u00f4tel : <a href=\"https:\/\/www.google.com\/search?q=locanda+del+boscaiolo&amp;rlz=1C1CHMO_enIT507IT511&amp;oq=locanda+del+&amp;aqs=chrome.3.69i57j0l2j35i39j0l4.7026j0j8&amp;sourceid=chrome&amp;ie=UTF-8\" target=\"_blank\" rel=\"noopener noreferrer\">Locanda Del Boscaiolo di Pettini Mario<\/a><\/strong><br \/>\n<\/span><\/span><\/p>\n<div id='gallery-1' class='gallery galleryid-36878 gallery-columns-2 gallery-size-full'><dl class='gallery-item'>\n\t\t\t<dt class='gallery-icon landscape'>\n\t\t\t\t<a href='https:\/\/centcols.org\/backup\/raduno-2020\/focellino-bianzana_cat\/'><img loading=\"lazy\" decoding=\"async\" width=\"800\" height=\"562\" src=\"https:\/\/centcols.org\/backup\/wp-content\/uploads\/2019\/11\/focellino-bianzana_cat.jpg\" class=\"attachment-full size-full\" alt=\"\" aria-describedby=\"gallery-1-37685\" srcset=\"https:\/\/centcols.org\/backup\/wp-content\/uploads\/2019\/11\/focellino-bianzana_cat.jpg 800w, https:\/\/centcols.org\/backup\/wp-content\/uploads\/2019\/11\/focellino-bianzana_cat-600x422.jpg 600w, https:\/\/centcols.org\/backup\/wp-content\/uploads\/2019\/11\/focellino-bianzana_cat-500x351.jpg 500w, https:\/\/centcols.org\/backup\/wp-content\/uploads\/2019\/11\/focellino-bianzana_cat-768x540.jpg 768w\" sizes=\"(max-width: 800px) 100vw, 800px\" \/><\/a>\n\t\t\t<\/dt>\n\t\t\t\t<dd class='wp-caption-text gallery-caption' id='gallery-1-37685'>\n\t\t\t\tForcellino Bianzano\n\t\t\t\t<\/dd><\/dl><dl class='gallery-item'>\n\t\t\t<dt class='gallery-icon landscape'>\n\t\t\t\t<a href='https:\/\/centcols.org\/backup\/raduno-2020\/lago-endine\/'><img loading=\"lazy\" decoding=\"async\" width=\"1024\" height=\"685\" src=\"https:\/\/centcols.org\/backup\/wp-content\/uploads\/2019\/11\/lago-endine.jpg\" class=\"attachment-full size-full\" alt=\"\" aria-describedby=\"gallery-1-37690\" srcset=\"https:\/\/centcols.org\/backup\/wp-content\/uploads\/2019\/11\/lago-endine.jpg 1024w, https:\/\/centcols.org\/backup\/wp-content\/uploads\/2019\/11\/lago-endine-600x401.jpg 600w, https:\/\/centcols.org\/backup\/wp-content\/uploads\/2019\/11\/lago-endine-500x334.jpg 500w, https:\/\/centcols.org\/backup\/wp-content\/uploads\/2019\/11\/lago-endine-768x514.jpg 768w\" sizes=\"(max-width: 1024px) 100vw, 1024px\" \/><\/a>\n\t\t\t<\/dt>\n\t\t\t\t<dd class='wp-caption-text gallery-caption' id='gallery-1-37690'>\n\t\t\t\tLago Endine\n\t\t\t\t<\/dd><\/dl><br style=\"clear: both\" \/>\n\t\t<\/div>\n\n<p><span style=\"color: #222222;\"><span style=\"font-family: Arial, serif;\"><span style=\"font-size: medium;\">Sono state concordate le seguenti condizioni, ciascun partecipante dovr\u00e0 provvedere personalmente alla prenotazione:<\/span><\/span><\/span><span style=\"font-size: large;\"><br \/>\n&#8211;\u00a0<\/span><span style=\"color: #222222;\"><span style=\"font-family: Arial, serif;\"><span style=\"font-size: medium;\">Pacchetto in camera singola \u20ac 93,00 compreso pernottamento, cena e prima colazione<br \/>\n&#8211;\u00a0<\/span><\/span><\/span><span style=\"color: #222222;\"><span style=\"font-family: Arial, serif;\"><span style=\"font-size: medium;\">Pacchetto in camera doppia uso singola \u20ac 103,00 compreso pernottamento, cena e prima colazione<br \/>\n&#8211;\u00a0<\/span><\/span><\/span><span style=\"color: #222222;\"><span style=\"font-family: Arial, serif;\"><span style=\"font-size: medium;\">Pacchetto in camera doppia \u20ac 75,00 a persona compreso pernottamento, cena e prima colazione<\/span><\/span><\/span><\/p>\n<p><span style=\"color: #222222;\"><span style=\"font-family: Arial, serif;\"><span style=\"font-size: medium;\">Disponibilit\u00e0 del parcheggio per i partecipanti<br \/>\n<\/span><\/span><\/span><span style=\"color: #222222;\"><span style=\"font-family: Arial, serif;\"><span style=\"font-size: medium;\">Cena sociale del sabato sera 23 maggio al costo di \u20ac 35,00<\/span><\/span><\/span><\/p>\n<p><span style=\"font-size: medium;\"><b>*Sono previsti due giri su strada e due giri MTB, il sabato e la domenica, i percorsi verranno pubblicati pi\u00f9 avanti.<br \/>\n*<\/b><\/span><span style=\"font-size: medium;\"><b>Giro MTB sabato 23, partenza comune ore 10,30 dall&#8217;Hotel<br \/>\n*<\/b><\/span><span style=\"font-size: medium;\"><b>Giro MTB domenica 24, partenza comune ore 8,45 dall&#8217;Hotel<\/b><\/span><\/p>\n<p>Demi-pension (chambre, d\u00eener, petit d\u00e9jeuner) :<br \/>\n&#8211; Chambre solo <span style=\"color: #222222;\"><span style=\"font-family: Arial, serif;\"><span style=\"font-size: medium;\"><span lang=\"fr-FR\">: 93,00 \u20ac<br \/>\n&#8211; Chambre 2 personnes : 103,00 \u20ac<br \/>\n&#8211; Chambre 2 lits : 75,00 \u20ac par personne<\/span><\/span><\/span><\/span><\/p>\n<p><span style=\"color: #222222;\"><span style=\"font-family: Arial, serif;\"><span style=\"font-size: medium;\"><span lang=\"fr-FR\">Parking disponible pour les participants.<br \/>\n<\/span><\/span><\/span><\/span><span style=\"color: #222222;\"><span style=\"font-family: Arial, serif;\"><span style=\"font-size: medium;\"><span lang=\"fr-FR\">D\u00eener du samedi soir 23 mai : 35,00 \u20ac<\/span><\/span><\/span><\/span><\/p>\n<p><b>2 parcours routiers et 2 parcours VTT sont pr\u00e9vus pour le samedi et le dimanche, les circuits seront\u00a0 bient\u00f4t disponibles<br \/>\n&#8211; Parcours<\/b><b> VTT samedi,\u00a0 d\u00e9part 10 h 30 de l&#8217;h\u00f4tel<br \/>\n&#8211; Parcours<\/b><b> VTT dimanche, d\u00e9part 8 h 45 de l&#8217;h\u00f4tel<br \/>\n<\/b><\/p>\n<p><span style=\"color: #222222;\"><span style=\"font-family: Arial, serif;\"><span style=\"font-size: medium;\"><span lang=\"fr-FR\">R\u00e9servation directe \u00e0 l&#8217;h\u00f4tel par mail en pr\u00e9cisant que vous \u00eates membre du club des Cent Cols.<br \/>\n<span style=\"color: #000000;\"><span style=\"font-size: small;\"><b>Indirizzo : <\/b><\/span><span style=\"font-size: small;\">Via Montegrappa, 41, 24060 Monasterolo del Castello BG<br \/>\n<\/span><span style=\"font-size: small;\"><b>Telefono : <\/b><\/span><\/span><span style=\"font-size: small;\"><span style=\"color: #000000;\">+39 035 814513<\/span><br \/>\n<\/span><span style=\"font-size: small;\"><b>email : <\/b><\/span><span style=\"font-size: small;\">info@locandadelboscaiolo.it<br \/>\n<strong>H\u00f4tel : <a href=\"https:\/\/www.google.com\/search?q=locanda+del+boscaiolo&amp;rlz=1C1CHMO_enIT507IT511&amp;oq=locanda+del+&amp;aqs=chrome.3.69i57j0l2j35i39j0l4.7026j0j8&amp;sourceid=chrome&amp;ie=UTF-8\" target=\"_blank\" rel=\"noopener noreferrer\">Locanda Del Boscaiolo di Pettini Mario<\/a><\/strong><\/span><\/span><\/span><\/span><\/span><\/p>\n<div class=\"col-4-4 cf\">\n<h3>Contact<\/h3>\n<p>Luigi Spina<br \/>\n+39 349 416 31 74<br \/>\nluigi.spina@gmx.de<\/p>\n<div style=\"clear: both;\"><\/div>\n<\/div>\n","protected":false},"excerpt":{"rendered":"<p>C&#8217;est annul\u00e9 en raison de la situation sanitaire Le Raduno italien du Club des Cent Cols se tiendra \u00e0 Monasterolo del Castello (BG), pr\u00e8s du Lac d\u2019Endine, Bergame.\u00a0 La date sera fix\u00e8 en fonction de l\u2019\u00e9volution de la pand\u00e9mie de Covid-19 Indirizzo : Via Montegrappa, 41, 24060 Monasterolo del Castello BG Telefono : +39 035 [&hellip;]<\/p>\n","protected":false},"author":147,"featured_media":0,"comment_status":"closed","ping_status":"closed","sticky":false,"template":"","format":"standard","meta":{"_acf_changed":false,"ub_ctt_via":"","_monsterinsights_skip_tracking":false,"_monsterinsights_sitenote_active":false,"_monsterinsights_sitenote_note":"","_monsterinsights_sitenote_category":0,"footnotes":""},"categories":[271],"tags":[],"acf":[],"featured_image_urls":{"full":"","thumbnail":"","medium":"","medium_large":"","large":"","1536x1536":"","2048x2048":"","woocommerce_thumbnail":"","woocommerce_single":"","woocommerce_gallery_thumbnail":""},"post_excerpt_stackable":"<p>C&#8217;est annul\u00e9 en raison de la situation sanitaire Le Raduno italien du Club des Cent Cols se tiendra \u00e0 Monasterolo del Castello (BG), pr\u00e8s du Lac d\u2019Endine, Bergame.\u00a0 La date sera fix\u00e8 en fonction de l\u2019\u00e9volution de la pand\u00e9mie de Covid-19 Indirizzo : Via Montegrappa, 41, 24060 Monasterolo del Castello BG Telefono : +39 035 814513 email : info@locandadelboscaiolo.it H\u00f4tel : Locanda Del Boscaiolo di Pettini Mario Forcellino Bianzano Lago Endine Sono state concordate le seguenti condizioni, ciascun partecipante dovr\u00e0 provvedere personalmente alla prenotazione: &#8211;\u00a0Pacchetto in camera singola \u20ac 93,00 compreso pernottamento, cena e prima colazione &#8211;\u00a0Pacchetto in camera doppia\u2026<\/p>\n","category_list":"<a href=\"https:\/\/centcols.org\/backup\/categorie\/rassemblements\/rassemblements-2020\/\" rel=\"category tag\">Les rassemblements de 2020<\/a>","author_info":{"display_name":"Guy Harl\u00e9","author_link":"https:\/\/centcols.org\/backup\/author\/5193\/"},"comments_num":"0 commentaire","featured_image_urls_v2":{"full":"","thumbnail":"","medium":"","medium_large":"","large":"","1536x1536":"","2048x2048":"","woocommerce_thumbnail":"","woocommerce_single":"","woocommerce_gallery_thumbnail":""},"post_excerpt_stackable_v2":"<p>C&#8217;est annul\u00e9 en raison de la situation sanitaire Le Raduno italien du Club des Cent Cols se tiendra \u00e0 Monasterolo del Castello (BG), pr\u00e8s du Lac d\u2019Endine, Bergame.\u00a0 La date sera fix\u00e8 en fonction de l\u2019\u00e9volution de la pand\u00e9mie de Covid-19 Indirizzo : Via Montegrappa, 41, 24060 Monasterolo del Castello BG Telefono : +39 035 814513 email : info@locandadelboscaiolo.it H\u00f4tel : Locanda Del Boscaiolo di Pettini Mario Forcellino Bianzano Lago Endine Sono state concordate le seguenti condizioni, ciascun partecipante dovr\u00e0 provvedere personalmente alla prenotazione: &#8211;\u00a0Pacchetto in camera singola \u20ac 93,00 compreso pernottamento, cena e prima colazione &#8211;\u00a0Pacchetto in camera doppia\u2026<\/p>\n","category_list_v2":"<a href=\"https:\/\/centcols.org\/backup\/categorie\/rassemblements\/rassemblements-2020\/\" rel=\"category tag\">Les rassemblements de 2020<\/a>","author_info_v2":{"name":"Guy Harl\u00e9","url":"https:\/\/centcols.org\/backup\/author\/5193\/"},"comments_num_v2":"0 commentaire","featured_image_src":null,"_links":{"self":[{"href":"https:\/\/centcols.org\/backup\/wp-json\/wp\/v2\/posts\/36878"}],"collection":[{"href":"https:\/\/centcols.org\/backup\/wp-json\/wp\/v2\/posts"}],"about":[{"href":"https:\/\/centcols.org\/backup\/wp-json\/wp\/v2\/types\/post"}],"author":[{"embeddable":true,"href":"https:\/\/centcols.org\/backup\/wp-json\/wp\/v2\/users\/147"}],"replies":[{"embeddable":true,"href":"https:\/\/centcols.org\/backup\/wp-json\/wp\/v2\/comments?post=36878"}],"version-history":[{"count":0,"href":"https:\/\/centcols.org\/backup\/wp-json\/wp\/v2\/posts\/36878\/revisions"}],"wp:attachment":[{"href":"https:\/\/centcols.org\/backup\/wp-json\/wp\/v2\/media?parent=36878"}],"wp:term":[{"taxonomy":"category","embeddable":true,"href":"https:\/\/centcols.org\/backup\/wp-json\/wp\/v2\/categories?post=36878"},{"taxonomy":"post_tag","embeddable":true,"href":"https:\/\/centcols.org\/backup\/wp-json\/wp\/v2\/tags?post=36878"}],"curies":[{"name":"wp","href":"https:\/\/api.w.org\/{rel}","templated":true}]}}