{"id":36880,"date":"2019-11-28T17:15:00","date_gmt":"2019-11-28T16:15:00","guid":{"rendered":"https:\/\/centcols.org\/backup\/?p=36880"},"modified":"2020-04-18T12:28:57","modified_gmt":"2020-04-18T10:28:57","slug":"charmey-2020","status":"publish","type":"post","link":"https:\/\/centcols.org\/backup\/charmey-2020\/","title":{"rendered":"Charmey, Suisse, sortie VTT, 12 septembre 2020"},"content":{"rendered":"<p>Samedi 12 septembre 2020, Charmey, Suisse<\/p>\n<p>Rendez-vous au parking de la piscine des bains de Charmey \u00e0 9 h 30 pour le caf\u00e9, <strong>d\u00e9part \u00e0 10 h 00<\/strong>.<strong><br \/>\n<\/strong>28 km, 1100 m de d\u00e9nivel\u00e9, 5 cols :<br \/>\n&#8211; Col de Tichenuva (CH-FR-1472)<br \/>\n&#8211; Col de la Chaux du Vent (CH-FR-1428)<br \/>\n&#8211; Col de Plioumont (CH-FR-0915)<br \/>\n&#8211; Col de Montminard (CH-FR-0969)<br \/>\n&#8211; Col de Vounetse (CH-FR-1565)<\/p>\n<p><a href=\"https:\/\/centcols.org\/backup\/wp-content\/uploads\/2018\/12\/charmey.jpg\"><img loading=\"lazy\" decoding=\"async\" class=\"alignnone size-full wp-image-34741\" src=\"https:\/\/centcols.org\/backup\/wp-content\/uploads\/2018\/12\/charmey.jpg\" alt=\"\" width=\"623\" height=\"312\" srcset=\"https:\/\/centcols.org\/backup\/wp-content\/uploads\/2018\/12\/charmey.jpg 623w, https:\/\/centcols.org\/backup\/wp-content\/uploads\/2018\/12\/charmey-600x300.jpg 600w, https:\/\/centcols.org\/backup\/wp-content\/uploads\/2018\/12\/charmey-500x250.jpg 500w\" sizes=\"(max-width: 623px) 100vw, 623px\" \/><\/a><\/p>\n<h3>Contact<\/h3>\n<p>Pierre Mai<br \/>\nVy de Bi\u00e8re 8<br \/>\nCH-1144 Ballens<br \/>\nT\u00e9l : +41 21 807 34 17, mobile: +41 76 498 58 73<br \/>\n<a href=\"ma&#105;&#108;&#116;o:&#112;&#109;ai&#64;b&#108;&#117;e&#119;in.&#99;&#104;\">pmai&#64;&#98;&#108;ue&#119;i&#110;.&#99;h<\/a><\/p>\n","protected":false},"excerpt":{"rendered":"<p>Samedi 12 septembre 2020, Charmey, Suisse Rendez-vous au parking de la piscine des bains de Charmey \u00e0 9 h 30 pour le caf\u00e9, d\u00e9part \u00e0 10 h 00. 28 km, 1100 m de d\u00e9nivel\u00e9, 5 cols : &#8211; Col de Tichenuva (CH-FR-1472) &#8211; Col de la Chaux du Vent (CH-FR-1428) &#8211; Col de Plioumont (CH-FR-0915) [&hellip;]<\/p>\n","protected":false},"author":147,"featured_media":0,"comment_status":"closed","ping_status":"closed","sticky":false,"template":"","format":"standard","meta":{"_acf_changed":false,"ub_ctt_via":"","_monsterinsights_skip_tracking":false,"_monsterinsights_sitenote_active":false,"_monsterinsights_sitenote_note":"","_monsterinsights_sitenote_category":0,"footnotes":""},"categories":[271,7],"tags":[],"acf":[],"featured_image_urls":{"full":"","thumbnail":"","medium":"","medium_large":"","large":"","1536x1536":"","2048x2048":"","woocommerce_thumbnail":"","woocommerce_single":"","woocommerce_gallery_thumbnail":""},"post_excerpt_stackable":"<p>Samedi 12 septembre 2020, Charmey, Suisse Rendez-vous au parking de la piscine des bains de Charmey \u00e0 9 h 30 pour le caf\u00e9, d\u00e9part \u00e0 10 h 00. 28 km, 1100 m de d\u00e9nivel\u00e9, 5 cols : &#8211; Col de Tichenuva (CH-FR-1472) &#8211; Col de la Chaux du Vent (CH-FR-1428) &#8211; Col de Plioumont (CH-FR-0915) &#8211; Col de Montminard (CH-FR-0969) &#8211; Col de Vounetse (CH-FR-1565) Contact Pierre Mai Vy de Bi\u00e8re 8 CH-1144 Ballens T\u00e9l : +41 21 807 34 17, mobile: +41 76 498 58 73 pm&#97;&#105;&#64;bl&#117;e&#119;in.&#99;&#104;<\/p>\n","category_list":"<a href=\"https:\/\/centcols.org\/backup\/categorie\/rassemblements\/rassemblements-2020\/\" rel=\"category tag\">Les rassemblements de 2020<\/a>, <a href=\"https:\/\/centcols.org\/backup\/categorie\/rassemblements\/\" rel=\"category tag\">Rencontres r\u00e9gionales<\/a>","author_info":{"display_name":"Guy Harl\u00e9","author_link":"https:\/\/centcols.org\/backup\/author\/5193\/"},"comments_num":"0 commentaire","featured_image_urls_v2":{"full":"","thumbnail":"","medium":"","medium_large":"","large":"","1536x1536":"","2048x2048":"","woocommerce_thumbnail":"","woocommerce_single":"","woocommerce_gallery_thumbnail":""},"post_excerpt_stackable_v2":"<p>Samedi 12 septembre 2020, Charmey, Suisse Rendez-vous au parking de la piscine des bains de Charmey \u00e0 9 h 30 pour le caf\u00e9, d\u00e9part \u00e0 10 h 00. 28 km, 1100 m de d\u00e9nivel\u00e9, 5 cols : &#8211; Col de Tichenuva (CH-FR-1472) &#8211; Col de la Chaux du Vent (CH-FR-1428) &#8211; Col de Plioumont (CH-FR-0915) &#8211; Col de Montminard (CH-FR-0969) &#8211; Col de Vounetse (CH-FR-1565) Contact Pierre Mai Vy de Bi\u00e8re 8 CH-1144 Ballens T\u00e9l : +41 21 807 34 17, mobile: +41 76 498 58 73 p&#109;a&#105;&#64;&#98;&#108;&#117;ew&#105;n.&#99;&#104;<\/p>\n","category_list_v2":"<a href=\"https:\/\/centcols.org\/backup\/categorie\/rassemblements\/rassemblements-2020\/\" rel=\"category tag\">Les rassemblements de 2020<\/a>, <a href=\"https:\/\/centcols.org\/backup\/categorie\/rassemblements\/\" rel=\"category tag\">Rencontres r\u00e9gionales<\/a>","author_info_v2":{"name":"Guy Harl\u00e9","url":"https:\/\/centcols.org\/backup\/author\/5193\/"},"comments_num_v2":"0 commentaire","featured_image_src":null,"_links":{"self":[{"href":"https:\/\/centcols.org\/backup\/wp-json\/wp\/v2\/posts\/36880"}],"collection":[{"href":"https:\/\/centcols.org\/backup\/wp-json\/wp\/v2\/posts"}],"about":[{"href":"https:\/\/centcols.org\/backup\/wp-json\/wp\/v2\/types\/post"}],"author":[{"embeddable":true,"href":"https:\/\/centcols.org\/backup\/wp-json\/wp\/v2\/users\/147"}],"replies":[{"embeddable":true,"href":"https:\/\/centcols.org\/backup\/wp-json\/wp\/v2\/comments?post=36880"}],"version-history":[{"count":0,"href":"https:\/\/centcols.org\/backup\/wp-json\/wp\/v2\/posts\/36880\/revisions"}],"wp:attachment":[{"href":"https:\/\/centcols.org\/backup\/wp-json\/wp\/v2\/media?parent=36880"}],"wp:term":[{"taxonomy":"category","embeddable":true,"href":"https:\/\/centcols.org\/backup\/wp-json\/wp\/v2\/categories?post=36880"},{"taxonomy":"post_tag","embeddable":true,"href":"https:\/\/centcols.org\/backup\/wp-json\/wp\/v2\/tags?post=36880"}],"curies":[{"name":"wp","href":"https:\/\/api.w.org\/{rel}","templated":true}]}}