{"id":36881,"date":"2019-11-24T10:28:50","date_gmt":"2019-11-24T09:28:50","guid":{"rendered":"https:\/\/centcols.org\/backup\/?p=36881"},"modified":"2020-04-18T12:18:57","modified_gmt":"2020-04-18T10:18:57","slug":"rassemblement-alpes-nord-2020","status":"publish","type":"post","link":"https:\/\/centcols.org\/backup\/rassemblement-alpes-nord-2020\/","title":{"rendered":"Alpes du Nord, Col de la Loze (73), 4 juillet 2020 &#8211; Annul\u00e9"},"content":{"rendered":"<p>Col de la Loze, samedi 4 juillet : Annul\u00e9, report en 2021.<\/p>\n<p>Rendez-vous vers le lac du Praz de Saint-Bon \u00e0 Courchevel<br \/>\nPossibilit\u00e9 de franchir le col de la Loze en effectuant la boucle dans les 2 sens.<\/p>\n<div id=\"lmm_9fe224f6\" style=\"width:100%;\" class=\"mapsmarker markermap marker-15\">\n<div id=\"lmm_panel_9fe224f6\" class=\"lmm-panel\" style=\"background:#efefef;\">\n<div id=\"lmm_panel_api_9fe224f6\" class=\"lmm-panel-api\"><a href=\"https:\/\/maps.google.com\/maps?daddr=45.407640,6.604371&amp;t=m&amp;layer=1&amp;doflg=ptk&amp;om=0\" target=\"_blank\" title=\"Obtenir l&#039;itin\u00e9raire\"><img loading=\"lazy\" decoding=\"async\" alt=\"icon-car.png\" src=\"https:\/\/centcols.org\/backup\/wp-content\/plugins\/leaflet-maps-marker\/inc\/img\/icon-car.png\" width=\"14\" height=\"14\" class=\"lmm-panel-api-images\" \/><\/a><\/div><div id=\"lmm_panel_text_9fe224f6\" class=\"lmm-panel-text\" style=\"font-weight:bold;color:#373737;\">Col de la Loze<\/div><\/div>\n<div id=\"lmm_map_9fe224f6\" class=\"lmm-map\" style=\"background:#f6f6f6;border:1px solid #ccc;height:480px; overflow:hidden;padding:0;\"><p style=\"font-size:80%;color:#9f9e9e;margin-left:5px;\">chargement de la carte - veuillez patienter...<noscript><br\/><strong>La carte ne peut \u00eatre charg\u00e9e - s'il vous pla\u00eet activer Javascript !<\/strong><br\/><a style=\"text-decoration:none;\" href=\"https:\/\/www.mapsmarker.com\/js-disabled\" target=\"_blank\">&rarr; plus dginformations<\/a><\/noscript><\/p><\/div>\n<div id=\"lmm_geo_tags_9fe224f6\" class=\"lmm-geo-tags geo\">\n<span class=\"paneltext\">Col de la Loze<\/span>\n<span class=\"latitude\">45.407640<\/span>, <span class=\"longitude\">6.604371<\/span>\n<span class=\"popuptext\">Col de la Loze<\/span>\n<\/div>\n<\/div>\n<h3>Contact<\/h3>\n<p>Bernard Vieillard<br \/>\n+334 79 09 16 54 &#8211; +337 86 15 40 13<br \/>\n<a href=\"&#109;&#97;ilt&#111;&#58;d&#116;0&#52;E&#64;&#99;e&#110;tcol&#115;.ne&#116;\">&#100;&#116;04E&#64;&#99;&#101;n&#116;co&#108;s.&#110;&#101;t<\/a><\/p>\n","protected":false},"excerpt":{"rendered":"<p>Col de la Loze, samedi 4 juillet : Annul\u00e9, report en 2021. Rendez-vous vers le lac du Praz de Saint-Bon \u00e0 Courchevel Possibilit\u00e9 de franchir le col de la Loze en effectuant la boucle dans les 2 sens. Contact Bernard Vieillard +334 79 09 16 54 &#8211; +337 86 15 40 13<\/p>\n","protected":false},"author":147,"featured_media":0,"comment_status":"closed","ping_status":"closed","sticky":false,"template":"","format":"standard","meta":{"_acf_changed":false,"ub_ctt_via":"","_monsterinsights_skip_tracking":false,"_monsterinsights_sitenote_active":false,"_monsterinsights_sitenote_note":"","_monsterinsights_sitenote_category":0,"footnotes":""},"categories":[271,7],"tags":[],"acf":[],"featured_image_urls":{"full":"","thumbnail":"","medium":"","medium_large":"","large":"","1536x1536":"","2048x2048":"","woocommerce_thumbnail":"","woocommerce_single":"","woocommerce_gallery_thumbnail":""},"post_excerpt_stackable":"<p>Col de la Loze, samedi 4 juillet : Annul\u00e9, report en 2021. Rendez-vous vers le lac du Praz de Saint-Bon \u00e0 Courchevel Possibilit\u00e9 de franchir le col de la Loze en effectuant la boucle dans les 2 sens. Col de la Loze chargement de la carte &#8211; veuillez patienter&#8230;La carte ne peut \u00eatre charg\u00e9e &#8211; s&#8217;il vous pla\u00eet activer Javascript !&rarr; plus dginformations Col de la Loze 45.407640, 6.604371 Col de la Loze Contact Bernard Vieillard +334 79 09 16 54 &#8211; +337 86 15 40 13 &#100;&#116;04&#69;&#64;c&#101;nt&#99;o&#108;&#115;&#46;&#110;&#101;&#116;<\/p>\n","category_list":"<a href=\"https:\/\/centcols.org\/backup\/categorie\/rassemblements\/rassemblements-2020\/\" rel=\"category tag\">Les rassemblements de 2020<\/a>, <a href=\"https:\/\/centcols.org\/backup\/categorie\/rassemblements\/\" rel=\"category tag\">Rencontres r\u00e9gionales<\/a>","author_info":{"display_name":"Guy Harl\u00e9","author_link":"https:\/\/centcols.org\/backup\/author\/5193\/"},"comments_num":"0 commentaire","featured_image_urls_v2":{"full":"","thumbnail":"","medium":"","medium_large":"","large":"","1536x1536":"","2048x2048":"","woocommerce_thumbnail":"","woocommerce_single":"","woocommerce_gallery_thumbnail":""},"post_excerpt_stackable_v2":"<p>Col de la Loze, samedi 4 juillet : Annul\u00e9, report en 2021. Rendez-vous vers le lac du Praz de Saint-Bon \u00e0 Courchevel Possibilit\u00e9 de franchir le col de la Loze en effectuant la boucle dans les 2 sens. Col de la Loze chargement de la carte &#8211; veuillez patienter&#8230;La carte ne peut \u00eatre charg\u00e9e &#8211; s&#8217;il vous pla\u00eet activer Javascript !&rarr; plus dginformations Col de la Loze 45.407640, 6.604371 Col de la Loze Contact Bernard Vieillard +334 79 09 16 54 &#8211; +337 86 15 40 13 &#100;&#116;04&#69;&#64;c&#101;nt&#99;&#111;l&#115;.n&#101;&#116;<\/p>\n","category_list_v2":"<a href=\"https:\/\/centcols.org\/backup\/categorie\/rassemblements\/rassemblements-2020\/\" rel=\"category tag\">Les rassemblements de 2020<\/a>, <a href=\"https:\/\/centcols.org\/backup\/categorie\/rassemblements\/\" rel=\"category tag\">Rencontres r\u00e9gionales<\/a>","author_info_v2":{"name":"Guy Harl\u00e9","url":"https:\/\/centcols.org\/backup\/author\/5193\/"},"comments_num_v2":"0 commentaire","featured_image_src":null,"_links":{"self":[{"href":"https:\/\/centcols.org\/backup\/wp-json\/wp\/v2\/posts\/36881"}],"collection":[{"href":"https:\/\/centcols.org\/backup\/wp-json\/wp\/v2\/posts"}],"about":[{"href":"https:\/\/centcols.org\/backup\/wp-json\/wp\/v2\/types\/post"}],"author":[{"embeddable":true,"href":"https:\/\/centcols.org\/backup\/wp-json\/wp\/v2\/users\/147"}],"replies":[{"embeddable":true,"href":"https:\/\/centcols.org\/backup\/wp-json\/wp\/v2\/comments?post=36881"}],"version-history":[{"count":0,"href":"https:\/\/centcols.org\/backup\/wp-json\/wp\/v2\/posts\/36881\/revisions"}],"wp:attachment":[{"href":"https:\/\/centcols.org\/backup\/wp-json\/wp\/v2\/media?parent=36881"}],"wp:term":[{"taxonomy":"category","embeddable":true,"href":"https:\/\/centcols.org\/backup\/wp-json\/wp\/v2\/categories?post=36881"},{"taxonomy":"post_tag","embeddable":true,"href":"https:\/\/centcols.org\/backup\/wp-json\/wp\/v2\/tags?post=36881"}],"curies":[{"name":"wp","href":"https:\/\/api.w.org\/{rel}","templated":true}]}}