{"id":36883,"date":"2019-11-24T10:40:50","date_gmt":"2019-11-24T09:40:50","guid":{"rendered":"https:\/\/centcols.org\/backup\/?p=36883"},"modified":"2020-07-12T18:30:13","modified_gmt":"2020-07-12T16:30:13","slug":"saanen-2020","status":"publish","type":"post","link":"https:\/\/centcols.org\/backup\/saanen-2020\/","title":{"rendered":"Saanen, Suisse, sortie VTT, 12 juillet 2020"},"content":{"rendered":"<p>Dimanche 12 juillet 2020, Saanen, Suisse<\/p>\n<p>Rendez-vous parking du terrain de football \u00e0 8h30 pour le caf\u00e9, <strong>d\u00e9part \u00e0 9 h 00<br \/>\n<\/strong>30 km, 1100 m de d\u00e9nivel\u00e9, 6 cols :<br \/>\n&#8211; Col des Mosses de Gessenay (CH-BE-1281)<br \/>\n&#8211; Planisattel (CH-BE-1812)<br \/>\n&#8211; Aherlisbode (CH-BE-1810)<br \/>\n&#8211; Vordere Schneit (CH-BE-1769)<br \/>\n&#8211; Grubenbergpass (CH-BE-1633)<br \/>\n&#8211;\u00a0Unter Port (CH-BE-1151)<\/p>\n<p><a href=\"https:\/\/centcols.org\/backup\/wp-content\/uploads\/2019\/11\/saanen.png\"><img loading=\"lazy\" decoding=\"async\" class=\"alignnone size-medium wp-image-36885\" src=\"https:\/\/centcols.org\/backup\/wp-content\/uploads\/2019\/11\/saanen-500x328.png\" alt=\"\" width=\"500\" height=\"328\" srcset=\"https:\/\/centcols.org\/backup\/wp-content\/uploads\/2019\/11\/saanen-500x328.png 500w, https:\/\/centcols.org\/backup\/wp-content\/uploads\/2019\/11\/saanen-600x394.png 600w, https:\/\/centcols.org\/backup\/wp-content\/uploads\/2019\/11\/saanen.png 717w\" sizes=\"(max-width: 500px) 100vw, 500px\" \/><\/a><\/p>\n<h3>Contact<\/h3>\n<p>Christian Binggeli<br \/>\nchemin du Jura 1<br \/>\nCH-1135 Denens<br \/>\nT\u00e9l :\u00a0(0041) 021 801 01 75\u00a0 Natel\u00a0: 0041 078 723 11 33<br \/>\nc&amp;tbinggeli@bluewin.ch<\/p>\n","protected":false},"excerpt":{"rendered":"<p>Dimanche 12 juillet 2020, Saanen, Suisse Rendez-vous parking du terrain de football \u00e0 8h30 pour le caf\u00e9, d\u00e9part \u00e0 9 h 00 30 km, 1100 m de d\u00e9nivel\u00e9, 6 cols : &#8211; Col des Mosses de Gessenay (CH-BE-1281) &#8211; Planisattel (CH-BE-1812) &#8211; Aherlisbode (CH-BE-1810) &#8211; Vordere Schneit (CH-BE-1769) &#8211; Grubenbergpass (CH-BE-1633) &#8211;\u00a0Unter Port (CH-BE-1151) Contact [&hellip;]<\/p>\n","protected":false},"author":147,"featured_media":0,"comment_status":"closed","ping_status":"closed","sticky":false,"template":"","format":"standard","meta":{"_acf_changed":false,"ub_ctt_via":"","_monsterinsights_skip_tracking":false,"_monsterinsights_sitenote_active":false,"_monsterinsights_sitenote_note":"","_monsterinsights_sitenote_category":0,"footnotes":""},"categories":[271,7],"tags":[],"acf":[],"featured_image_urls":{"full":"","thumbnail":"","medium":"","medium_large":"","large":"","1536x1536":"","2048x2048":"","woocommerce_thumbnail":"","woocommerce_single":"","woocommerce_gallery_thumbnail":""},"post_excerpt_stackable":"<p>Dimanche 12 juillet 2020, Saanen, Suisse Rendez-vous parking du terrain de football \u00e0 8h30 pour le caf\u00e9, d\u00e9part \u00e0 9 h 00 30 km, 1100 m de d\u00e9nivel\u00e9, 6 cols : &#8211; Col des Mosses de Gessenay (CH-BE-1281) &#8211; Planisattel (CH-BE-1812) &#8211; Aherlisbode (CH-BE-1810) &#8211; Vordere Schneit (CH-BE-1769) &#8211; Grubenbergpass (CH-BE-1633) &#8211;\u00a0Unter Port (CH-BE-1151) Contact Christian Binggeli chemin du Jura 1 CH-1135 Denens T\u00e9l :\u00a0(0041) 021 801 01 75\u00a0 Natel\u00a0: 0041 078 723 11 33 c&amp;tbinggeli@bluewin.ch<\/p>\n","category_list":"<a href=\"https:\/\/centcols.org\/backup\/categorie\/rassemblements\/rassemblements-2020\/\" rel=\"category tag\">Les rassemblements de 2020<\/a>, <a href=\"https:\/\/centcols.org\/backup\/categorie\/rassemblements\/\" rel=\"category tag\">Rencontres r\u00e9gionales<\/a>","author_info":{"display_name":"Guy Harl\u00e9","author_link":"https:\/\/centcols.org\/backup\/author\/5193\/"},"comments_num":"0 commentaire","featured_image_urls_v2":{"full":"","thumbnail":"","medium":"","medium_large":"","large":"","1536x1536":"","2048x2048":"","woocommerce_thumbnail":"","woocommerce_single":"","woocommerce_gallery_thumbnail":""},"post_excerpt_stackable_v2":"<p>Dimanche 12 juillet 2020, Saanen, Suisse Rendez-vous parking du terrain de football \u00e0 8h30 pour le caf\u00e9, d\u00e9part \u00e0 9 h 00 30 km, 1100 m de d\u00e9nivel\u00e9, 6 cols : &#8211; Col des Mosses de Gessenay (CH-BE-1281) &#8211; Planisattel (CH-BE-1812) &#8211; Aherlisbode (CH-BE-1810) &#8211; Vordere Schneit (CH-BE-1769) &#8211; Grubenbergpass (CH-BE-1633) &#8211;\u00a0Unter Port (CH-BE-1151) Contact Christian Binggeli chemin du Jura 1 CH-1135 Denens T\u00e9l :\u00a0(0041) 021 801 01 75\u00a0 Natel\u00a0: 0041 078 723 11 33 c&amp;tbinggeli@bluewin.ch<\/p>\n","category_list_v2":"<a href=\"https:\/\/centcols.org\/backup\/categorie\/rassemblements\/rassemblements-2020\/\" rel=\"category tag\">Les rassemblements de 2020<\/a>, <a href=\"https:\/\/centcols.org\/backup\/categorie\/rassemblements\/\" rel=\"category tag\">Rencontres r\u00e9gionales<\/a>","author_info_v2":{"name":"Guy Harl\u00e9","url":"https:\/\/centcols.org\/backup\/author\/5193\/"},"comments_num_v2":"0 commentaire","featured_image_src":null,"_links":{"self":[{"href":"https:\/\/centcols.org\/backup\/wp-json\/wp\/v2\/posts\/36883"}],"collection":[{"href":"https:\/\/centcols.org\/backup\/wp-json\/wp\/v2\/posts"}],"about":[{"href":"https:\/\/centcols.org\/backup\/wp-json\/wp\/v2\/types\/post"}],"author":[{"embeddable":true,"href":"https:\/\/centcols.org\/backup\/wp-json\/wp\/v2\/users\/147"}],"replies":[{"embeddable":true,"href":"https:\/\/centcols.org\/backup\/wp-json\/wp\/v2\/comments?post=36883"}],"version-history":[{"count":0,"href":"https:\/\/centcols.org\/backup\/wp-json\/wp\/v2\/posts\/36883\/revisions"}],"wp:attachment":[{"href":"https:\/\/centcols.org\/backup\/wp-json\/wp\/v2\/media?parent=36883"}],"wp:term":[{"taxonomy":"category","embeddable":true,"href":"https:\/\/centcols.org\/backup\/wp-json\/wp\/v2\/categories?post=36883"},{"taxonomy":"post_tag","embeddable":true,"href":"https:\/\/centcols.org\/backup\/wp-json\/wp\/v2\/tags?post=36883"}],"curies":[{"name":"wp","href":"https:\/\/api.w.org\/{rel}","templated":true}]}}