{"id":36891,"date":"2019-11-24T11:05:06","date_gmt":"2019-11-24T10:05:06","guid":{"rendered":"https:\/\/centcols.org\/backup\/?p=36891"},"modified":"2019-11-27T11:35:00","modified_gmt":"2019-11-27T10:35:00","slug":"gstaad-2020","status":"publish","type":"post","link":"https:\/\/centcols.org\/backup\/gstaad-2020\/","title":{"rendered":"Gstaad, Suisse, sortie VTT, 25 juillet 2020"},"content":{"rendered":"<p>Samedi 25 juillet 2020, Gstaad, Suisse<\/p>\n<p><span lang=\"FR\">Rendez-vous au parking du t\u00e9l\u00e9ph\u00e9rique du Wispile \u00e0 8 h 30 pour le caf\u00e9,<strong> d\u00e9part \u00e0 9 h 00<br \/>\n<\/strong>22 km, 950 m de d\u00e9nivel\u00e9, 3 cols :<br \/>\n&#8211; Col de Jable (CH-BE-1884)<br \/>\n&#8211; Trittlisattel (CH-BE-1850c)<br \/>\n&#8211; Col de Wild Boden (CH-BE-1651)<\/span><\/p>\n<p><a href=\"https:\/\/centcols.org\/backup\/wp-content\/uploads\/2019\/11\/gstaad.png\"><img loading=\"lazy\" decoding=\"async\" class=\"alignnone size-medium wp-image-36892\" src=\"https:\/\/centcols.org\/backup\/wp-content\/uploads\/2019\/11\/gstaad-500x304.png\" alt=\"\" width=\"500\" height=\"304\" srcset=\"https:\/\/centcols.org\/backup\/wp-content\/uploads\/2019\/11\/gstaad-500x304.png 500w, https:\/\/centcols.org\/backup\/wp-content\/uploads\/2019\/11\/gstaad-600x364.png 600w, https:\/\/centcols.org\/backup\/wp-content\/uploads\/2019\/11\/gstaad.png 741w\" sizes=\"(max-width: 500px) 100vw, 500px\" \/><\/a><\/p>\n<h3>Contact<\/h3>\n<p>Alain Besson<br \/>\nChemin des Coumenets 11<br \/>\nCH-1000 Lausanne<br \/>\nT\u00e9l : (0041) 021 544 85 20\u00a0\u00a0 Natel : (00 41) 079 612 21 17<br \/>\n<a href=\"&#109;&#97;&#105;&#108;&#116;&#111;&#58;a&#49;&#98;ess&#111;&#110;&#64;&#103;ma&#105;l&#46;&#99;om\">&#97;&#49;&#98;e&#115;&#115;&#111;n&#64;gma&#105;l.c&#111;&#109;<\/a><\/p>\n","protected":false},"excerpt":{"rendered":"<p>Samedi 25 juillet 2020, Gstaad, Suisse Rendez-vous au parking du t\u00e9l\u00e9ph\u00e9rique du Wispile \u00e0 8 h 30 pour le caf\u00e9, d\u00e9part \u00e0 9 h 00 22 km, 950 m de d\u00e9nivel\u00e9, 3 cols : &#8211; Col de Jable (CH-BE-1884) &#8211; Trittlisattel (CH-BE-1850c) &#8211; Col de Wild Boden (CH-BE-1651) Contact Alain Besson Chemin des Coumenets 11 [&hellip;]<\/p>\n","protected":false},"author":147,"featured_media":0,"comment_status":"closed","ping_status":"closed","sticky":false,"template":"","format":"standard","meta":{"_acf_changed":false,"ub_ctt_via":"","_monsterinsights_skip_tracking":false,"_monsterinsights_sitenote_active":false,"_monsterinsights_sitenote_note":"","_monsterinsights_sitenote_category":0,"footnotes":""},"categories":[271,7],"tags":[],"acf":[],"featured_image_urls":{"full":"","thumbnail":"","medium":"","medium_large":"","large":"","1536x1536":"","2048x2048":"","woocommerce_thumbnail":"","woocommerce_single":"","woocommerce_gallery_thumbnail":""},"post_excerpt_stackable":"<p>Samedi 25 juillet 2020, Gstaad, Suisse Rendez-vous au parking du t\u00e9l\u00e9ph\u00e9rique du Wispile \u00e0 8 h 30 pour le caf\u00e9, d\u00e9part \u00e0 9 h 00 22 km, 950 m de d\u00e9nivel\u00e9, 3 cols : &#8211; Col de Jable (CH-BE-1884) &#8211; Trittlisattel (CH-BE-1850c) &#8211; Col de Wild Boden (CH-BE-1651) Contact Alain Besson Chemin des Coumenets 11 CH-1000 Lausanne T\u00e9l : (0041) 021 544 85 20\u00a0\u00a0 Natel : (00 41) 079 612 21 17 &#97;&#49;&#98;&#101;s&#115;&#111;n&#64;g&#109;&#97;i&#108;&#46;com<\/p>\n","category_list":"<a href=\"https:\/\/centcols.org\/backup\/categorie\/rassemblements\/rassemblements-2020\/\" rel=\"category tag\">Les rassemblements de 2020<\/a>, <a href=\"https:\/\/centcols.org\/backup\/categorie\/rassemblements\/\" rel=\"category tag\">Rencontres r\u00e9gionales<\/a>","author_info":{"display_name":"Guy Harl\u00e9","author_link":"https:\/\/centcols.org\/backup\/author\/5193\/"},"comments_num":"0 commentaire","featured_image_urls_v2":{"full":"","thumbnail":"","medium":"","medium_large":"","large":"","1536x1536":"","2048x2048":"","woocommerce_thumbnail":"","woocommerce_single":"","woocommerce_gallery_thumbnail":""},"post_excerpt_stackable_v2":"<p>Samedi 25 juillet 2020, Gstaad, Suisse Rendez-vous au parking du t\u00e9l\u00e9ph\u00e9rique du Wispile \u00e0 8 h 30 pour le caf\u00e9, d\u00e9part \u00e0 9 h 00 22 km, 950 m de d\u00e9nivel\u00e9, 3 cols : &#8211; Col de Jable (CH-BE-1884) &#8211; Trittlisattel (CH-BE-1850c) &#8211; Col de Wild Boden (CH-BE-1651) Contact Alain Besson Chemin des Coumenets 11 CH-1000 Lausanne T\u00e9l : (0041) 021 544 85 20\u00a0\u00a0 Natel : (00 41) 079 612 21 17 a1&#98;&#101;&#115;&#115;&#111;n&#64;g&#109;ail.co&#109;<\/p>\n","category_list_v2":"<a href=\"https:\/\/centcols.org\/backup\/categorie\/rassemblements\/rassemblements-2020\/\" rel=\"category tag\">Les rassemblements de 2020<\/a>, <a href=\"https:\/\/centcols.org\/backup\/categorie\/rassemblements\/\" rel=\"category tag\">Rencontres r\u00e9gionales<\/a>","author_info_v2":{"name":"Guy Harl\u00e9","url":"https:\/\/centcols.org\/backup\/author\/5193\/"},"comments_num_v2":"0 commentaire","featured_image_src":null,"_links":{"self":[{"href":"https:\/\/centcols.org\/backup\/wp-json\/wp\/v2\/posts\/36891"}],"collection":[{"href":"https:\/\/centcols.org\/backup\/wp-json\/wp\/v2\/posts"}],"about":[{"href":"https:\/\/centcols.org\/backup\/wp-json\/wp\/v2\/types\/post"}],"author":[{"embeddable":true,"href":"https:\/\/centcols.org\/backup\/wp-json\/wp\/v2\/users\/147"}],"replies":[{"embeddable":true,"href":"https:\/\/centcols.org\/backup\/wp-json\/wp\/v2\/comments?post=36891"}],"version-history":[{"count":0,"href":"https:\/\/centcols.org\/backup\/wp-json\/wp\/v2\/posts\/36891\/revisions"}],"wp:attachment":[{"href":"https:\/\/centcols.org\/backup\/wp-json\/wp\/v2\/media?parent=36891"}],"wp:term":[{"taxonomy":"category","embeddable":true,"href":"https:\/\/centcols.org\/backup\/wp-json\/wp\/v2\/categories?post=36891"},{"taxonomy":"post_tag","embeddable":true,"href":"https:\/\/centcols.org\/backup\/wp-json\/wp\/v2\/tags?post=36891"}],"curies":[{"name":"wp","href":"https:\/\/api.w.org\/{rel}","templated":true}]}}