{"id":36913,"date":"2019-11-25T11:30:18","date_gmt":"2019-11-25T10:30:18","guid":{"rendered":"https:\/\/centcols.org\/backup\/?p=36913"},"modified":"2019-11-27T11:59:27","modified_gmt":"2019-11-27T10:59:27","slug":"mollendruz-2020","status":"publish","type":"post","link":"https:\/\/centcols.org\/backup\/mollendruz-2020\/","title":{"rendered":"Col du Mollendruz, Suisse, sortie VTT, 8 ao\u00fbt 2020"},"content":{"rendered":"<p>Samedi 8 ao\u00fbt 2020, Col du Mollendruz, Suisse<\/p>\n<p>Rendez-vous au parking du col de Mollendruz \u00e0 8 h 30 pour le caf\u00e9, <strong>d\u00e9part \u00e0 9 h 00<\/strong><strong><br \/>\n<\/strong>40 km, 1100 m de d\u00e9nivel\u00e9, 9 cols :<br \/>\n&#8211; Col du Pr\u00e9 de l&#8217;Haut (CH-VD-1306a)<br \/>\n&#8211; Col des Croisettes (CH-VD-1312)<br \/>\n&#8211; Les Vyfourches (CH-VD-1045)<br \/>\n&#8211; Col du Mont d&#8217;Orzeires (CH-VD-1061)<br \/>\n&#8211; Col des Epoisats (CH-VD-1079)<br \/>\n&#8211; Col du Pl\u00e2ne (CH-VD-1154)<br \/>\n&#8211; Col d&#8217;Agiez (CH-VD-1111)<br \/>\n&#8211; Col de P\u00e9tra F\u00e9lix (CH-VD-1144)<br \/>\n&#8211; Col du Mollendruz (CH-VD-1174a)<\/p>\n<p><a href=\"https:\/\/centcols.org\/backup\/wp-content\/uploads\/2019\/11\/mollendruz.png\"><img loading=\"lazy\" decoding=\"async\" class=\"alignnone size-medium wp-image-36914\" src=\"https:\/\/centcols.org\/backup\/wp-content\/uploads\/2019\/11\/mollendruz-500x323.png\" alt=\"\" width=\"500\" height=\"323\" srcset=\"https:\/\/centcols.org\/backup\/wp-content\/uploads\/2019\/11\/mollendruz-500x323.png 500w, https:\/\/centcols.org\/backup\/wp-content\/uploads\/2019\/11\/mollendruz-600x388.png 600w, https:\/\/centcols.org\/backup\/wp-content\/uploads\/2019\/11\/mollendruz.png 711w\" sizes=\"(max-width: 500px) 100vw, 500px\" \/><\/a><\/p>\n<h3>Contact<\/h3>\n<p>Pierre Mai<br \/>\nVy de Bi\u00e8re 8<br \/>\nCH-1144 Ballens<br \/>\nT\u00e9l : +41 21 807 34 17, mobile: +41 76 498 58 73<br \/>\n<a href=\"&#109;&#97;&#105;&#108;to&#58;pmai&#64;bl&#117;e&#119;i&#110;.&#99;&#104;\">&#112;&#109;a&#105;&#64;blu&#101;&#119;&#105;&#110;&#46;&#99;&#104;<\/a><\/p>\n","protected":false},"excerpt":{"rendered":"<p>Samedi 8 ao\u00fbt 2020, Col du Mollendruz, Suisse Rendez-vous au parking du col de Mollendruz \u00e0 8 h 30 pour le caf\u00e9, d\u00e9part \u00e0 9 h 00 40 km, 1100 m de d\u00e9nivel\u00e9, 9 cols : &#8211; Col du Pr\u00e9 de l&#8217;Haut (CH-VD-1306a) &#8211; Col des Croisettes (CH-VD-1312) &#8211; Les Vyfourches (CH-VD-1045) &#8211; Col du [&hellip;]<\/p>\n","protected":false},"author":147,"featured_media":0,"comment_status":"closed","ping_status":"closed","sticky":false,"template":"","format":"standard","meta":{"_acf_changed":false,"ub_ctt_via":"","_monsterinsights_skip_tracking":false,"_monsterinsights_sitenote_active":false,"_monsterinsights_sitenote_note":"","_monsterinsights_sitenote_category":0,"footnotes":""},"categories":[271,7],"tags":[],"acf":[],"featured_image_urls":{"full":"","thumbnail":"","medium":"","medium_large":"","large":"","1536x1536":"","2048x2048":"","woocommerce_thumbnail":"","woocommerce_single":"","woocommerce_gallery_thumbnail":""},"post_excerpt_stackable":"<p>Samedi 8 ao\u00fbt 2020, Col du Mollendruz, Suisse Rendez-vous au parking du col de Mollendruz \u00e0 8 h 30 pour le caf\u00e9, d\u00e9part \u00e0 9 h 00 40 km, 1100 m de d\u00e9nivel\u00e9, 9 cols : &#8211; Col du Pr\u00e9 de l&#8217;Haut (CH-VD-1306a) &#8211; Col des Croisettes (CH-VD-1312) &#8211; Les Vyfourches (CH-VD-1045) &#8211; Col du Mont d&#8217;Orzeires (CH-VD-1061) &#8211; Col des Epoisats (CH-VD-1079) &#8211; Col du Pl\u00e2ne (CH-VD-1154) &#8211; Col d&#8217;Agiez (CH-VD-1111) &#8211; Col de P\u00e9tra F\u00e9lix (CH-VD-1144) &#8211; Col du Mollendruz (CH-VD-1174a) Contact Pierre Mai Vy de Bi\u00e8re 8 CH-1144 Ballens T\u00e9l : +41 21 807 34 17, mobile:\u2026<\/p>\n","category_list":"<a href=\"https:\/\/centcols.org\/backup\/categorie\/rassemblements\/rassemblements-2020\/\" rel=\"category tag\">Les rassemblements de 2020<\/a>, <a href=\"https:\/\/centcols.org\/backup\/categorie\/rassemblements\/\" rel=\"category tag\">Rencontres r\u00e9gionales<\/a>","author_info":{"display_name":"Guy Harl\u00e9","author_link":"https:\/\/centcols.org\/backup\/author\/5193\/"},"comments_num":"0 commentaire","featured_image_urls_v2":{"full":"","thumbnail":"","medium":"","medium_large":"","large":"","1536x1536":"","2048x2048":"","woocommerce_thumbnail":"","woocommerce_single":"","woocommerce_gallery_thumbnail":""},"post_excerpt_stackable_v2":"<p>Samedi 8 ao\u00fbt 2020, Col du Mollendruz, Suisse Rendez-vous au parking du col de Mollendruz \u00e0 8 h 30 pour le caf\u00e9, d\u00e9part \u00e0 9 h 00 40 km, 1100 m de d\u00e9nivel\u00e9, 9 cols : &#8211; Col du Pr\u00e9 de l&#8217;Haut (CH-VD-1306a) &#8211; Col des Croisettes (CH-VD-1312) &#8211; Les Vyfourches (CH-VD-1045) &#8211; Col du Mont d&#8217;Orzeires (CH-VD-1061) &#8211; Col des Epoisats (CH-VD-1079) &#8211; Col du Pl\u00e2ne (CH-VD-1154) &#8211; Col d&#8217;Agiez (CH-VD-1111) &#8211; Col de P\u00e9tra F\u00e9lix (CH-VD-1144) &#8211; Col du Mollendruz (CH-VD-1174a) Contact Pierre Mai Vy de Bi\u00e8re 8 CH-1144 Ballens T\u00e9l : +41 21 807 34 17, mobile:\u2026<\/p>\n","category_list_v2":"<a href=\"https:\/\/centcols.org\/backup\/categorie\/rassemblements\/rassemblements-2020\/\" rel=\"category tag\">Les rassemblements de 2020<\/a>, <a href=\"https:\/\/centcols.org\/backup\/categorie\/rassemblements\/\" rel=\"category tag\">Rencontres r\u00e9gionales<\/a>","author_info_v2":{"name":"Guy Harl\u00e9","url":"https:\/\/centcols.org\/backup\/author\/5193\/"},"comments_num_v2":"0 commentaire","featured_image_src":null,"_links":{"self":[{"href":"https:\/\/centcols.org\/backup\/wp-json\/wp\/v2\/posts\/36913"}],"collection":[{"href":"https:\/\/centcols.org\/backup\/wp-json\/wp\/v2\/posts"}],"about":[{"href":"https:\/\/centcols.org\/backup\/wp-json\/wp\/v2\/types\/post"}],"author":[{"embeddable":true,"href":"https:\/\/centcols.org\/backup\/wp-json\/wp\/v2\/users\/147"}],"replies":[{"embeddable":true,"href":"https:\/\/centcols.org\/backup\/wp-json\/wp\/v2\/comments?post=36913"}],"version-history":[{"count":0,"href":"https:\/\/centcols.org\/backup\/wp-json\/wp\/v2\/posts\/36913\/revisions"}],"wp:attachment":[{"href":"https:\/\/centcols.org\/backup\/wp-json\/wp\/v2\/media?parent=36913"}],"wp:term":[{"taxonomy":"category","embeddable":true,"href":"https:\/\/centcols.org\/backup\/wp-json\/wp\/v2\/categories?post=36913"},{"taxonomy":"post_tag","embeddable":true,"href":"https:\/\/centcols.org\/backup\/wp-json\/wp\/v2\/tags?post=36913"}],"curies":[{"name":"wp","href":"https:\/\/api.w.org\/{rel}","templated":true}]}}