{"id":36919,"date":"2019-11-25T11:43:58","date_gmt":"2019-11-25T10:43:58","guid":{"rendered":"https:\/\/centcols.org\/backup\/?p=36919"},"modified":"2020-08-24T17:17:10","modified_gmt":"2020-08-24T15:17:10","slug":"vosges-2020-2","status":"publish","type":"post","link":"https:\/\/centcols.org\/backup\/vosges-2020-2\/","title":{"rendered":"Vosges, Col Sainte Genevi\u00e8ve, 29 ao\u00fbt 2020"},"content":{"rendered":"<p>Samedi 29 ao\u00fbt 2020, Vosges<\/p>\n<h3 align=\"left\">Accueil 8 h 00, d\u00e9part \u00e0 9 h 00<\/h3>\n<p class=\"western\" align=\"left\"><span style=\"color: #222222;\"><span style=\"font-family: Arial, Helvetica, sans-serif;\"><span style=\"font-size: medium;\">La rencontre se fera au col de Sainte-Genevi\u00e8ve sur la commune de Dommartemont (54310) \u00e0 6 km au Nord-Ouest de Nancy. <\/span><\/span><\/span><span style=\"color: #222222;\"><span style=\"font-family: Arial, Helvetica, sans-serif;\"><span style=\"font-size: medium;\">L&#8217;accueil, le d\u00e9part et le pot d&#8217;arriv\u00e9e auront lieu sur le plateau de Dommartemont au bout de la rue du pain de sucre sur le grand parking rep\u00e9r\u00e9 sur la carte avec la fl\u00e8che noire.\u00a0<\/span><\/span><\/span><\/p>\n<p style=\"text-align: left;\" align=\"left\"><a href=\"https:\/\/centcols.org\/backup\/wp-content\/uploads\/2019\/11\/parc.jpg\"><img loading=\"lazy\" decoding=\"async\" class=\"alignnone  wp-image-36995\" src=\"https:\/\/centcols.org\/backup\/wp-content\/uploads\/2019\/11\/parc-500x267.jpg\" alt=\"\" width=\"631\" height=\"337\" srcset=\"https:\/\/centcols.org\/backup\/wp-content\/uploads\/2019\/11\/parc-500x267.jpg 500w, https:\/\/centcols.org\/backup\/wp-content\/uploads\/2019\/11\/parc-600x321.jpg 600w, https:\/\/centcols.org\/backup\/wp-content\/uploads\/2019\/11\/parc-768x411.jpg 768w, https:\/\/centcols.org\/backup\/wp-content\/uploads\/2019\/11\/parc.jpg 815w\" sizes=\"(max-width: 631px) 100vw, 631px\" \/><\/a><br \/>\n<em>\u00a0Source : Geoportail<\/em><\/p>\n<div id='gallery-1' class='gallery galleryid-36919 gallery-columns-2 gallery-size-full'><dl class='gallery-item'>\n\t\t\t<dt class='gallery-icon landscape'>\n\t\t\t\t<a href='https:\/\/centcols.org\/backup\/vosges-2020-2\/parc1\/'><img loading=\"lazy\" decoding=\"async\" width=\"1007\" height=\"566\" src=\"https:\/\/centcols.org\/backup\/wp-content\/uploads\/2019\/11\/parc1.jpg\" class=\"attachment-full size-full\" alt=\"\" srcset=\"https:\/\/centcols.org\/backup\/wp-content\/uploads\/2019\/11\/parc1.jpg 1007w, https:\/\/centcols.org\/backup\/wp-content\/uploads\/2019\/11\/parc1-600x337.jpg 600w, https:\/\/centcols.org\/backup\/wp-content\/uploads\/2019\/11\/parc1-500x281.jpg 500w, https:\/\/centcols.org\/backup\/wp-content\/uploads\/2019\/11\/parc1-768x432.jpg 768w\" sizes=\"(max-width: 1007px) 100vw, 1007px\" \/><\/a>\n\t\t\t<\/dt><\/dl><dl class='gallery-item'>\n\t\t\t<dt class='gallery-icon landscape'>\n\t\t\t\t<a href='https:\/\/centcols.org\/backup\/vosges-2020-2\/parc2\/'><img loading=\"lazy\" decoding=\"async\" width=\"1007\" height=\"566\" src=\"https:\/\/centcols.org\/backup\/wp-content\/uploads\/2019\/11\/parc2.jpg\" class=\"attachment-full size-full\" alt=\"\" srcset=\"https:\/\/centcols.org\/backup\/wp-content\/uploads\/2019\/11\/parc2.jpg 1007w, https:\/\/centcols.org\/backup\/wp-content\/uploads\/2019\/11\/parc2-600x337.jpg 600w, https:\/\/centcols.org\/backup\/wp-content\/uploads\/2019\/11\/parc2-500x281.jpg 500w, https:\/\/centcols.org\/backup\/wp-content\/uploads\/2019\/11\/parc2-768x432.jpg 768w\" sizes=\"(max-width: 1007px) 100vw, 1007px\" \/><\/a>\n\t\t\t<\/dt><\/dl><br style=\"clear: both\" \/>\n\t\t<\/div>\n\n<p align=\"left\"><div id=\"lmm_caf129fb\" style=\"width:100%;\" class=\"mapsmarker markermap marker-17\">\n<div id=\"lmm_panel_caf129fb\" class=\"lmm-panel\" style=\"background:#efefef;\">\n<div id=\"lmm_panel_api_caf129fb\" class=\"lmm-panel-api\"><a href=\"https:\/\/maps.google.com\/maps?daddr=48.718461,6.216416&amp;t=m&amp;layer=1&amp;doflg=ptk&amp;om=0\" target=\"_blank\" title=\"Obtenir l&#039;itin\u00e9raire\"><img loading=\"lazy\" decoding=\"async\" alt=\"icon-car.png\" src=\"https:\/\/centcols.org\/backup\/wp-content\/plugins\/leaflet-maps-marker\/inc\/img\/icon-car.png\" width=\"14\" height=\"14\" class=\"lmm-panel-api-images\" \/><\/a><\/div><div id=\"lmm_panel_text_caf129fb\" class=\"lmm-panel-text\" style=\"font-weight:bold;color:#373737;\">Nancy<\/div><\/div>\n<div id=\"lmm_map_caf129fb\" class=\"lmm-map\" style=\"background:#f6f6f6;border:1px solid #ccc;height:480px; overflow:hidden;padding:0;\"><p style=\"font-size:80%;color:#9f9e9e;margin-left:5px;\">chargement de la carte - veuillez patienter...<noscript><br\/><strong>La carte ne peut \u00eatre charg\u00e9e - s'il vous pla\u00eet activer Javascript !<\/strong><br\/><a style=\"text-decoration:none;\" href=\"https:\/\/www.mapsmarker.com\/js-disabled\" target=\"_blank\">&rarr; plus dginformations<\/a><\/noscript><\/p><\/div>\n<div id=\"lmm_geo_tags_caf129fb\" class=\"lmm-geo-tags geo\">\n<span class=\"paneltext\">Nancy<\/span>\n<span class=\"latitude\">48.718461<\/span>, <span class=\"longitude\">6.216416<\/span>\n<span class=\"popuptext\">Plateau de Dommartemont, Nancy<\/span>\n<\/div>\n<\/div><\/p>\n<h3 align=\"left\">Acc\u00e8s<\/h3>\n<p class=\"western\" align=\"left\"><span style=\"color: #222222;\"><span style=\"font-family: Arial, Helvetica, sans-serif;\"><span style=\"font-size: medium;\">\u00a0&#8211; En venant de l&#8217;est, l&#8217;acc\u00e8s\u00a0 se fait par la D674, dans Essey-Les-Nancy, prendre \u00e0 droite la D913 direction Agincourt, puis avant de passer sur la D83, tourner \u00e0 gauche vers Dommartemont.<br \/>\n&#8211;\u00a0<\/span><\/span><\/span><span style=\"color: #222222;\"><span style=\"font-family: Arial, Helvetica, sans-serif;\"><span style=\"font-size: medium;\">En venant du nord, l&#8217;acc\u00e8s se fait par autoroute A31, sortie Bouxi\u00e8res-Aux-Dames, D321, D322, direction Nomeny, puis Agincourt, apr\u00e8s le passage au-dessus de la D83, continuer vers Dommartemont.<br \/>\n&#8211;\u00a0<\/span><\/span><\/span><span style=\"color: #222222;\"><span style=\"font-family: Arial, Helvetica, sans-serif;\"><span style=\"font-size: medium;\">En venant du sud et l&#8217;ouest, l&#8217;acc\u00e8s par se fait par l&#8217;autoroute A330, prolonger par D674, puis direction Nomeny,puis avant de prendre la D83, rejoindre Essey-Les-Nancy, prendre \u00e0 droite la D913 direction Agincourt, puis avant de passer sur la D83, \u00e0 gauche vers Dommartemont.<\/span><\/span><\/span><\/p>\n<h3 align=\"left\">Parcours :<\/h3>\n<p class=\"western\" align=\"left\"><span style=\"color: #222222;\"><span style=\"font-family: Arial, Helvetica, sans-serif;\"><span style=\"font-size: medium;\">\u00a0&#8211; Le parcours passera par le col de Bratte FR-54-0346, le col de Millery FR-54-0261, le col de serri\u00e8res FR-54-0282, le col de Sivry FR-54-0330, le col de Moivrons FR-54-0359 (tous routiers \u00e0 para\u00eetre dans l&#8217;additif 2020), le col de Vassuchamps FR-54-0361 (R1) et enfin le col de sainte Genevi\u00e8ve FR-54-0348 routier.<br \/>\n&#8211;\u00a0<\/span><\/span><\/span><span style=\"color: #222222;\"><span style=\"font-family: Arial, Helvetica, sans-serif;\"><span style=\"font-size: medium;\">Le parcours essentiellement routier s&#8217;effectuera sur des pistes cyclables (grande partie commune route et VTT).<\/span><\/span><\/span><\/p>\n<h3 align=\"left\">Traces GPS :<\/h3>\n<p>A t\u00e9l\u00e9charger ici : <a href=\"https:\/\/centcols.org\/backup\/wp-content\/uploads\/2019\/11\/vosges-route.zip\">Route<\/a>\u00a0 \u00a0 <a href=\"https:\/\/centcols.org\/backup\/wp-content\/uploads\/2019\/11\/vosges-vtt.zip\">VTT<\/a><\/p>\n<h3>Contact<\/h3>\n<p>Denis Mathieu<br \/>\n06 85 20 02 55<br \/>\n<a href=\"&#109;&#97;ilt&#111;:de&#110;&#105;.&#109;ath&#105;&#101;&#117;&#64;o&#114;a&#110;g&#101;&#46;fr\">d&#101;&#110;&#105;&#46;m&#97;t&#104;&#105;eu&#64;or&#97;&#110;ge.&#102;&#114;<\/a><\/p>\n","protected":false},"excerpt":{"rendered":"<p>Samedi 29 ao\u00fbt 2020, Vosges Accueil 8 h 00, d\u00e9part \u00e0 9 h 00 La rencontre se fera au col de Sainte-Genevi\u00e8ve sur la commune de Dommartemont (54310) \u00e0 6 km au Nord-Ouest de Nancy. L&#8217;accueil, le d\u00e9part et le pot d&#8217;arriv\u00e9e auront lieu sur le plateau de Dommartemont au bout de la rue du [&hellip;]<\/p>\n","protected":false},"author":147,"featured_media":0,"comment_status":"closed","ping_status":"closed","sticky":false,"template":"","format":"standard","meta":{"_acf_changed":false,"ub_ctt_via":"","_monsterinsights_skip_tracking":false,"_monsterinsights_sitenote_active":false,"_monsterinsights_sitenote_note":"","_monsterinsights_sitenote_category":0,"footnotes":""},"categories":[271,7],"tags":[],"acf":[],"featured_image_urls":{"full":"","thumbnail":"","medium":"","medium_large":"","large":"","1536x1536":"","2048x2048":"","woocommerce_thumbnail":"","woocommerce_single":"","woocommerce_gallery_thumbnail":""},"post_excerpt_stackable":"<p>Samedi 29 ao\u00fbt 2020, Vosges Accueil 8 h 00, d\u00e9part \u00e0 9 h 00 La rencontre se fera au col de Sainte-Genevi\u00e8ve sur la commune de Dommartemont (54310) \u00e0 6 km au Nord-Ouest de Nancy. L&#8217;accueil, le d\u00e9part et le pot d&#8217;arriv\u00e9e auront lieu sur le plateau de Dommartemont au bout de la rue du pain de sucre sur le grand parking rep\u00e9r\u00e9 sur la carte avec la fl\u00e8che noire.\u00a0 \u00a0Source : Geoportail Nancy chargement de la carte &#8211; veuillez patienter&#8230;La carte ne peut \u00eatre charg\u00e9e &#8211; s&#8217;il vous pla\u00eet activer Javascript !&rarr; plus dginformations Nancy 48.718461, 6.216416 Plateau de\u2026<\/p>\n","category_list":"<a href=\"https:\/\/centcols.org\/backup\/categorie\/rassemblements\/rassemblements-2020\/\" rel=\"category tag\">Les rassemblements de 2020<\/a>, <a href=\"https:\/\/centcols.org\/backup\/categorie\/rassemblements\/\" rel=\"category tag\">Rencontres r\u00e9gionales<\/a>","author_info":{"display_name":"Guy Harl\u00e9","author_link":"https:\/\/centcols.org\/backup\/author\/5193\/"},"comments_num":"0 commentaire","featured_image_urls_v2":{"full":"","thumbnail":"","medium":"","medium_large":"","large":"","1536x1536":"","2048x2048":"","woocommerce_thumbnail":"","woocommerce_single":"","woocommerce_gallery_thumbnail":""},"post_excerpt_stackable_v2":"<p>Samedi 29 ao\u00fbt 2020, Vosges Accueil 8 h 00, d\u00e9part \u00e0 9 h 00 La rencontre se fera au col de Sainte-Genevi\u00e8ve sur la commune de Dommartemont (54310) \u00e0 6 km au Nord-Ouest de Nancy. L&#8217;accueil, le d\u00e9part et le pot d&#8217;arriv\u00e9e auront lieu sur le plateau de Dommartemont au bout de la rue du pain de sucre sur le grand parking rep\u00e9r\u00e9 sur la carte avec la fl\u00e8che noire.\u00a0 \u00a0Source : Geoportail Nancy chargement de la carte &#8211; veuillez patienter&#8230;La carte ne peut \u00eatre charg\u00e9e &#8211; s&#8217;il vous pla\u00eet activer Javascript !&rarr; plus dginformations Nancy 48.718461, 6.216416 Plateau de\u2026<\/p>\n","category_list_v2":"<a href=\"https:\/\/centcols.org\/backup\/categorie\/rassemblements\/rassemblements-2020\/\" rel=\"category tag\">Les rassemblements de 2020<\/a>, <a href=\"https:\/\/centcols.org\/backup\/categorie\/rassemblements\/\" rel=\"category tag\">Rencontres r\u00e9gionales<\/a>","author_info_v2":{"name":"Guy Harl\u00e9","url":"https:\/\/centcols.org\/backup\/author\/5193\/"},"comments_num_v2":"0 commentaire","featured_image_src":null,"_links":{"self":[{"href":"https:\/\/centcols.org\/backup\/wp-json\/wp\/v2\/posts\/36919"}],"collection":[{"href":"https:\/\/centcols.org\/backup\/wp-json\/wp\/v2\/posts"}],"about":[{"href":"https:\/\/centcols.org\/backup\/wp-json\/wp\/v2\/types\/post"}],"author":[{"embeddable":true,"href":"https:\/\/centcols.org\/backup\/wp-json\/wp\/v2\/users\/147"}],"replies":[{"embeddable":true,"href":"https:\/\/centcols.org\/backup\/wp-json\/wp\/v2\/comments?post=36919"}],"version-history":[{"count":0,"href":"https:\/\/centcols.org\/backup\/wp-json\/wp\/v2\/posts\/36919\/revisions"}],"wp:attachment":[{"href":"https:\/\/centcols.org\/backup\/wp-json\/wp\/v2\/media?parent=36919"}],"wp:term":[{"taxonomy":"category","embeddable":true,"href":"https:\/\/centcols.org\/backup\/wp-json\/wp\/v2\/categories?post=36919"},{"taxonomy":"post_tag","embeddable":true,"href":"https:\/\/centcols.org\/backup\/wp-json\/wp\/v2\/tags?post=36919"}],"curies":[{"name":"wp","href":"https:\/\/api.w.org\/{rel}","templated":true}]}}