{"id":36928,"date":"2019-11-23T10:56:21","date_gmt":"2019-11-23T09:56:21","guid":{"rendered":"https:\/\/centcols.org\/backup\/?p=36928"},"modified":"2019-11-27T11:58:04","modified_gmt":"2019-11-27T10:58:04","slug":"suisse-fondue-2020","status":"publish","type":"post","link":"https:\/\/centcols.org\/backup\/suisse-fondue-2020\/","title":{"rendered":"Suisse, Fondue, 6 mars 2020"},"content":{"rendered":"<p>Vendredi 6 mars 2020, fondue de d\u00e9but de saison<\/p>\n<p>Rendez-vous \u00e0 19 h 00<br \/>\nCaf\u00e9 La Clef<br \/>\nRue du th\u00e9\u00e2tre 1<br \/>\nVevey<br \/>\nTraditionnelle fondue de d\u00e9but de saison organis\u00e9e par Jacques Bezzola<\/p>\n<h3>Contact<\/h3>\n<p>Jacques Bezzola<br \/>\n(00 41) 079 598 92 20<br \/>\n<a href=\"&#109;&#97;&#105;&#108;&#116;o:bou&#115;so&#108;e&#64;&#98;luewi&#110;.&#99;&#104;\">&#98;&#111;&#117;s&#115;&#111;le&#64;&#98;&#108;u&#101;win&#46;c&#104;<\/a><\/p>\n","protected":false},"excerpt":{"rendered":"<p>Vendredi 6 mars 2020, fondue de d\u00e9but de saison Rendez-vous \u00e0 19 h 00 Caf\u00e9 La Clef Rue du th\u00e9\u00e2tre 1 Vevey Traditionnelle fondue de d\u00e9but de saison organis\u00e9e par Jacques Bezzola Contact Jacques Bezzola (00 41) 079 598 92 20<\/p>\n","protected":false},"author":147,"featured_media":0,"comment_status":"closed","ping_status":"closed","sticky":false,"template":"","format":"standard","meta":{"_acf_changed":false,"ub_ctt_via":"","_monsterinsights_skip_tracking":false,"_monsterinsights_sitenote_active":false,"_monsterinsights_sitenote_note":"","_monsterinsights_sitenote_category":0,"footnotes":""},"categories":[271,7],"tags":[],"acf":[],"featured_image_urls":{"full":"","thumbnail":"","medium":"","medium_large":"","large":"","1536x1536":"","2048x2048":"","woocommerce_thumbnail":"","woocommerce_single":"","woocommerce_gallery_thumbnail":""},"post_excerpt_stackable":"<p>Vendredi 6 mars 2020, fondue de d\u00e9but de saison Rendez-vous \u00e0 19 h 00 Caf\u00e9 La Clef Rue du th\u00e9\u00e2tre 1 Vevey Traditionnelle fondue de d\u00e9but de saison organis\u00e9e par Jacques Bezzola Contact Jacques Bezzola (00 41) 079 598 92 20 &#98;o&#117;ss&#111;l&#101;&#64;&#98;&#108;ue&#119;&#105;n.&#99;h<\/p>\n","category_list":"<a href=\"https:\/\/centcols.org\/backup\/categorie\/rassemblements\/rassemblements-2020\/\" rel=\"category tag\">Les rassemblements de 2020<\/a>, <a href=\"https:\/\/centcols.org\/backup\/categorie\/rassemblements\/\" rel=\"category tag\">Rencontres r\u00e9gionales<\/a>","author_info":{"display_name":"Guy Harl\u00e9","author_link":"https:\/\/centcols.org\/backup\/author\/5193\/"},"comments_num":"0 commentaire","featured_image_urls_v2":{"full":"","thumbnail":"","medium":"","medium_large":"","large":"","1536x1536":"","2048x2048":"","woocommerce_thumbnail":"","woocommerce_single":"","woocommerce_gallery_thumbnail":""},"post_excerpt_stackable_v2":"<p>Vendredi 6 mars 2020, fondue de d\u00e9but de saison Rendez-vous \u00e0 19 h 00 Caf\u00e9 La Clef Rue du th\u00e9\u00e2tre 1 Vevey Traditionnelle fondue de d\u00e9but de saison organis\u00e9e par Jacques Bezzola Contact Jacques Bezzola (00 41) 079 598 92 20 bo&#117;s&#115;o&#108;&#101;&#64;&#98;&#108;&#117;e&#119;i&#110;&#46;&#99;&#104;<\/p>\n","category_list_v2":"<a href=\"https:\/\/centcols.org\/backup\/categorie\/rassemblements\/rassemblements-2020\/\" rel=\"category tag\">Les rassemblements de 2020<\/a>, <a href=\"https:\/\/centcols.org\/backup\/categorie\/rassemblements\/\" rel=\"category tag\">Rencontres r\u00e9gionales<\/a>","author_info_v2":{"name":"Guy Harl\u00e9","url":"https:\/\/centcols.org\/backup\/author\/5193\/"},"comments_num_v2":"0 commentaire","featured_image_src":null,"_links":{"self":[{"href":"https:\/\/centcols.org\/backup\/wp-json\/wp\/v2\/posts\/36928"}],"collection":[{"href":"https:\/\/centcols.org\/backup\/wp-json\/wp\/v2\/posts"}],"about":[{"href":"https:\/\/centcols.org\/backup\/wp-json\/wp\/v2\/types\/post"}],"author":[{"embeddable":true,"href":"https:\/\/centcols.org\/backup\/wp-json\/wp\/v2\/users\/147"}],"replies":[{"embeddable":true,"href":"https:\/\/centcols.org\/backup\/wp-json\/wp\/v2\/comments?post=36928"}],"version-history":[{"count":0,"href":"https:\/\/centcols.org\/backup\/wp-json\/wp\/v2\/posts\/36928\/revisions"}],"wp:attachment":[{"href":"https:\/\/centcols.org\/backup\/wp-json\/wp\/v2\/media?parent=36928"}],"wp:term":[{"taxonomy":"category","embeddable":true,"href":"https:\/\/centcols.org\/backup\/wp-json\/wp\/v2\/categories?post=36928"},{"taxonomy":"post_tag","embeddable":true,"href":"https:\/\/centcols.org\/backup\/wp-json\/wp\/v2\/tags?post=36928"}],"curies":[{"name":"wp","href":"https:\/\/api.w.org\/{rel}","templated":true}]}}