{"id":36943,"date":"2019-11-28T17:12:43","date_gmt":"2019-11-28T16:12:43","guid":{"rendered":"https:\/\/centcols.org\/backup\/?p=36943"},"modified":"2019-12-13T18:39:12","modified_gmt":"2019-12-13T17:39:12","slug":"languedoc-roussillon-2020","status":"publish","type":"post","link":"https:\/\/centcols.org\/backup\/languedoc-roussillon-2020\/","title":{"rendered":"Languedoc &#8211; Roussillon, Bernardini, 6 septembre 2020"},"content":{"rendered":"<p>Dimanche 6 septembre 2020, Languedoc &#8211; Roussillon<br \/>\nSortie Michel Bernardini<\/p>\n<p align=\"justify\">La Bernardini se d\u00e9roulera en Espagne du c\u00f4t\u00e9 de Martinet.<br \/>\nLe parcours sera celui propos\u00e9 par Alain Gillodes, en libre, lors du s\u00e9jour de Latour de Carol (Urus).<br \/>\nEnviron 34 km, 1500 m de d\u00e9nivel\u00e9<br \/>\n17 cols dont 8 \u00e0 plus de 2000 m.<br \/>\nLe samedi et le lundi d&#8217;autres parcours vous seront propos\u00e9s dans le secteur.<br \/>\nPossibilit\u00e9 \u00e9galement de faire de la route. Une trentaine de cols sur 3 jours.<\/p>\n<p align=\"justify\">Lieu de d\u00e9part : Riu de Cerdanya \u00e0 8 h 30<br \/>\nH\u00e9bergement sur Martinet ou Bellver de Cerdanya<\/p>\n<p align=\"justify\"><div id=\"lmm_0a81889e\" style=\"width:100%;\" class=\"mapsmarker markermap marker-18\">\n<div id=\"lmm_panel_0a81889e\" class=\"lmm-panel\" style=\"background:#efefef;\">\n<div id=\"lmm_panel_api_0a81889e\" class=\"lmm-panel-api\"><a href=\"https:\/\/maps.google.com\/maps?daddr=Martinet+Catalunya%2C+Espagne&amp;t=m&amp;layer=1&amp;doflg=ptk&amp;om=0\" target=\"_blank\" title=\"Obtenir l&#039;itin\u00e9raire\"><img loading=\"lazy\" decoding=\"async\" alt=\"icon-car.png\" src=\"https:\/\/centcols.org\/backup\/wp-content\/plugins\/leaflet-maps-marker\/inc\/img\/icon-car.png\" width=\"14\" height=\"14\" class=\"lmm-panel-api-images\" \/><\/a><\/div><div id=\"lmm_panel_text_0a81889e\" class=\"lmm-panel-text\" style=\"font-weight:bold;color:#373737;\">Martinet<\/div><\/div>\n<div id=\"lmm_map_0a81889e\" class=\"lmm-map\" style=\"background:#f6f6f6;border:1px solid #ccc;height:480px; overflow:hidden;padding:0;\"><p style=\"font-size:80%;color:#9f9e9e;margin-left:5px;\">chargement de la carte - veuillez patienter...<noscript><br\/><strong>La carte ne peut \u00eatre charg\u00e9e - s'il vous pla\u00eet activer Javascript !<\/strong><br\/><a style=\"text-decoration:none;\" href=\"https:\/\/www.mapsmarker.com\/js-disabled\" target=\"_blank\">&rarr; plus dginformations<\/a><\/noscript><\/p><\/div>\n<div id=\"lmm_geo_tags_0a81889e\" class=\"lmm-geo-tags geo\">\n<span class=\"paneltext\">Martinet<\/span>\n<span class=\"latitude\">42.360500<\/span>, <span class=\"longitude\">1.694390<\/span>\n<span class=\"popuptext\"><\/span>\n<\/div>\n<\/div><\/p>\n<h3>Contact<\/h3>\n<p>Jean-Pierre Lambert<br \/>\n06 74 63 27 42<br \/>\n<a href=\"&#109;&#97;i&#108;t&#111;&#58;h&#105;&#103;&#104;&#108;a&#110;&#100;.f&#108;ow&#101;r&#64;fr&#101;&#101;.f&#114;\">h&#105;&#103;h&#108;&#97;nd&#46;f&#108;o&#119;&#101;&#114;&#64;&#102;&#114;ee.&#102;r<\/a><\/p>\n","protected":false},"excerpt":{"rendered":"<p>Dimanche 6 septembre 2020, Languedoc &#8211; Roussillon Sortie Michel Bernardini La Bernardini se d\u00e9roulera en Espagne du c\u00f4t\u00e9 de Martinet. Le parcours sera celui propos\u00e9 par Alain Gillodes, en libre, lors du s\u00e9jour de Latour de Carol (Urus). Environ 34 km, 1500 m de d\u00e9nivel\u00e9 17 cols dont 8 \u00e0 plus de 2000 m. Le [&hellip;]<\/p>\n","protected":false},"author":147,"featured_media":0,"comment_status":"closed","ping_status":"closed","sticky":false,"template":"","format":"standard","meta":{"_acf_changed":false,"ub_ctt_via":"","_monsterinsights_skip_tracking":false,"_monsterinsights_sitenote_active":false,"_monsterinsights_sitenote_note":"","_monsterinsights_sitenote_category":0,"footnotes":""},"categories":[271],"tags":[],"acf":[],"featured_image_urls":{"full":"","thumbnail":"","medium":"","medium_large":"","large":"","1536x1536":"","2048x2048":"","woocommerce_thumbnail":"","woocommerce_single":"","woocommerce_gallery_thumbnail":""},"post_excerpt_stackable":"<p>Dimanche 6 septembre 2020, Languedoc &#8211; Roussillon Sortie Michel Bernardini La Bernardini se d\u00e9roulera en Espagne du c\u00f4t\u00e9 de Martinet. Le parcours sera celui propos\u00e9 par Alain Gillodes, en libre, lors du s\u00e9jour de Latour de Carol (Urus). Environ 34 km, 1500 m de d\u00e9nivel\u00e9 17 cols dont 8 \u00e0 plus de 2000 m. Le samedi et le lundi d&#8217;autres parcours vous seront propos\u00e9s dans le secteur. Possibilit\u00e9 \u00e9galement de faire de la route. Une trentaine de cols sur 3 jours. Lieu de d\u00e9part : Riu de Cerdanya \u00e0 8 h 30 H\u00e9bergement sur Martinet ou Bellver de Cerdanya Martinet\u2026<\/p>\n","category_list":"<a href=\"https:\/\/centcols.org\/backup\/categorie\/rassemblements\/rassemblements-2020\/\" rel=\"category tag\">Les rassemblements de 2020<\/a>","author_info":{"display_name":"Guy Harl\u00e9","author_link":"https:\/\/centcols.org\/backup\/author\/5193\/"},"comments_num":"0 commentaire","featured_image_urls_v2":{"full":"","thumbnail":"","medium":"","medium_large":"","large":"","1536x1536":"","2048x2048":"","woocommerce_thumbnail":"","woocommerce_single":"","woocommerce_gallery_thumbnail":""},"post_excerpt_stackable_v2":"<p>Dimanche 6 septembre 2020, Languedoc &#8211; Roussillon Sortie Michel Bernardini La Bernardini se d\u00e9roulera en Espagne du c\u00f4t\u00e9 de Martinet. Le parcours sera celui propos\u00e9 par Alain Gillodes, en libre, lors du s\u00e9jour de Latour de Carol (Urus). Environ 34 km, 1500 m de d\u00e9nivel\u00e9 17 cols dont 8 \u00e0 plus de 2000 m. Le samedi et le lundi d&#8217;autres parcours vous seront propos\u00e9s dans le secteur. Possibilit\u00e9 \u00e9galement de faire de la route. Une trentaine de cols sur 3 jours. Lieu de d\u00e9part : Riu de Cerdanya \u00e0 8 h 30 H\u00e9bergement sur Martinet ou Bellver de Cerdanya Martinet\u2026<\/p>\n","category_list_v2":"<a href=\"https:\/\/centcols.org\/backup\/categorie\/rassemblements\/rassemblements-2020\/\" rel=\"category tag\">Les rassemblements de 2020<\/a>","author_info_v2":{"name":"Guy Harl\u00e9","url":"https:\/\/centcols.org\/backup\/author\/5193\/"},"comments_num_v2":"0 commentaire","featured_image_src":null,"_links":{"self":[{"href":"https:\/\/centcols.org\/backup\/wp-json\/wp\/v2\/posts\/36943"}],"collection":[{"href":"https:\/\/centcols.org\/backup\/wp-json\/wp\/v2\/posts"}],"about":[{"href":"https:\/\/centcols.org\/backup\/wp-json\/wp\/v2\/types\/post"}],"author":[{"embeddable":true,"href":"https:\/\/centcols.org\/backup\/wp-json\/wp\/v2\/users\/147"}],"replies":[{"embeddable":true,"href":"https:\/\/centcols.org\/backup\/wp-json\/wp\/v2\/comments?post=36943"}],"version-history":[{"count":0,"href":"https:\/\/centcols.org\/backup\/wp-json\/wp\/v2\/posts\/36943\/revisions"}],"wp:attachment":[{"href":"https:\/\/centcols.org\/backup\/wp-json\/wp\/v2\/media?parent=36943"}],"wp:term":[{"taxonomy":"category","embeddable":true,"href":"https:\/\/centcols.org\/backup\/wp-json\/wp\/v2\/categories?post=36943"},{"taxonomy":"post_tag","embeddable":true,"href":"https:\/\/centcols.org\/backup\/wp-json\/wp\/v2\/tags?post=36943"}],"curies":[{"name":"wp","href":"https:\/\/api.w.org\/{rel}","templated":true}]}}