{"id":371,"date":"2015-04-14T17:26:50","date_gmt":"2015-04-14T15:26:50","guid":{"rendered":"http:\/\/centcols.org\/backup\/?p=371"},"modified":"2015-09-10T07:34:06","modified_gmt":"2015-09-10T05:34:06","slug":"concentration-2015-col-bruchberg","status":"publish","type":"post","link":"https:\/\/centcols.org\/backup\/concentration-2015-col-bruchberg\/","title":{"rendered":"Concentration r\u00e9gionale Vosges au col du Bruchberg (FR-67-0674) le 12 septembre 2015"},"content":{"rendered":"<p>Col du Bruchberg (FR-67-0674) &#8211; Route et VTT<br \/>\nRendez-Vous \u00e0 Grendelbruch devant l&#8217;\u00e9glise pour un d\u00e9part \u00e0 9h<\/p>\n<p>Trace GPS :\u00a0<a href=\"https:\/\/centcols.org\/backup\/wp-content\/uploads\/2015\/04\/grendelbruch.gpx\">grendelbruch<\/a><\/p>\n<h3>Contact<\/h3>\n<p>Jean-Christophe Braumann, 06 48 80 28 48<\/p>\n<a href=\"&#109;&#97;&#105;&#108;&#116;o:j&#101;&#97;&#110;&#45;ch&#114;&#105;&#115;&#116;&#111;p&#104;&#101;.&#98;&#114;auman&#110;&#64;&#119;an&#97;&#100;&#111;&#111;.&#102;r\">je&#97;n&#45;&#99;&#104;&#114;&#105;&#115;&#116;&#111;&#112;&#104;&#101;&#46;br&#97;uma&#110;n&#64;&#119;a&#110;adoo&#46;&#102;&#114;<\/a>\n<h3>La carte<\/h3>\n<p><a href=\"https:\/\/centcols.org\/backup\/wp-content\/uploads\/2015\/04\/bruchberg.jpg\"><img loading=\"lazy\" decoding=\"async\" class=\"alignnone size-medium wp-image-372\" src=\"https:\/\/centcols.org\/backup\/wp-content\/uploads\/2015\/04\/bruchberg-500x374.jpg\" alt=\"bruchberg\" width=\"500\" height=\"374\" srcset=\"https:\/\/centcols.org\/backup\/wp-content\/uploads\/2015\/04\/bruchberg-500x374.jpg 500w, https:\/\/centcols.org\/backup\/wp-content\/uploads\/2015\/04\/bruchberg-600x449.jpg 600w, https:\/\/centcols.org\/backup\/wp-content\/uploads\/2015\/04\/bruchberg.jpg 806w\" sizes=\"(max-width: 500px) 100vw, 500px\" \/><\/a><\/p>\n","protected":false},"excerpt":{"rendered":"<p>Col du Bruchberg (FR-67-0674) &#8211; Route et VTT Rendez-Vous \u00e0 Grendelbruch devant l&#8217;\u00e9glise pour un d\u00e9part \u00e0 9h Trace GPS :\u00a0grendelbruch Contact Jean-Christophe Braumann, 06 48 80 28 48 La carte<\/p>\n","protected":false},"author":2001,"featured_media":0,"comment_status":"closed","ping_status":"closed","sticky":false,"template":"","format":"standard","meta":{"_acf_changed":false,"ub_ctt_via":"","_monsterinsights_skip_tracking":false,"_monsterinsights_sitenote_active":false,"_monsterinsights_sitenote_note":"","_monsterinsights_sitenote_category":0,"footnotes":""},"categories":[13,7],"tags":[],"acf":[],"featured_image_urls":{"full":"","thumbnail":"","medium":"","medium_large":"","large":"","1536x1536":"","2048x2048":"","woocommerce_thumbnail":"","woocommerce_single":"","woocommerce_gallery_thumbnail":""},"post_excerpt_stackable":"<p>Col du Bruchberg (FR-67-0674) &#8211; Route et VTT Rendez-Vous \u00e0 Grendelbruch devant l&#8217;\u00e9glise pour un d\u00e9part \u00e0 9h Trace GPS :\u00a0grendelbruch Contact Jean-Christophe Braumann, 06 48 80 28 48 je&#97;&#110;&#45;chri&#115;&#116;o&#112;&#104;&#101;.&#98;rau&#109;a&#110;&#110;&#64;wa&#110;ad&#111;o.&#102;r La carte<\/p>\n","category_list":"<a href=\"https:\/\/centcols.org\/backup\/categorie\/rassemblements\/rassemblements-2015\/\" rel=\"category tag\">Les rassemblements de 2015<\/a>, <a href=\"https:\/\/centcols.org\/backup\/categorie\/rassemblements\/\" rel=\"category tag\">Rencontres r\u00e9gionales<\/a>","author_info":{"display_name":"Webmestre","author_link":"https:\/\/centcols.org\/backup\/author\/webmestre\/"},"comments_num":"0 commentaire","featured_image_urls_v2":{"full":"","thumbnail":"","medium":"","medium_large":"","large":"","1536x1536":"","2048x2048":"","woocommerce_thumbnail":"","woocommerce_single":"","woocommerce_gallery_thumbnail":""},"post_excerpt_stackable_v2":"<p>Col du Bruchberg (FR-67-0674) &#8211; Route et VTT Rendez-Vous \u00e0 Grendelbruch devant l&#8217;\u00e9glise pour un d\u00e9part \u00e0 9h Trace GPS :\u00a0grendelbruch Contact Jean-Christophe Braumann, 06 48 80 28 48 j&#101;&#97;&#110;&#45;&#99;hr&#105;st&#111;ph&#101;&#46;b&#114;&#97;u&#109;a&#110;&#110;&#64;&#119;&#97;&#110;ado&#111;&#46;fr La carte<\/p>\n","category_list_v2":"<a href=\"https:\/\/centcols.org\/backup\/categorie\/rassemblements\/rassemblements-2015\/\" rel=\"category tag\">Les rassemblements de 2015<\/a>, <a href=\"https:\/\/centcols.org\/backup\/categorie\/rassemblements\/\" rel=\"category tag\">Rencontres r\u00e9gionales<\/a>","author_info_v2":{"name":"Webmestre","url":"https:\/\/centcols.org\/backup\/author\/webmestre\/"},"comments_num_v2":"0 commentaire","featured_image_src":null,"_links":{"self":[{"href":"https:\/\/centcols.org\/backup\/wp-json\/wp\/v2\/posts\/371"}],"collection":[{"href":"https:\/\/centcols.org\/backup\/wp-json\/wp\/v2\/posts"}],"about":[{"href":"https:\/\/centcols.org\/backup\/wp-json\/wp\/v2\/types\/post"}],"author":[{"embeddable":true,"href":"https:\/\/centcols.org\/backup\/wp-json\/wp\/v2\/users\/2001"}],"replies":[{"embeddable":true,"href":"https:\/\/centcols.org\/backup\/wp-json\/wp\/v2\/comments?post=371"}],"version-history":[{"count":0,"href":"https:\/\/centcols.org\/backup\/wp-json\/wp\/v2\/posts\/371\/revisions"}],"wp:attachment":[{"href":"https:\/\/centcols.org\/backup\/wp-json\/wp\/v2\/media?parent=371"}],"wp:term":[{"taxonomy":"category","embeddable":true,"href":"https:\/\/centcols.org\/backup\/wp-json\/wp\/v2\/categories?post=371"},{"taxonomy":"post_tag","embeddable":true,"href":"https:\/\/centcols.org\/backup\/wp-json\/wp\/v2\/tags?post=371"}],"curies":[{"name":"wp","href":"https:\/\/api.w.org\/{rel}","templated":true}]}}