{"id":373,"date":"2015-04-14T17:28:54","date_gmt":"2015-04-14T15:28:54","guid":{"rendered":"http:\/\/centcols.org\/backup\/?p=373"},"modified":"2015-09-14T22:46:18","modified_gmt":"2015-09-14T20:46:18","slug":"concentration-2015-languedoc-roussillon","status":"publish","type":"post","link":"https:\/\/centcols.org\/backup\/concentration-2015-languedoc-roussillon\/","title":{"rendered":"Concentration r\u00e9gionale Languedoc\/Roussillon &#8211; souvenir Michel Bernardini &#8211;  au collado de Isaz (ES-HU-2238) le 13 septembre 2015"},"content":{"rendered":"<h2>Albums photos<\/h2>\n<ul>\n<li><a href=\"https:\/\/picasaweb.google.com\/lh\/sredir?uname=104604604192385167024&amp;target=ALBUM&amp;id=6194069368165120017&amp;authkey=Gv1sRgCL3919jvsMD9IQ&amp;invite=COv07pEJ&amp;feat=email\" target=\"_blank\">album photo de Philippe Garcia<\/a><\/li>\n<\/ul>\n<p>Dimanche 13 septembres, Languedoc-Roussillon<br \/>\nD\u00e9part \u00e0 9 heures de la station de ski espagnole de Formigal (parking), 6 km au sud du col du Pourtalet (FR-64-1794), pour une boucle (VTT) de 21 km environ et un d\u00e9nivel\u00e9 de moins de 1000 m.<br \/>\nRepas tir\u00e9 du sac.<br \/>\n3 cols \u00e0 plus de 2000m :<\/p>\n<ul>\n<li>Collado de Izas (ES-HU-2239)<\/li>\n<li>Cuello Lapazuso 2121 m<\/li>\n<li>Cuello de la Mina 2096 m<\/li>\n<\/ul>\n<h3>Contact<\/h3>\n<p>Ren\u00e9 Marty, 06 37 00 53 34<\/p>\n<a href=\"&#109;&#97;&#105;&#108;t&#111;&#58;&#114;&#101;&#110;e&#45;&#109;art&#121;11&#64;&#104;otmail&#46;&#102;r\">ren&#101;&#45;&#109;&#97;r&#116;y&#49;1&#64;h&#111;&#116;ma&#105;l.f&#114;<\/a>\n<h3>La carte<\/h3>\n<p><a href=\"https:\/\/centcols.org\/backup\/wp-content\/uploads\/2015\/04\/isaz.jpg\"><img loading=\"lazy\" decoding=\"async\" class=\"alignnone size-medium wp-image-374\" src=\"https:\/\/centcols.org\/backup\/wp-content\/uploads\/2015\/04\/isaz-500x377.jpg\" alt=\"isaz\" width=\"500\" height=\"377\" srcset=\"https:\/\/centcols.org\/backup\/wp-content\/uploads\/2015\/04\/isaz-500x377.jpg 500w, https:\/\/centcols.org\/backup\/wp-content\/uploads\/2015\/04\/isaz-600x452.jpg 600w, https:\/\/centcols.org\/backup\/wp-content\/uploads\/2015\/04\/isaz.jpg 804w\" sizes=\"(max-width: 500px) 100vw, 500px\" \/><\/a><\/p>\n","protected":false},"excerpt":{"rendered":"<p>Albums photos album photo de Philippe Garcia Dimanche 13 septembres, Languedoc-Roussillon D\u00e9part \u00e0 9 heures de la station de ski espagnole de Formigal (parking), 6 km au sud du col du Pourtalet (FR-64-1794), pour une boucle (VTT) de 21 km environ et un d\u00e9nivel\u00e9 de moins de 1000 m. Repas tir\u00e9 du sac. 3 cols [&hellip;]<\/p>\n","protected":false},"author":17,"featured_media":0,"comment_status":"closed","ping_status":"closed","sticky":false,"template":"","format":"standard","meta":{"_acf_changed":false,"ub_ctt_via":"","_monsterinsights_skip_tracking":false,"_monsterinsights_sitenote_active":false,"_monsterinsights_sitenote_note":"","_monsterinsights_sitenote_category":0,"footnotes":""},"categories":[13,7],"tags":[],"acf":[],"featured_image_urls":{"full":"","thumbnail":"","medium":"","medium_large":"","large":"","1536x1536":"","2048x2048":"","woocommerce_thumbnail":"","woocommerce_single":"","woocommerce_gallery_thumbnail":""},"post_excerpt_stackable":"<p>Albums photos album photo de Philippe Garcia Dimanche 13 septembres, Languedoc-Roussillon D\u00e9part \u00e0 9 heures de la station de ski espagnole de Formigal (parking), 6 km au sud du col du Pourtalet (FR-64-1794), pour une boucle (VTT) de 21 km environ et un d\u00e9nivel\u00e9 de moins de 1000 m. Repas tir\u00e9 du sac. 3 cols \u00e0 plus de 2000m : Collado de Izas (ES-HU-2239) Cuello Lapazuso 2121 m Cuello de la Mina 2096 m Contact Ren\u00e9 Marty, 06 37 00 53 34 &#114;e&#110;&#101;&#45;&#109;&#97;&#114;&#116;&#121;11&#64;&#104;&#111;&#116;ma&#105;l.fr La carte<\/p>\n","category_list":"<a href=\"https:\/\/centcols.org\/backup\/categorie\/rassemblements\/rassemblements-2015\/\" rel=\"category tag\">Les rassemblements de 2015<\/a>, <a href=\"https:\/\/centcols.org\/backup\/categorie\/rassemblements\/\" rel=\"category tag\">Rencontres r\u00e9gionales<\/a>","author_info":{"display_name":"R\u00e9gis Paraz","author_link":"https:\/\/centcols.org\/backup\/author\/3225\/"},"comments_num":"0 commentaire","featured_image_urls_v2":{"full":"","thumbnail":"","medium":"","medium_large":"","large":"","1536x1536":"","2048x2048":"","woocommerce_thumbnail":"","woocommerce_single":"","woocommerce_gallery_thumbnail":""},"post_excerpt_stackable_v2":"<p>Albums photos album photo de Philippe Garcia Dimanche 13 septembres, Languedoc-Roussillon D\u00e9part \u00e0 9 heures de la station de ski espagnole de Formigal (parking), 6 km au sud du col du Pourtalet (FR-64-1794), pour une boucle (VTT) de 21 km environ et un d\u00e9nivel\u00e9 de moins de 1000 m. Repas tir\u00e9 du sac. 3 cols \u00e0 plus de 2000m : Collado de Izas (ES-HU-2239) Cuello Lapazuso 2121 m Cuello de la Mina 2096 m Contact Ren\u00e9 Marty, 06 37 00 53 34 r&#101;n&#101;&#45;m&#97;&#114;&#116;y&#49;1&#64;h&#111;t&#109;a&#105;&#108;.&#102;r La carte<\/p>\n","category_list_v2":"<a href=\"https:\/\/centcols.org\/backup\/categorie\/rassemblements\/rassemblements-2015\/\" rel=\"category tag\">Les rassemblements de 2015<\/a>, <a href=\"https:\/\/centcols.org\/backup\/categorie\/rassemblements\/\" rel=\"category tag\">Rencontres r\u00e9gionales<\/a>","author_info_v2":{"name":"R\u00e9gis Paraz","url":"https:\/\/centcols.org\/backup\/author\/3225\/"},"comments_num_v2":"0 commentaire","featured_image_src":null,"_links":{"self":[{"href":"https:\/\/centcols.org\/backup\/wp-json\/wp\/v2\/posts\/373"}],"collection":[{"href":"https:\/\/centcols.org\/backup\/wp-json\/wp\/v2\/posts"}],"about":[{"href":"https:\/\/centcols.org\/backup\/wp-json\/wp\/v2\/types\/post"}],"author":[{"embeddable":true,"href":"https:\/\/centcols.org\/backup\/wp-json\/wp\/v2\/users\/17"}],"replies":[{"embeddable":true,"href":"https:\/\/centcols.org\/backup\/wp-json\/wp\/v2\/comments?post=373"}],"version-history":[{"count":0,"href":"https:\/\/centcols.org\/backup\/wp-json\/wp\/v2\/posts\/373\/revisions"}],"wp:attachment":[{"href":"https:\/\/centcols.org\/backup\/wp-json\/wp\/v2\/media?parent=373"}],"wp:term":[{"taxonomy":"category","embeddable":true,"href":"https:\/\/centcols.org\/backup\/wp-json\/wp\/v2\/categories?post=373"},{"taxonomy":"post_tag","embeddable":true,"href":"https:\/\/centcols.org\/backup\/wp-json\/wp\/v2\/tags?post=373"}],"curies":[{"name":"wp","href":"https:\/\/api.w.org\/{rel}","templated":true}]}}