{"id":37400,"date":"2019-11-28T17:17:04","date_gmt":"2019-11-28T16:17:04","guid":{"rendered":"https:\/\/centcols.org\/backup\/?p=37400"},"modified":"2020-04-18T14:06:22","modified_gmt":"2020-04-18T12:06:22","slug":"massif-central-est-2020","status":"publish","type":"post","link":"https:\/\/centcols.org\/backup\/massif-central-est-2020\/","title":{"rendered":"Massif Central Est, col de Montgreleix, 12 septembre 2020"},"content":{"rendered":"<p>Samedi 12 septembre 2020, Massif Central Est<\/p>\n<p>Rassemblement au col de Montgreleix (FR-15-1225)<\/p>\n<div id=\"lmm_eabe5349\" style=\"width:100%;\" class=\"mapsmarker markermap marker-19\">\n<div id=\"lmm_panel_eabe5349\" class=\"lmm-panel\" style=\"background:#efefef;\">\n<div id=\"lmm_panel_api_eabe5349\" class=\"lmm-panel-api\"><a href=\"https:\/\/maps.google.com\/maps?daddr=Montgreleix+Auvergne-Rh%C3%B4ne-Alpes%2C+France&amp;t=m&amp;layer=1&amp;doflg=ptk&amp;om=0\" target=\"_blank\" title=\"Obtenir l&#039;itin\u00e9raire\"><img loading=\"lazy\" decoding=\"async\" alt=\"icon-car.png\" src=\"https:\/\/centcols.org\/backup\/wp-content\/plugins\/leaflet-maps-marker\/inc\/img\/icon-car.png\" width=\"14\" height=\"14\" class=\"lmm-panel-api-images\" \/><\/a><\/div><div id=\"lmm_panel_text_eabe5349\" class=\"lmm-panel-text\" style=\"font-weight:bold;color:#373737;\">Col de Montgreleix<\/div><\/div>\n<div id=\"lmm_map_eabe5349\" class=\"lmm-map\" style=\"background:#f6f6f6;border:1px solid #ccc;height:480px; overflow:hidden;padding:0;\"><p style=\"font-size:80%;color:#9f9e9e;margin-left:5px;\">chargement de la carte - veuillez patienter...<noscript><br\/><strong>La carte ne peut \u00eatre charg\u00e9e - s'il vous pla\u00eet activer Javascript !<\/strong><br\/><a style=\"text-decoration:none;\" href=\"https:\/\/www.mapsmarker.com\/js-disabled\" target=\"_blank\">&rarr; plus dginformations<\/a><\/noscript><\/p><\/div>\n<div id=\"lmm_geo_tags_eabe5349\" class=\"lmm-geo-tags geo\">\n<span class=\"paneltext\">Col de Montgreleix<\/span>\n<span class=\"latitude\">45.343813<\/span>, <span class=\"longitude\">2.871079<\/span>\n<span class=\"popuptext\">Col de Montgreleix<\/span>\n<\/div>\n<\/div>\n<h3>Parcours (openrunner)<\/h3>\n<p>11125411 CC-Montgreleix &#8211; 7 cols &#8211; 80 km &#8211; D\u00e9nivel\u00e9 1584 m<br \/>\n11125382 CC-Montgreleix &#8211; 5 cols &#8211; 48 km &#8211; D\u00e9nivel\u00e9 927 m<br \/>\n11125345 CC-Montgreleix &#8211; 11 cols &#8211; 107 km &#8211; D\u00e9nivel\u00e9 1990 m<\/p>\n<p>Possibilit\u00e9 de stationnement pour les camping-cars sur le parking du cimeti\u00e8re.<br \/>\nIl y a une auberge dans le village<\/p>\n<h3>Contact<\/h3>\n<p>Claude Mabillot<br \/>\n04 71 65 34 78<br \/>\n<a href=\"mai&#108;&#116;o&#58;&#109;&#97;bill&#111;t&#64;&#102;&#114;&#101;e&#46;fr\">ma&#98;i&#108;lo&#116;&#64;&#102;&#114;ee&#46;&#102;r<\/a><\/p>\n","protected":false},"excerpt":{"rendered":"<p>Samedi 12 septembre 2020, Massif Central Est Rassemblement au col de Montgreleix (FR-15-1225) Parcours (openrunner) 11125411 CC-Montgreleix &#8211; 7 cols &#8211; 80 km &#8211; D\u00e9nivel\u00e9 1584 m 11125382 CC-Montgreleix &#8211; 5 cols &#8211; 48 km &#8211; D\u00e9nivel\u00e9 927 m 11125345 CC-Montgreleix &#8211; 11 cols &#8211; 107 km &#8211; D\u00e9nivel\u00e9 1990 m Possibilit\u00e9 de stationnement pour [&hellip;]<\/p>\n","protected":false},"author":147,"featured_media":0,"comment_status":"closed","ping_status":"closed","sticky":false,"template":"","format":"standard","meta":{"_acf_changed":false,"ub_ctt_via":"","_monsterinsights_skip_tracking":false,"_monsterinsights_sitenote_active":false,"_monsterinsights_sitenote_note":"","_monsterinsights_sitenote_category":0,"footnotes":""},"categories":[271],"tags":[],"acf":[],"featured_image_urls":{"full":"","thumbnail":"","medium":"","medium_large":"","large":"","1536x1536":"","2048x2048":"","woocommerce_thumbnail":"","woocommerce_single":"","woocommerce_gallery_thumbnail":""},"post_excerpt_stackable":"<p>Samedi 12 septembre 2020, Massif Central Est Rassemblement au col de Montgreleix (FR-15-1225) Col de Montgreleix chargement de la carte &#8211; veuillez patienter&#8230;La carte ne peut \u00eatre charg\u00e9e &#8211; s&#8217;il vous pla\u00eet activer Javascript !&rarr; plus dginformations Col de Montgreleix 45.343813, 2.871079 Col de Montgreleix Parcours (openrunner) 11125411 CC-Montgreleix &#8211; 7 cols &#8211; 80 km &#8211; D\u00e9nivel\u00e9 1584 m 11125382 CC-Montgreleix &#8211; 5 cols &#8211; 48 km &#8211; D\u00e9nivel\u00e9 927 m 11125345 CC-Montgreleix &#8211; 11 cols &#8211; 107 km &#8211; D\u00e9nivel\u00e9 1990 m Possibilit\u00e9 de stationnement pour les camping-cars sur le parking du cimeti\u00e8re. Il y a une auberge dans\u2026<\/p>\n","category_list":"<a href=\"https:\/\/centcols.org\/backup\/categorie\/rassemblements\/rassemblements-2020\/\" rel=\"category tag\">Les rassemblements de 2020<\/a>","author_info":{"display_name":"Guy Harl\u00e9","author_link":"https:\/\/centcols.org\/backup\/author\/5193\/"},"comments_num":"0 commentaire","featured_image_urls_v2":{"full":"","thumbnail":"","medium":"","medium_large":"","large":"","1536x1536":"","2048x2048":"","woocommerce_thumbnail":"","woocommerce_single":"","woocommerce_gallery_thumbnail":""},"post_excerpt_stackable_v2":"<p>Samedi 12 septembre 2020, Massif Central Est Rassemblement au col de Montgreleix (FR-15-1225) Col de Montgreleix chargement de la carte &#8211; veuillez patienter&#8230;La carte ne peut \u00eatre charg\u00e9e &#8211; s&#8217;il vous pla\u00eet activer Javascript !&rarr; plus dginformations Col de Montgreleix 45.343813, 2.871079 Col de Montgreleix Parcours (openrunner) 11125411 CC-Montgreleix &#8211; 7 cols &#8211; 80 km &#8211; D\u00e9nivel\u00e9 1584 m 11125382 CC-Montgreleix &#8211; 5 cols &#8211; 48 km &#8211; D\u00e9nivel\u00e9 927 m 11125345 CC-Montgreleix &#8211; 11 cols &#8211; 107 km &#8211; D\u00e9nivel\u00e9 1990 m Possibilit\u00e9 de stationnement pour les camping-cars sur le parking du cimeti\u00e8re. Il y a une auberge dans\u2026<\/p>\n","category_list_v2":"<a href=\"https:\/\/centcols.org\/backup\/categorie\/rassemblements\/rassemblements-2020\/\" rel=\"category tag\">Les rassemblements de 2020<\/a>","author_info_v2":{"name":"Guy Harl\u00e9","url":"https:\/\/centcols.org\/backup\/author\/5193\/"},"comments_num_v2":"0 commentaire","featured_image_src":null,"_links":{"self":[{"href":"https:\/\/centcols.org\/backup\/wp-json\/wp\/v2\/posts\/37400"}],"collection":[{"href":"https:\/\/centcols.org\/backup\/wp-json\/wp\/v2\/posts"}],"about":[{"href":"https:\/\/centcols.org\/backup\/wp-json\/wp\/v2\/types\/post"}],"author":[{"embeddable":true,"href":"https:\/\/centcols.org\/backup\/wp-json\/wp\/v2\/users\/147"}],"replies":[{"embeddable":true,"href":"https:\/\/centcols.org\/backup\/wp-json\/wp\/v2\/comments?post=37400"}],"version-history":[{"count":0,"href":"https:\/\/centcols.org\/backup\/wp-json\/wp\/v2\/posts\/37400\/revisions"}],"wp:attachment":[{"href":"https:\/\/centcols.org\/backup\/wp-json\/wp\/v2\/media?parent=37400"}],"wp:term":[{"taxonomy":"category","embeddable":true,"href":"https:\/\/centcols.org\/backup\/wp-json\/wp\/v2\/categories?post=37400"},{"taxonomy":"post_tag","embeddable":true,"href":"https:\/\/centcols.org\/backup\/wp-json\/wp\/v2\/tags?post=37400"}],"curies":[{"name":"wp","href":"https:\/\/api.w.org\/{rel}","templated":true}]}}