{"id":37460,"date":"2019-11-28T16:00:47","date_gmt":"2019-11-28T15:00:47","guid":{"rendered":"https:\/\/centcols.org\/backup\/?p=37460"},"modified":"2020-09-08T13:45:23","modified_gmt":"2020-09-08T11:45:23","slug":"alpes-sud-2020","status":"publish","type":"post","link":"https:\/\/centcols.org\/backup\/alpes-sud-2020\/","title":{"rendered":"Alpes du Sud, col du Labouret, report au 19 septembre"},"content":{"rendered":"<p>Alpes Sud, Col du Labouret (FR-04-1240a)<\/p>\n<h3>Accueil<\/h3>\n<p>A partir de 8 h 30 sur le parking du parc Demontzey, situ\u00e9 \u00e0 environ 300 m sous le col du Labouret, versant Le Vernet.<br \/>\nBoissons chaudes avant le d\u00e9part.<\/p>\n<p>D\u00e9part vers 9 h 00 pour routiers et v\u00e9t\u00e9tistes.<\/p>\n<h3>Parcours<\/h3>\n<p><strong>-Route :<\/strong>\u00a0 8 cols propos\u00e9s au maximum entre vall\u00e9e de La Blanche et abords du lac de Serre-Pon\u00e7on, dont les traditionnels cols St Jean et du Fanget. 77 km &#8211; D+ 1545 m, avec possibilit\u00e9 de 2 raccourcis\u00a0 : 59 km &#8211; 5 cols (Selonnet &#8211; St Jean direct), et 39 km &#8211; 4 cols (Seyne &#8211; Le Fanget direct).<br \/>\nOpenrunner : CCC Alpes Sud 2020 &#8211; Route<\/p>\n<p><strong>VTT :<\/strong>\u00a0 5 cols au pied du massif de Blayeul dont le bien nomm\u00e9 col de Mal-hiver, 21 km D+ 675 m. Possibilit\u00e9 de se rapprocher au hameau de L&#8217;Escale: 3 cols &#8211; 10 km.<br \/>\nOpenrunner : CCC Alpes Sud 2020 &#8211; VTT<\/p>\n<p><strong>Acompagnants :<\/strong>\u00a0circuit p\u00e9destre propos\u00e9 sur place.<\/p>\n<p>Retour \u00e0 midi dans le parc Demontzey pour \u00e9changer et partager &#8211; pains, fromages et autres produits locaux. &#8221;<\/p>\n<div id='gallery-1' class='gallery galleryid-37460 gallery-columns-2 gallery-size-medium'><dl class='gallery-item'>\n\t\t\t<dt class='gallery-icon landscape'>\n\t\t\t\t<a href='https:\/\/centcols.org\/backup\/alpes-sud-2020\/col-labouret\/'><img loading=\"lazy\" decoding=\"async\" width=\"500\" height=\"375\" src=\"https:\/\/centcols.org\/backup\/wp-content\/uploads\/2019\/11\/col-labouret-500x375.jpg\" class=\"attachment-medium size-medium\" alt=\"\" aria-describedby=\"gallery-1-37870\" srcset=\"https:\/\/centcols.org\/backup\/wp-content\/uploads\/2019\/11\/col-labouret-500x375.jpg 500w, https:\/\/centcols.org\/backup\/wp-content\/uploads\/2019\/11\/col-labouret-600x450.jpg 600w, https:\/\/centcols.org\/backup\/wp-content\/uploads\/2019\/11\/col-labouret-768x576.jpg 768w, https:\/\/centcols.org\/backup\/wp-content\/uploads\/2019\/11\/col-labouret.jpg 1200w\" sizes=\"(max-width: 500px) 100vw, 500px\" \/><\/a>\n\t\t\t<\/dt>\n\t\t\t\t<dd class='wp-caption-text gallery-caption' id='gallery-1-37870'>\n\t\t\t\tCol du Labouret\n\t\t\t\t<\/dd><\/dl><dl class='gallery-item'>\n\t\t\t<dt class='gallery-icon landscape'>\n\t\t\t\t<a href='https:\/\/centcols.org\/backup\/alpes-sud-2020\/gite-demontzey\/'><img loading=\"lazy\" decoding=\"async\" width=\"500\" height=\"375\" src=\"https:\/\/centcols.org\/backup\/wp-content\/uploads\/2019\/11\/gite-demontzey-500x375.jpg\" class=\"attachment-medium size-medium\" alt=\"\" aria-describedby=\"gallery-1-37875\" srcset=\"https:\/\/centcols.org\/backup\/wp-content\/uploads\/2019\/11\/gite-demontzey-500x375.jpg 500w, https:\/\/centcols.org\/backup\/wp-content\/uploads\/2019\/11\/gite-demontzey-600x450.jpg 600w, https:\/\/centcols.org\/backup\/wp-content\/uploads\/2019\/11\/gite-demontzey-768x576.jpg 768w, https:\/\/centcols.org\/backup\/wp-content\/uploads\/2019\/11\/gite-demontzey.jpg 1200w\" sizes=\"(max-width: 500px) 100vw, 500px\" \/><\/a>\n\t\t\t<\/dt>\n\t\t\t\t<dd class='wp-caption-text gallery-caption' id='gallery-1-37875'>\n\t\t\t\tG\u00efte de Demontzey\n\t\t\t\t<\/dd><\/dl><br style=\"clear: both\" \/>\n\t\t<\/div>\n\n<div id=\"lmm_c4d4480e\" style=\"width:100%;\" class=\"mapsmarker markermap marker-22\">\n<div id=\"lmm_panel_c4d4480e\" class=\"lmm-panel\" style=\"background:#efefef;\">\n<div id=\"lmm_panel_api_c4d4480e\" class=\"lmm-panel-api\"><a href=\"https:\/\/maps.google.com\/maps?daddr=Verdaches+Provence-Alpes-C%C3%B4te+d%5C%26%23039%3BAzur%2C+France&amp;t=m&amp;layer=1&amp;doflg=ptk&amp;om=0\" target=\"_blank\" title=\"Obtenir l&#039;itin\u00e9raire\"><img loading=\"lazy\" decoding=\"async\" alt=\"icon-car.png\" src=\"https:\/\/centcols.org\/backup\/wp-content\/plugins\/leaflet-maps-marker\/inc\/img\/icon-car.png\" width=\"14\" height=\"14\" class=\"lmm-panel-api-images\" \/><\/a><\/div><div id=\"lmm_panel_text_c4d4480e\" class=\"lmm-panel-text\" style=\"font-weight:bold;color:#373737;\">Col du Labouret<\/div><\/div>\n<div id=\"lmm_map_c4d4480e\" class=\"lmm-map\" style=\"background:#f6f6f6;border:1px solid #ccc;height:480px; overflow:hidden;padding:0;\"><p style=\"font-size:80%;color:#9f9e9e;margin-left:5px;\">chargement de la carte - veuillez patienter...<noscript><br\/><strong>La carte ne peut \u00eatre charg\u00e9e - s'il vous pla\u00eet activer Javascript !<\/strong><br\/><a style=\"text-decoration:none;\" href=\"https:\/\/www.mapsmarker.com\/js-disabled\" target=\"_blank\">&rarr; plus dginformations<\/a><\/noscript><\/p><\/div>\n<div id=\"lmm_geo_tags_c4d4480e\" class=\"lmm-geo-tags geo\">\n<span class=\"paneltext\">Col du Labouret<\/span>\n<span class=\"latitude\">44.250487<\/span>, <span class=\"longitude\">6.372457<\/span>\n<span class=\"popuptext\">Parc Demontzey<\/span>\n<\/div>\n<\/div>\n<h3>Contact<\/h3>\n<p>Robert Yonnet<br \/>\n+33 4 92 37 23 69\u00a0 &#8211;\u00a0 +33 6 81 85 54 71<br \/>\n<a href=\"m&#97;il&#116;o&#58;r&#111;bert&#46;yonnet&#64;&#111;ra&#110;g&#101;.&#102;&#114;\">&#114;ob&#101;r&#116;.yon&#110;et&#64;&#111;&#114;ange.f&#114;<\/a><\/p>\n","protected":false},"excerpt":{"rendered":"<p>Alpes Sud, Col du Labouret (FR-04-1240a) Accueil A partir de 8 h 30 sur le parking du parc Demontzey, situ\u00e9 \u00e0 environ 300 m sous le col du Labouret, versant Le Vernet. Boissons chaudes avant le d\u00e9part. D\u00e9part vers 9 h 00 pour routiers et v\u00e9t\u00e9tistes. Parcours -Route :\u00a0 8 cols propos\u00e9s au maximum entre [&hellip;]<\/p>\n","protected":false},"author":147,"featured_media":0,"comment_status":"closed","ping_status":"closed","sticky":false,"template":"","format":"standard","meta":{"_acf_changed":false,"ub_ctt_via":"","_monsterinsights_skip_tracking":false,"_monsterinsights_sitenote_active":false,"_monsterinsights_sitenote_note":"","_monsterinsights_sitenote_category":0,"footnotes":""},"categories":[271,7],"tags":[],"acf":[],"featured_image_urls":{"full":"","thumbnail":"","medium":"","medium_large":"","large":"","1536x1536":"","2048x2048":"","woocommerce_thumbnail":"","woocommerce_single":"","woocommerce_gallery_thumbnail":""},"post_excerpt_stackable":"<p>Alpes Sud, Col du Labouret (FR-04-1240a) Accueil A partir de 8 h 30 sur le parking du parc Demontzey, situ\u00e9 \u00e0 environ 300 m sous le col du Labouret, versant Le Vernet. Boissons chaudes avant le d\u00e9part. D\u00e9part vers 9 h 00 pour routiers et v\u00e9t\u00e9tistes. Parcours -Route :\u00a0 8 cols propos\u00e9s au maximum entre vall\u00e9e de La Blanche et abords du lac de Serre-Pon\u00e7on, dont les traditionnels cols St Jean et du Fanget. 77 km &#8211; D+ 1545 m, avec possibilit\u00e9 de 2 raccourcis\u00a0 : 59 km &#8211; 5 cols (Selonnet &#8211; St Jean direct), et 39 km &#8211;\u2026<\/p>\n","category_list":"<a href=\"https:\/\/centcols.org\/backup\/categorie\/rassemblements\/rassemblements-2020\/\" rel=\"category tag\">Les rassemblements de 2020<\/a>, <a href=\"https:\/\/centcols.org\/backup\/categorie\/rassemblements\/\" rel=\"category tag\">Rencontres r\u00e9gionales<\/a>","author_info":{"display_name":"Guy Harl\u00e9","author_link":"https:\/\/centcols.org\/backup\/author\/5193\/"},"comments_num":"0 commentaire","featured_image_urls_v2":{"full":"","thumbnail":"","medium":"","medium_large":"","large":"","1536x1536":"","2048x2048":"","woocommerce_thumbnail":"","woocommerce_single":"","woocommerce_gallery_thumbnail":""},"post_excerpt_stackable_v2":"<p>Alpes Sud, Col du Labouret (FR-04-1240a) Accueil A partir de 8 h 30 sur le parking du parc Demontzey, situ\u00e9 \u00e0 environ 300 m sous le col du Labouret, versant Le Vernet. Boissons chaudes avant le d\u00e9part. D\u00e9part vers 9 h 00 pour routiers et v\u00e9t\u00e9tistes. Parcours -Route :\u00a0 8 cols propos\u00e9s au maximum entre vall\u00e9e de La Blanche et abords du lac de Serre-Pon\u00e7on, dont les traditionnels cols St Jean et du Fanget. 77 km &#8211; D+ 1545 m, avec possibilit\u00e9 de 2 raccourcis\u00a0 : 59 km &#8211; 5 cols (Selonnet &#8211; St Jean direct), et 39 km &#8211;\u2026<\/p>\n","category_list_v2":"<a href=\"https:\/\/centcols.org\/backup\/categorie\/rassemblements\/rassemblements-2020\/\" rel=\"category tag\">Les rassemblements de 2020<\/a>, <a href=\"https:\/\/centcols.org\/backup\/categorie\/rassemblements\/\" rel=\"category tag\">Rencontres r\u00e9gionales<\/a>","author_info_v2":{"name":"Guy Harl\u00e9","url":"https:\/\/centcols.org\/backup\/author\/5193\/"},"comments_num_v2":"0 commentaire","featured_image_src":null,"_links":{"self":[{"href":"https:\/\/centcols.org\/backup\/wp-json\/wp\/v2\/posts\/37460"}],"collection":[{"href":"https:\/\/centcols.org\/backup\/wp-json\/wp\/v2\/posts"}],"about":[{"href":"https:\/\/centcols.org\/backup\/wp-json\/wp\/v2\/types\/post"}],"author":[{"embeddable":true,"href":"https:\/\/centcols.org\/backup\/wp-json\/wp\/v2\/users\/147"}],"replies":[{"embeddable":true,"href":"https:\/\/centcols.org\/backup\/wp-json\/wp\/v2\/comments?post=37460"}],"version-history":[{"count":0,"href":"https:\/\/centcols.org\/backup\/wp-json\/wp\/v2\/posts\/37460\/revisions"}],"wp:attachment":[{"href":"https:\/\/centcols.org\/backup\/wp-json\/wp\/v2\/media?parent=37460"}],"wp:term":[{"taxonomy":"category","embeddable":true,"href":"https:\/\/centcols.org\/backup\/wp-json\/wp\/v2\/categories?post=37460"},{"taxonomy":"post_tag","embeddable":true,"href":"https:\/\/centcols.org\/backup\/wp-json\/wp\/v2\/tags?post=37460"}],"curies":[{"name":"wp","href":"https:\/\/api.w.org\/{rel}","templated":true}]}}