{"id":37486,"date":"2019-11-28T17:10:17","date_gmt":"2019-11-28T16:10:17","guid":{"rendered":"https:\/\/centcols.org\/backup\/?p=37486"},"modified":"2019-12-27T11:17:29","modified_gmt":"2019-12-27T10:17:29","slug":"dav-2020","status":"publish","type":"post","link":"https:\/\/centcols.org\/backup\/dav-2020\/","title":{"rendered":"Dr\u00f4me Ard\u00e8che Vaucluse, col de Veaux, 5 septembre 2020"},"content":{"rendered":"<p>Samedi 5 septembre 2020, Dr\u00f4me, Ard\u00e8che, Vaucluse<br \/>\nCol de Veaux (FR-26-0386), \u00e0 confirmer<\/p>\n<div>\n<p class=\"western\" align=\"left\"><span style=\"color: #222222;\"><span style=\"font-family: Arial, Helvetica, sans-serif;\"><span style=\"font-size: medium;\">Accueil \u00e0 partir de 11 h 00 au Col de Veaux pour partager charcuterie et fromage (confirmation du lieu \u00e0 venir).<\/span><\/span><\/span><\/p>\n<p align=\"left\"><div id=\"lmm_e2ab57c6\" style=\"width:100%;\" class=\"mapsmarker markermap marker-21\">\n<div id=\"lmm_panel_e2ab57c6\" class=\"lmm-panel\" style=\"background:#efefef;\">\n<div id=\"lmm_panel_api_e2ab57c6\" class=\"lmm-panel-api\"><a href=\"https:\/\/maps.google.com\/maps?daddr=Mollans-sur-Ouv%C3%A8ze+Auvergne-Rh%C3%B4ne-Alpes%2C+France&amp;t=m&amp;layer=1&amp;doflg=ptk&amp;om=0\" target=\"_blank\" title=\"Obtenir l&#039;itin\u00e9raire\"><img loading=\"lazy\" decoding=\"async\" alt=\"icon-car.png\" src=\"https:\/\/centcols.org\/backup\/wp-content\/plugins\/leaflet-maps-marker\/inc\/img\/icon-car.png\" width=\"14\" height=\"14\" class=\"lmm-panel-api-images\" \/><\/a><\/div><div id=\"lmm_panel_text_e2ab57c6\" class=\"lmm-panel-text\" style=\"font-weight:bold;color:#373737;\">Col de Veaux<\/div><\/div>\n<div id=\"lmm_map_e2ab57c6\" class=\"lmm-map\" style=\"background:#f6f6f6;border:1px solid #ccc;height:480px; overflow:hidden;padding:0;\"><p style=\"font-size:80%;color:#9f9e9e;margin-left:5px;\">chargement de la carte - veuillez patienter...<noscript><br\/><strong>La carte ne peut \u00eatre charg\u00e9e - s'il vous pla\u00eet activer Javascript !<\/strong><br\/><a style=\"text-decoration:none;\" href=\"https:\/\/www.mapsmarker.com\/js-disabled\" target=\"_blank\">&rarr; plus dginformations<\/a><\/noscript><\/p><\/div>\n<div id=\"lmm_geo_tags_e2ab57c6\" class=\"lmm-geo-tags geo\">\n<span class=\"paneltext\">Col de Veaux<\/span>\n<span class=\"latitude\">44.228584<\/span>, <span class=\"longitude\">5.189849<\/span>\n<span class=\"popuptext\">Col de Veaux<\/span>\n<\/div>\n<\/div><\/p>\n<\/div>\n<h3>\u00a0Contact<\/h3>\n<p>Jean-Marie Gilouin<br \/>\n06 31 79 01 06<br \/>\n<a href=\"&#109;&#97;il&#116;&#111;:&#98;&#106;m&#46;&#99;&#101;&#110;tc&#111;&#108;&#115;&#64;&#103;&#109;ai&#108;.&#99;om\">bj&#109;.&#99;e&#110;&#116;col&#115;&#64;&#103;m&#97;&#105;l.&#99;&#111;m<\/a><\/p>\n","protected":false},"excerpt":{"rendered":"<p>Samedi 5 septembre 2020, Dr\u00f4me, Ard\u00e8che, Vaucluse Col de Veaux (FR-26-0386), \u00e0 confirmer Accueil \u00e0 partir de 11 h 00 au Col de Veaux pour partager charcuterie et fromage (confirmation du lieu \u00e0 venir). \u00a0Contact Jean-Marie Gilouin 06 31 79 01 06<\/p>\n","protected":false},"author":147,"featured_media":0,"comment_status":"closed","ping_status":"closed","sticky":false,"template":"","format":"standard","meta":{"_acf_changed":false,"ub_ctt_via":"","_monsterinsights_skip_tracking":false,"_monsterinsights_sitenote_active":false,"_monsterinsights_sitenote_note":"","_monsterinsights_sitenote_category":0,"footnotes":""},"categories":[271,7],"tags":[],"acf":[],"featured_image_urls":{"full":"","thumbnail":"","medium":"","medium_large":"","large":"","1536x1536":"","2048x2048":"","woocommerce_thumbnail":"","woocommerce_single":"","woocommerce_gallery_thumbnail":""},"post_excerpt_stackable":"<p>Samedi 5 septembre 2020, Dr\u00f4me, Ard\u00e8che, Vaucluse Col de Veaux (FR-26-0386), \u00e0 confirmer Accueil \u00e0 partir de 11 h 00 au Col de Veaux pour partager charcuterie et fromage (confirmation du lieu \u00e0 venir). Col de Veaux chargement de la carte &#8211; veuillez patienter&#8230;La carte ne peut \u00eatre charg\u00e9e &#8211; s&#8217;il vous pla\u00eet activer Javascript !&rarr; plus dginformations Col de Veaux 44.228584, 5.189849 Col de Veaux \u00a0Contact Jean-Marie Gilouin 06 31 79 01 06 &#98;&#106;&#109;&#46;c&#101;nt&#99;ols&#64;gmai&#108;.c&#111;&#109;<\/p>\n","category_list":"<a href=\"https:\/\/centcols.org\/backup\/categorie\/rassemblements\/rassemblements-2020\/\" rel=\"category tag\">Les rassemblements de 2020<\/a>, <a href=\"https:\/\/centcols.org\/backup\/categorie\/rassemblements\/\" rel=\"category tag\">Rencontres r\u00e9gionales<\/a>","author_info":{"display_name":"Guy Harl\u00e9","author_link":"https:\/\/centcols.org\/backup\/author\/5193\/"},"comments_num":"0 commentaire","featured_image_urls_v2":{"full":"","thumbnail":"","medium":"","medium_large":"","large":"","1536x1536":"","2048x2048":"","woocommerce_thumbnail":"","woocommerce_single":"","woocommerce_gallery_thumbnail":""},"post_excerpt_stackable_v2":"<p>Samedi 5 septembre 2020, Dr\u00f4me, Ard\u00e8che, Vaucluse Col de Veaux (FR-26-0386), \u00e0 confirmer Accueil \u00e0 partir de 11 h 00 au Col de Veaux pour partager charcuterie et fromage (confirmation du lieu \u00e0 venir). Col de Veaux chargement de la carte &#8211; veuillez patienter&#8230;La carte ne peut \u00eatre charg\u00e9e &#8211; s&#8217;il vous pla\u00eet activer Javascript !&rarr; plus dginformations Col de Veaux 44.228584, 5.189849 Col de Veaux \u00a0Contact Jean-Marie Gilouin 06 31 79 01 06 &#98;j&#109;.&#99;&#101;&#110;tc&#111;&#108;&#115;&#64;g&#109;&#97;&#105;&#108;&#46;co&#109;<\/p>\n","category_list_v2":"<a href=\"https:\/\/centcols.org\/backup\/categorie\/rassemblements\/rassemblements-2020\/\" rel=\"category tag\">Les rassemblements de 2020<\/a>, <a href=\"https:\/\/centcols.org\/backup\/categorie\/rassemblements\/\" rel=\"category tag\">Rencontres r\u00e9gionales<\/a>","author_info_v2":{"name":"Guy Harl\u00e9","url":"https:\/\/centcols.org\/backup\/author\/5193\/"},"comments_num_v2":"0 commentaire","featured_image_src":null,"_links":{"self":[{"href":"https:\/\/centcols.org\/backup\/wp-json\/wp\/v2\/posts\/37486"}],"collection":[{"href":"https:\/\/centcols.org\/backup\/wp-json\/wp\/v2\/posts"}],"about":[{"href":"https:\/\/centcols.org\/backup\/wp-json\/wp\/v2\/types\/post"}],"author":[{"embeddable":true,"href":"https:\/\/centcols.org\/backup\/wp-json\/wp\/v2\/users\/147"}],"replies":[{"embeddable":true,"href":"https:\/\/centcols.org\/backup\/wp-json\/wp\/v2\/comments?post=37486"}],"version-history":[{"count":0,"href":"https:\/\/centcols.org\/backup\/wp-json\/wp\/v2\/posts\/37486\/revisions"}],"wp:attachment":[{"href":"https:\/\/centcols.org\/backup\/wp-json\/wp\/v2\/media?parent=37486"}],"wp:term":[{"taxonomy":"category","embeddable":true,"href":"https:\/\/centcols.org\/backup\/wp-json\/wp\/v2\/categories?post=37486"},{"taxonomy":"post_tag","embeddable":true,"href":"https:\/\/centcols.org\/backup\/wp-json\/wp\/v2\/tags?post=37486"}],"curies":[{"name":"wp","href":"https:\/\/api.w.org\/{rel}","templated":true}]}}