{"id":3944,"date":"2015-04-21T17:47:51","date_gmt":"2015-04-21T15:47:51","guid":{"rendered":"http:\/\/centcols.org\/backup\/?p=3944"},"modified":"2015-04-21T17:47:51","modified_gmt":"2015-04-21T15:47:51","slug":"230900-michel-de-brebisson-nous-transmet-un-article-paru-dans-le-monde-du-13092000","status":"publish","type":"post","link":"https:\/\/centcols.org\/backup\/230900-michel-de-brebisson-nous-transmet-un-article-paru-dans-le-monde-du-13092000\/","title":{"rendered":"23\/09\/00 : Michel de Br\u00e9bisson nous transmet un article paru dans le Monde du 13\/09\/2000"},"content":{"rendered":"<h2>\nDans &#8220;Le Monde&#8221; du 13 septembre 2000 : Le v\u00e9lo, c&#8217;est s\u00e9rieux<\/h2>\n<p>Le v\u00e9lo permet de se d\u00e9placer en ville librement et sur des distances de plusieurs kilom\u00e8tres ; il est utilisable par une large fraction de la population; il est bon pour la sant\u00e9 ; il occupe peu de place sur la voirie ; il ne fait pas de bruit; il ne pollue pas ; il n&#8217;est pas responsable d&#8217;accidents graves ; il ne consomme pas de p\u00e9trole ; il ne contribue pas \u00e0 l&#8217;effet de serre&#8230; On n&#8217;en finirait pas d&#8217;\u00e9num\u00e9rer ses avantages individuels et collectifs qui expliquent la bonne image dont il b\u00e9n\u00e9ficie dans l&#8217;opinion.<\/p>\n<p>Pourtant, le v\u00e9lo reste le parent pauvre des moyens de transport urbains. A l&#8217;exception notable de Strasbourg, sa pratique s&#8217;est peu \u00e0 peu marginalis\u00e9e dans les villes fran\u00e7aises. Certes, quelques cit\u00e9s ont r\u00e9cemment mis en place des am\u00e9nagements cyclables, mais cet effort, parfois proche du bricolage, a tout juste permis d&#8217;enrayer son d\u00e9clin.<\/p>\n<p>Les perspectives d&#8217;avenir ne sont gu\u00e8re encourageantes. Parmi les vingt-sept plans de d\u00e9placements urbains adopt\u00e9s \u00e0 la date limite du 30 juin 2000 (sur les soixante-cinq rendus obligatoires par la loi sur l&#8217;air), beaucoup envisagent des mesures favorables au v\u00e9lo, mais dix seulement pr\u00e9voient un financement sp\u00e9cifique, d&#8217;ailleurs bien modeste : de 4 millions de francs, autant dire rien du tout, \u00e0 100 millions, \u00e0 peine le prix d&#8217;un kilom\u00e8tre de tramway.<\/p>\n<p>Une telle situation est paradoxale, car les investissements cyclables sont les plus rentables pour r\u00e9duire la circulation automobile. Un d\u00e9placement automobile urbain sur deux se fait sur moins de trois kilom\u00e8tres : le v\u00e9lo peut donc devenir un transport de masse, et les moyens financiers n\u00e9cessaires \u00e0 une politique du v\u00e9lo ambitieuse sont d\u00e9risoires si on les compare aux cr\u00e9dits affect\u00e9s aux transports, collectifs ou engloutis dans les incessants (et inutiles) travaux de voirie.<\/p>\n<p>Comment expliquer le paradoxe ? En France la plupart des \u00e9lus parlent du v\u00e9lo urbain avec un sourire au coin des l\u00e8vres.<\/p>\n<p>Les uns ne voient en lui qu&#8217;un accessoire, bon pour les \u00e9tudiants pauvres et les marginaux autophobes, un archa\u00efsme \u00e0 l&#8217;\u00e8re de l&#8217;automobile, voire un gadget \u00e0 la mode auquel il faut bien sacrifier une fois par an, en enfourchant quelques minutes un engin flambant neuf lors de la F\u00eate du v\u00e9lo : un bout de piste cyclable par-ci, par-l\u00e0 fera donc l&#8217;affaire.<\/p>\n<p>Les autres sont sceptiques : le v\u00e9lo, c&#8217;est bon pour les loisirs, pas pour les d\u00e9placements quotidiens ; c&#8217;est bon pour les Hollandais, \u00e7a ne prendra jamais en France. inutile, donc, de se lancer dans une politique coh\u00e9rente englobant itin\u00e9raires s\u00e9curis\u00e9s sans d\u00e9tours dissuasifs, bien signal\u00e9s et entretenus, stationnement s\u00e9curis\u00e9 lui aussi, compl\u00e9mentarit\u00e9 avec les transports collectifs, services de location et de r\u00e9paration, v\u00e9los de fonction, promotion du v\u00e9lo, embauche de techniciens comp\u00e9tents&#8230;<\/p>\n<p>Mais, il n&#8217;y a pas si longtemps, on disait aussi : le tramway, c&#8217;est bon pour les Suisses. Il en est du v\u00e9lo comme du transport collectif. Son usage n&#8217;est pas une affaire de chromosomes ou de particularismes culturels : les changements de comportement sont directement li\u00e9s aux efforts des am\u00e9nageurs. A Fribourg-en-Brisgau, ville moyenne prosp\u00e8re de la For\u00eat-Noire, en vingt ans, la part du v\u00e9lo dans les d\u00e9placements m\u00e9canis\u00e9s est pass\u00e9e de 16 \u00e0 29 %, celle des bus et tramways de 22 \u00e0 29 %, et celle de l&#8217;automobile de 60 \u00e0 43 % ! A Gen\u00e8ve, l&#8217;usage du v\u00e9lo a doubl\u00e9 en dix ans parce que ses \u00e9lus en ont eu la volont\u00e9 politique.<\/p>\n<p><strong>Il est donc grand temps que nos responsables politiques changent de braquet et consid\u00e8rent le v\u00e9lo comme un mode de transport \u00e0 part enti\u00e8re<\/strong>, car il peut contribuer, au m\u00eame titre que le transport collectif, \u00e0 la diminution du trafic automobile, \u00e0 la qualit\u00e9 de vie urbaine et \u00e0 la lutte contre l&#8217;effet de serre.<\/p>\n<p>Le r\u00f4le des \u00e9lus locaux sera d\u00e9terminant, mais le gouvernement ne doit pas rester inactif. Il peut par exemple acc\u00e9l\u00e9rer la r\u00e9forme du code de la route, dont diverses r\u00e8gles p\u00e9nalisent les cyclistes. Quant \u00e0 une suppression de la TVA sur l&#8217;achat et la r\u00e9paration des v\u00e9los, elle co\u00fbterait moins cher \u00e0 l&#8217;Etat que la d\u00e9magogique suppression de la vignette automobile. Et surtout, au-del\u00e0 de son utilit\u00e9 propre, elle aurait un impact psychologique fort : en ces temps de conf\u00e9rence internationale sur l&#8217;effet de serre, elle d\u00e9montrerait que<strong> le v\u00e9lo, c&#8217;est s\u00e9rieux<\/strong>.<\/p>\n<p><strong>Jean Sivardi\u00e8re<\/strong>, pr\u00e9sident de la F\u00e9d\u00e9ration nationale des associations d&#8217;usagers des transports (Fnaut).<\/p>\n","protected":false},"excerpt":{"rendered":"<p>Dans &#8220;Le Monde&#8221; du 13 septembre 2000 : Le v\u00e9lo, c&#8217;est s\u00e9rieux Le v\u00e9lo permet de se d\u00e9placer en ville librement et sur des distances de plusieurs kilom\u00e8tres ; il est utilisable par une large fraction de la population; il est bon pour la sant\u00e9 ; il occupe peu de place sur la voirie ; [&hellip;]<\/p>\n","protected":false},"author":2001,"featured_media":0,"comment_status":"closed","ping_status":"closed","sticky":false,"template":"","format":"standard","meta":{"_acf_changed":false,"ub_ctt_via":"","_monsterinsights_skip_tracking":false,"_monsterinsights_sitenote_active":false,"_monsterinsights_sitenote_note":"","_monsterinsights_sitenote_category":0,"footnotes":""},"categories":[34],"tags":[],"acf":[],"featured_image_urls":{"full":"","thumbnail":"","medium":"","medium_large":"","large":"","1536x1536":"","2048x2048":"","woocommerce_thumbnail":"","woocommerce_single":"","woocommerce_gallery_thumbnail":""},"post_excerpt_stackable":"<p>Dans &#8220;Le Monde&#8221; du 13 septembre 2000 : Le v\u00e9lo, c&#8217;est s\u00e9rieux Le v\u00e9lo permet de se d\u00e9placer en ville librement et sur des distances de plusieurs kilom\u00e8tres ; il est utilisable par une large fraction de la population; il est bon pour la sant\u00e9 ; il occupe peu de place sur la voirie ; il ne fait pas de bruit; il ne pollue pas ; il n&#8217;est pas responsable d&#8217;accidents graves ; il ne consomme pas de p\u00e9trole ; il ne contribue pas \u00e0 l&#8217;effet de serre&#8230; On n&#8217;en finirait pas d&#8217;\u00e9num\u00e9rer ses avantages individuels et collectifs qui expliquent\u2026<\/p>\n","category_list":"<a href=\"https:\/\/centcols.org\/backup\/categorie\/archives\/2000\/\" rel=\"category tag\">2000<\/a>","author_info":{"display_name":"Webmestre","author_link":"https:\/\/centcols.org\/backup\/author\/webmestre\/"},"comments_num":"0 commentaire","featured_image_urls_v2":{"full":"","thumbnail":"","medium":"","medium_large":"","large":"","1536x1536":"","2048x2048":"","woocommerce_thumbnail":"","woocommerce_single":"","woocommerce_gallery_thumbnail":""},"post_excerpt_stackable_v2":"<p>Dans &#8220;Le Monde&#8221; du 13 septembre 2000 : Le v\u00e9lo, c&#8217;est s\u00e9rieux Le v\u00e9lo permet de se d\u00e9placer en ville librement et sur des distances de plusieurs kilom\u00e8tres ; il est utilisable par une large fraction de la population; il est bon pour la sant\u00e9 ; il occupe peu de place sur la voirie ; il ne fait pas de bruit; il ne pollue pas ; il n&#8217;est pas responsable d&#8217;accidents graves ; il ne consomme pas de p\u00e9trole ; il ne contribue pas \u00e0 l&#8217;effet de serre&#8230; On n&#8217;en finirait pas d&#8217;\u00e9num\u00e9rer ses avantages individuels et collectifs qui expliquent\u2026<\/p>\n","category_list_v2":"<a href=\"https:\/\/centcols.org\/backup\/categorie\/archives\/2000\/\" rel=\"category tag\">2000<\/a>","author_info_v2":{"name":"Webmestre","url":"https:\/\/centcols.org\/backup\/author\/webmestre\/"},"comments_num_v2":"0 commentaire","featured_image_src":null,"_links":{"self":[{"href":"https:\/\/centcols.org\/backup\/wp-json\/wp\/v2\/posts\/3944"}],"collection":[{"href":"https:\/\/centcols.org\/backup\/wp-json\/wp\/v2\/posts"}],"about":[{"href":"https:\/\/centcols.org\/backup\/wp-json\/wp\/v2\/types\/post"}],"author":[{"embeddable":true,"href":"https:\/\/centcols.org\/backup\/wp-json\/wp\/v2\/users\/2001"}],"replies":[{"embeddable":true,"href":"https:\/\/centcols.org\/backup\/wp-json\/wp\/v2\/comments?post=3944"}],"version-history":[{"count":0,"href":"https:\/\/centcols.org\/backup\/wp-json\/wp\/v2\/posts\/3944\/revisions"}],"wp:attachment":[{"href":"https:\/\/centcols.org\/backup\/wp-json\/wp\/v2\/media?parent=3944"}],"wp:term":[{"taxonomy":"category","embeddable":true,"href":"https:\/\/centcols.org\/backup\/wp-json\/wp\/v2\/categories?post=3944"},{"taxonomy":"post_tag","embeddable":true,"href":"https:\/\/centcols.org\/backup\/wp-json\/wp\/v2\/tags?post=3944"}],"curies":[{"name":"wp","href":"https:\/\/api.w.org\/{rel}","templated":true}]}}