{"id":3945,"date":"2015-04-21T17:50:52","date_gmt":"2015-04-21T15:50:52","guid":{"rendered":"http:\/\/centcols.org\/backup\/?p=3945"},"modified":"2015-04-21T17:50:52","modified_gmt":"2015-04-21T15:50:52","slug":"051000-frank-jacon-nous-envoie-une-photo-prise-lors-du-recent-sejour-en-corse","status":"publish","type":"post","link":"https:\/\/centcols.org\/backup\/051000-frank-jacon-nous-envoie-une-photo-prise-lors-du-recent-sejour-en-corse\/","title":{"rendered":"05\/10\/00 : Frank Jacon nous envoie une photo prise lors du r\u00e9cent s\u00e9jour en Corse."},"content":{"rendered":"<p>Lors du s\u00e9jour CORSE organis\u00e9 par Michel DEPONT \u00e0 la demande du club des cent cols, et sous la conduite de Philippe CARREZ, vous savez le breton responsable du site internet, une dizaine de cyclos se sont lanc\u00e9s dans une chasse effr\u00e9n\u00e9e. Tant et si bien qu&#8217;ils ramen\u00e8rent dans leur besace plus de 80 cols sur les 45 pr\u00e9vus au programme.<br \/>\nD\u00e8s lors, il n&#8217;y a rien d&#8217;\u00e9tonnant \u00e0 retrouver 5 d&#8217;entre eux sur un chemin caillouteux \u00e0 2 km environ du BOCCA D&#8217;OMINANDA menant \u00e0 CORTE, avec de gauche \u00e0 droite Jean-Yves BLANCHARD, Jean PERRET, Daniel GOUY, Franck JACON et Philippe CARREZ.<\/p>\n<p><img loading=\"lazy\" decoding=\"async\" class=\"alignnone size-full wp-image-3946\" src=\"https:\/\/centcols.org\/backup\/wp-content\/uploads\/2015\/04\/colcorse.jpg\" alt=\"colcorse\" width=\"760\" height=\"567\" srcset=\"https:\/\/centcols.org\/backup\/wp-content\/uploads\/2015\/04\/colcorse.jpg 760w, https:\/\/centcols.org\/backup\/wp-content\/uploads\/2015\/04\/colcorse-600x448.jpg 600w, https:\/\/centcols.org\/backup\/wp-content\/uploads\/2015\/04\/colcorse-500x373.jpg 500w\" sizes=\"(max-width: 760px) 100vw, 760px\" \/><\/p>\n<p>En effet ce chemin permettait de glaner au passage 3 cols : colletta de Sualello, Bocca Petrera et Bocca Turligno. Belle r\u00e9colte pour un kilom\u00e8tre. Ils retiendrons de cette aventure la r\u00e9sistance des pneus Michelin et le peu de d\u00e9g\u00e2ts sur les v\u00e9los : seuls deux d&#8217;entre nous virent leurs roues d\u00e9munies d&#8217;un rayon.<\/p>\n<p>Cela m\u00e9ritait bien une photo.<\/p>\n<p><strong>Frank Jacon\u00a0<\/strong> (Strasbourg)<\/p>\n","protected":false},"excerpt":{"rendered":"<p>Lors du s\u00e9jour CORSE organis\u00e9 par Michel DEPONT \u00e0 la demande du club des cent cols, et sous la conduite de Philippe CARREZ, vous savez le breton responsable du site internet, une dizaine de cyclos se sont lanc\u00e9s dans une chasse effr\u00e9n\u00e9e. Tant et si bien qu&#8217;ils ramen\u00e8rent dans leur besace plus de 80 cols [&hellip;]<\/p>\n","protected":false},"author":2001,"featured_media":0,"comment_status":"closed","ping_status":"closed","sticky":false,"template":"","format":"standard","meta":{"_acf_changed":false,"ub_ctt_via":"","_monsterinsights_skip_tracking":false,"_monsterinsights_sitenote_active":false,"_monsterinsights_sitenote_note":"","_monsterinsights_sitenote_category":0,"footnotes":""},"categories":[34],"tags":[],"acf":[],"featured_image_urls":{"full":"","thumbnail":"","medium":"","medium_large":"","large":"","1536x1536":"","2048x2048":"","woocommerce_thumbnail":"","woocommerce_single":"","woocommerce_gallery_thumbnail":""},"post_excerpt_stackable":"<p>Lors du s\u00e9jour CORSE organis\u00e9 par Michel DEPONT \u00e0 la demande du club des cent cols, et sous la conduite de Philippe CARREZ, vous savez le breton responsable du site internet, une dizaine de cyclos se sont lanc\u00e9s dans une chasse effr\u00e9n\u00e9e. Tant et si bien qu&#8217;ils ramen\u00e8rent dans leur besace plus de 80 cols sur les 45 pr\u00e9vus au programme. D\u00e8s lors, il n&#8217;y a rien d&#8217;\u00e9tonnant \u00e0 retrouver 5 d&#8217;entre eux sur un chemin caillouteux \u00e0 2 km environ du BOCCA D&#8217;OMINANDA menant \u00e0 CORTE, avec de gauche \u00e0 droite Jean-Yves BLANCHARD, Jean PERRET, Daniel GOUY, Franck JACON\u2026<\/p>\n","category_list":"<a href=\"https:\/\/centcols.org\/backup\/categorie\/archives\/2000\/\" rel=\"category tag\">2000<\/a>","author_info":{"display_name":"Webmestre","author_link":"https:\/\/centcols.org\/backup\/author\/webmestre\/"},"comments_num":"0 commentaire","featured_image_urls_v2":{"full":"","thumbnail":"","medium":"","medium_large":"","large":"","1536x1536":"","2048x2048":"","woocommerce_thumbnail":"","woocommerce_single":"","woocommerce_gallery_thumbnail":""},"post_excerpt_stackable_v2":"<p>Lors du s\u00e9jour CORSE organis\u00e9 par Michel DEPONT \u00e0 la demande du club des cent cols, et sous la conduite de Philippe CARREZ, vous savez le breton responsable du site internet, une dizaine de cyclos se sont lanc\u00e9s dans une chasse effr\u00e9n\u00e9e. Tant et si bien qu&#8217;ils ramen\u00e8rent dans leur besace plus de 80 cols sur les 45 pr\u00e9vus au programme. D\u00e8s lors, il n&#8217;y a rien d&#8217;\u00e9tonnant \u00e0 retrouver 5 d&#8217;entre eux sur un chemin caillouteux \u00e0 2 km environ du BOCCA D&#8217;OMINANDA menant \u00e0 CORTE, avec de gauche \u00e0 droite Jean-Yves BLANCHARD, Jean PERRET, Daniel GOUY, Franck JACON\u2026<\/p>\n","category_list_v2":"<a href=\"https:\/\/centcols.org\/backup\/categorie\/archives\/2000\/\" rel=\"category tag\">2000<\/a>","author_info_v2":{"name":"Webmestre","url":"https:\/\/centcols.org\/backup\/author\/webmestre\/"},"comments_num_v2":"0 commentaire","featured_image_src":null,"_links":{"self":[{"href":"https:\/\/centcols.org\/backup\/wp-json\/wp\/v2\/posts\/3945"}],"collection":[{"href":"https:\/\/centcols.org\/backup\/wp-json\/wp\/v2\/posts"}],"about":[{"href":"https:\/\/centcols.org\/backup\/wp-json\/wp\/v2\/types\/post"}],"author":[{"embeddable":true,"href":"https:\/\/centcols.org\/backup\/wp-json\/wp\/v2\/users\/2001"}],"replies":[{"embeddable":true,"href":"https:\/\/centcols.org\/backup\/wp-json\/wp\/v2\/comments?post=3945"}],"version-history":[{"count":0,"href":"https:\/\/centcols.org\/backup\/wp-json\/wp\/v2\/posts\/3945\/revisions"}],"wp:attachment":[{"href":"https:\/\/centcols.org\/backup\/wp-json\/wp\/v2\/media?parent=3945"}],"wp:term":[{"taxonomy":"category","embeddable":true,"href":"https:\/\/centcols.org\/backup\/wp-json\/wp\/v2\/categories?post=3945"},{"taxonomy":"post_tag","embeddable":true,"href":"https:\/\/centcols.org\/backup\/wp-json\/wp\/v2\/tags?post=3945"}],"curies":[{"name":"wp","href":"https:\/\/api.w.org\/{rel}","templated":true}]}}