{"id":3963,"date":"2010-08-20T10:06:58","date_gmt":"2010-08-20T08:06:58","guid":{"rendered":"http:\/\/centcols.org\/backup\/?p=3963"},"modified":"2015-06-11T14:01:38","modified_gmt":"2015-06-11T12:01:38","slug":"200810-hommage-a-roland-grimaud","status":"publish","type":"post","link":"https:\/\/centcols.org\/backup\/200810-hommage-a-roland-grimaud\/","title":{"rendered":"Hommage \u00e0 Roland Grimaud"},"content":{"rendered":"<h2>Roland Grimaud 1952-2010<\/h2>\n<p>C&#8217;est avec une grande tristesse que nous avons appris le d\u00e9c\u00e8s le 5 ao\u00fbt 2010 de notre coordonnateur des Randonn\u00e9es Permanentes, <b>Roland Grimaud<\/b>.<\/p>\n<p>Membre du Club des Cent Cols depuis 1987 (n\u00b0 2696) Roland avait \u00e9t\u00e9 frapp\u00e9 par un grave accident vasculaire lors du s\u00e9jour Cent Cols de Vesc en 2001. Depuis, le v\u00e9lo lui \u00e9tait interdit, mais il est toujours rest\u00e9 tr\u00e8s attach\u00e9 \u00e0 notre confr\u00e9rie et \u00e0 ses valeurs. Depuis 2007, il avait pris la rel\u00e8ve de Jean-Marc Lef\u00e8vre dans le r\u00f4le de coordonnateur des Randonn\u00e9es Permanentes.\u00a0Le Club a une fois de plus perdu un membre tr\u00e8s humain. En plus de son r\u00f4le au Club, Roland \u00e9tait tr\u00e8s actif dans l&#8217;association <i>V\u00e9los pour l&#8217;Afrique<\/i>, pour laquelle il faisait des collectes r\u00e9guli\u00e8res de v\u00e9los et pi\u00e8ces d&#8217;occasion durant les s\u00e9jours et Assembl\u00e9es Cent Cols, notamment \u00e0 Ch\u00e2teau-Arnoux et \u00e0 Yenne.<\/p>\n<p>Roland a \u00e9t\u00e9 inhum\u00e9 mardi, le 10 ao\u00fbt \u00e0 B\u00e9sayes (26).<\/p>\n<p>Notre confr\u00e8re Alf\u00e9o Lotto a assist\u00e9 aux obs\u00e8ques :<\/p>\n<p><em>&#8221; L&#8217;\u00e9glise de B\u00e9sayes \u00e9tait trop petite pour accueillir tous ceux qui sont venus accompagner Roland pour sa derni\u00e8re randonn\u00e9e.<\/em><\/p>\n<p><em>Il a beaucoup donn\u00e9 pour le v\u00e9lo, le tandem avec son \u00e9pouse, les Cent Cols avec les Randos Permanentes, la lutte contre la mucoviscidose et les Fondus de l&#8217;Ubaye, des V\u00e9los pour l&#8217;Afrique&#8230; Une vie tourn\u00e9e vers les autres malgr\u00e9 une sant\u00e9 pr\u00e9caire et beaucoup de souffrances.\u00a0Il avait une autre passion, le jardinage et par dessus tout les fleurs qu&#8217;il adorait. Souhaitons lui que l\u00e0 o\u00f9 il repose maintenant soit un jardin fleuri.\u00a0Son \u00e9pouse Fran\u00e7oise, qui est aussi membre du Club, nous a confi\u00e9 ses \u00e9motions :<\/em><\/p>\n<p><em>Je ne me rendais pas compte qu&#8217;il avait laiss\u00e9 autant d&#8217;amis et combien son implication dans le club \u00e9tait appr\u00e9ci\u00e9e de tous ! C&#8217;\u00e9tait un homme discret mais efficace. Il a eu depuis ce 13 ao\u00fbt 2001 \u00e0 Vesc sa part de souffrance; il est parti mais en nous disant \u00e0 nous tous &#8220;sachez vous enrichir de la difference de l&#8217;autre&#8221;.<\/em><\/p>\n<p><em>Le v\u00e9lo a toujours fait partie de sa vie. Un de ses fr\u00e8res lui avait pay\u00e9 son premier v\u00e9lo de course, et nous nous sommes rencontr\u00e9s parce que j&#8217;allais voir les courses de cyclo cross et gr\u00e2ce \u00e0 lui j&#8217;ai d\u00e9couvert une grande partie de la France en p\u00e9dalant. J&#8217;appelai notre tandem GAZOU car avec lui pas besoin de Gazou oil mais pour entendre le Gazoullis des petits oiseaux c&#8217;\u00e9tait merveilleux ! &#8220;<\/em><\/p>\n<p>En hommage \u00e0 Roland, le rassemblement r\u00e9gional <i>Alpes du Sud<\/i> qui a normalement lieu en septembre, s&#8217;appellera d\u00e9sormais <i>Souvenir Roland Grimaud<\/i>. Cette r\u00e9gion lui \u00e9tait ch\u00e8re, et il invitait g\u00e9n\u00e9reusement tous les membres du Club qui passaient entre Embrun et Brian\u00e7on \u00e0 venir faire \u00e9tape chez lui.<\/p>\n","protected":false},"excerpt":{"rendered":"<p>Roland Grimaud 1952-2010 C&#8217;est avec une grande tristesse que nous avons appris le d\u00e9c\u00e8s le 5 ao\u00fbt 2010 de notre coordonnateur des Randonn\u00e9es Permanentes, Roland Grimaud. Membre du Club des Cent Cols depuis 1987 (n\u00b0 2696) Roland avait \u00e9t\u00e9 frapp\u00e9 par un grave accident vasculaire lors du s\u00e9jour Cent Cols de Vesc en 2001. Depuis, [&hellip;]<\/p>\n","protected":false},"author":2001,"featured_media":0,"comment_status":"closed","ping_status":"closed","sticky":false,"template":"","format":"standard","meta":{"_acf_changed":false,"ub_ctt_via":"","_monsterinsights_skip_tracking":false,"_monsterinsights_sitenote_active":false,"_monsterinsights_sitenote_note":"","_monsterinsights_sitenote_category":0,"footnotes":""},"categories":[21],"tags":[],"acf":[],"featured_image_urls":{"full":"","thumbnail":"","medium":"","medium_large":"","large":"","1536x1536":"","2048x2048":"","woocommerce_thumbnail":"","woocommerce_single":"","woocommerce_gallery_thumbnail":""},"post_excerpt_stackable":"<p>Roland Grimaud 1952-2010 C&#8217;est avec une grande tristesse que nous avons appris le d\u00e9c\u00e8s le 5 ao\u00fbt 2010 de notre coordonnateur des Randonn\u00e9es Permanentes, Roland Grimaud. Membre du Club des Cent Cols depuis 1987 (n\u00b0 2696) Roland avait \u00e9t\u00e9 frapp\u00e9 par un grave accident vasculaire lors du s\u00e9jour Cent Cols de Vesc en 2001. Depuis, le v\u00e9lo lui \u00e9tait interdit, mais il est toujours rest\u00e9 tr\u00e8s attach\u00e9 \u00e0 notre confr\u00e9rie et \u00e0 ses valeurs. Depuis 2007, il avait pris la rel\u00e8ve de Jean-Marc Lef\u00e8vre dans le r\u00f4le de coordonnateur des Randonn\u00e9es Permanentes.\u00a0Le Club a une fois de plus perdu un\u2026<\/p>\n","category_list":"<a href=\"https:\/\/centcols.org\/backup\/categorie\/articles-de-presse\/2010\/\" rel=\"category tag\">2010<\/a>","author_info":{"display_name":"Webmestre","author_link":"https:\/\/centcols.org\/backup\/author\/webmestre\/"},"comments_num":"0 commentaire","featured_image_urls_v2":{"full":"","thumbnail":"","medium":"","medium_large":"","large":"","1536x1536":"","2048x2048":"","woocommerce_thumbnail":"","woocommerce_single":"","woocommerce_gallery_thumbnail":""},"post_excerpt_stackable_v2":"<p>Roland Grimaud 1952-2010 C&#8217;est avec une grande tristesse que nous avons appris le d\u00e9c\u00e8s le 5 ao\u00fbt 2010 de notre coordonnateur des Randonn\u00e9es Permanentes, Roland Grimaud. Membre du Club des Cent Cols depuis 1987 (n\u00b0 2696) Roland avait \u00e9t\u00e9 frapp\u00e9 par un grave accident vasculaire lors du s\u00e9jour Cent Cols de Vesc en 2001. Depuis, le v\u00e9lo lui \u00e9tait interdit, mais il est toujours rest\u00e9 tr\u00e8s attach\u00e9 \u00e0 notre confr\u00e9rie et \u00e0 ses valeurs. Depuis 2007, il avait pris la rel\u00e8ve de Jean-Marc Lef\u00e8vre dans le r\u00f4le de coordonnateur des Randonn\u00e9es Permanentes.\u00a0Le Club a une fois de plus perdu un\u2026<\/p>\n","category_list_v2":"<a href=\"https:\/\/centcols.org\/backup\/categorie\/articles-de-presse\/2010\/\" rel=\"category tag\">2010<\/a>","author_info_v2":{"name":"Webmestre","url":"https:\/\/centcols.org\/backup\/author\/webmestre\/"},"comments_num_v2":"0 commentaire","featured_image_src":null,"_links":{"self":[{"href":"https:\/\/centcols.org\/backup\/wp-json\/wp\/v2\/posts\/3963"}],"collection":[{"href":"https:\/\/centcols.org\/backup\/wp-json\/wp\/v2\/posts"}],"about":[{"href":"https:\/\/centcols.org\/backup\/wp-json\/wp\/v2\/types\/post"}],"author":[{"embeddable":true,"href":"https:\/\/centcols.org\/backup\/wp-json\/wp\/v2\/users\/2001"}],"replies":[{"embeddable":true,"href":"https:\/\/centcols.org\/backup\/wp-json\/wp\/v2\/comments?post=3963"}],"version-history":[{"count":0,"href":"https:\/\/centcols.org\/backup\/wp-json\/wp\/v2\/posts\/3963\/revisions"}],"wp:attachment":[{"href":"https:\/\/centcols.org\/backup\/wp-json\/wp\/v2\/media?parent=3963"}],"wp:term":[{"taxonomy":"category","embeddable":true,"href":"https:\/\/centcols.org\/backup\/wp-json\/wp\/v2\/categories?post=3963"},{"taxonomy":"post_tag","embeddable":true,"href":"https:\/\/centcols.org\/backup\/wp-json\/wp\/v2\/tags?post=3963"}],"curies":[{"name":"wp","href":"https:\/\/api.w.org\/{rel}","templated":true}]}}