{"id":4007,"date":"2015-04-22T10:31:15","date_gmt":"2015-04-22T08:31:15","guid":{"rendered":"http:\/\/centcols.org\/backup\/?p=4007"},"modified":"2015-04-22T10:31:15","modified_gmt":"2015-04-22T08:31:15","slug":"090705-des-nouvelles-des-cent-cols","status":"publish","type":"post","link":"https:\/\/centcols.org\/backup\/090705-des-nouvelles-des-cent-cols\/","title":{"rendered":"09\/07\/05 : Des nouvelles des Cent Cols"},"content":{"rendered":"<p><span style=\"font-family: Arial,Helvetica;\"><span lang=\"FR-CH\"><span style=\"font-family: Arial; font-size: small;\">\u00a0<\/span><\/span><\/span><\/p>\n<div id=\"attachment_4010\" style=\"width: 650px\" class=\"wp-caption alignnone\"><img loading=\"lazy\" decoding=\"async\" aria-describedby=\"caption-attachment-4010\" class=\"wp-image-4010 size-full\" src=\"https:\/\/centcols.org\/backup\/wp-content\/uploads\/2015\/04\/brevet_alpes_romande_2005.jpg\" alt=\"OLYMPUS DIGITAL CAMERA\" width=\"640\" height=\"480\" srcset=\"https:\/\/centcols.org\/backup\/wp-content\/uploads\/2015\/04\/brevet_alpes_romande_2005.jpg 640w, https:\/\/centcols.org\/backup\/wp-content\/uploads\/2015\/04\/brevet_alpes_romande_2005-600x450.jpg 600w, https:\/\/centcols.org\/backup\/wp-content\/uploads\/2015\/04\/brevet_alpes_romande_2005-500x375.jpg 500w\" sizes=\"(max-width: 640px) 100vw, 640px\" \/><p id=\"caption-attachment-4010\" class=\"wp-caption-text\">Quelques membres ayant particip\u00e9 au Brevet des Alpes Romande dimanche 26 juin 2005 devant le Stand du CCC De gauche \u00e0 droite : Albert Bittel, Catherine Mai, Pierre Mai, Arthur Ruchti et Jean-Daniel Biderbost.<\/p><\/div>\n<div id=\"attachment_4012\" style=\"width: 610px\" class=\"wp-caption alignnone\"><img loading=\"lazy\" decoding=\"async\" aria-describedby=\"caption-attachment-4012\" class=\"wp-image-4012 size-full\" src=\"https:\/\/centcols.org\/backup\/wp-content\/uploads\/2015\/04\/remise_diplomes.jpg\" alt=\"remise_diplomes\" width=\"600\" height=\"800\" srcset=\"https:\/\/centcols.org\/backup\/wp-content\/uploads\/2015\/04\/remise_diplomes.jpg 600w, https:\/\/centcols.org\/backup\/wp-content\/uploads\/2015\/04\/remise_diplomes-375x500.jpg 375w\" sizes=\"(max-width: 600px) 100vw, 600px\" \/><p id=\"caption-attachment-4012\" class=\"wp-caption-text\">Remise de dipl\u00f4mes au col de Beau Plan : 1000 cols pour Roger Colombo et 500 cols pour Annabelle Poty<\/p><\/div>\n<p><img loading=\"lazy\" decoding=\"async\" class=\"alignnone size-full wp-image-4013\" src=\"https:\/\/centcols.org\/backup\/wp-content\/uploads\/2015\/04\/remise_diplomes_2.jpg\" alt=\"remise_diplomes_2\" width=\"800\" height=\"600\" srcset=\"https:\/\/centcols.org\/backup\/wp-content\/uploads\/2015\/04\/remise_diplomes_2.jpg 800w, https:\/\/centcols.org\/backup\/wp-content\/uploads\/2015\/04\/remise_diplomes_2-600x450.jpg 600w, https:\/\/centcols.org\/backup\/wp-content\/uploads\/2015\/04\/remise_diplomes_2-500x375.jpg 500w\" sizes=\"(max-width: 800px) 100vw, 800px\" \/><\/p>\n<p>&nbsp;<\/p>\n","protected":false},"excerpt":{"rendered":"<p>\u00a0 &nbsp;<\/p>\n","protected":false},"author":2001,"featured_media":0,"comment_status":"closed","ping_status":"closed","sticky":false,"template":"","format":"standard","meta":{"_acf_changed":false,"ub_ctt_via":"","_monsterinsights_skip_tracking":false,"_monsterinsights_sitenote_active":false,"_monsterinsights_sitenote_note":"","_monsterinsights_sitenote_category":0,"footnotes":""},"categories":[29],"tags":[],"acf":[],"featured_image_urls":{"full":"","thumbnail":"","medium":"","medium_large":"","large":"","1536x1536":"","2048x2048":"","woocommerce_thumbnail":"","woocommerce_single":"","woocommerce_gallery_thumbnail":""},"post_excerpt_stackable":"<p>\u00a0 Quelques membres ayant particip\u00e9 au Brevet des Alpes Romande dimanche 26 juin 2005 devant le Stand du CCC De gauche \u00e0 droite : Albert Bittel, Catherine Mai, Pierre Mai, Arthur Ruchti et Jean-Daniel Biderbost. Remise de dipl\u00f4mes au col de Beau Plan : 1000 cols pour Roger Colombo et 500 cols pour Annabelle Poty &nbsp;<\/p>\n","category_list":"<a href=\"https:\/\/centcols.org\/backup\/categorie\/archives\/2005\/\" rel=\"category tag\">2005<\/a>","author_info":{"display_name":"Webmestre","author_link":"https:\/\/centcols.org\/backup\/author\/webmestre\/"},"comments_num":"0 commentaire","featured_image_urls_v2":{"full":"","thumbnail":"","medium":"","medium_large":"","large":"","1536x1536":"","2048x2048":"","woocommerce_thumbnail":"","woocommerce_single":"","woocommerce_gallery_thumbnail":""},"post_excerpt_stackable_v2":"<p>\u00a0 Quelques membres ayant particip\u00e9 au Brevet des Alpes Romande dimanche 26 juin 2005 devant le Stand du CCC De gauche \u00e0 droite : Albert Bittel, Catherine Mai, Pierre Mai, Arthur Ruchti et Jean-Daniel Biderbost. Remise de dipl\u00f4mes au col de Beau Plan : 1000 cols pour Roger Colombo et 500 cols pour Annabelle Poty &nbsp;<\/p>\n","category_list_v2":"<a href=\"https:\/\/centcols.org\/backup\/categorie\/archives\/2005\/\" rel=\"category tag\">2005<\/a>","author_info_v2":{"name":"Webmestre","url":"https:\/\/centcols.org\/backup\/author\/webmestre\/"},"comments_num_v2":"0 commentaire","featured_image_src":null,"_links":{"self":[{"href":"https:\/\/centcols.org\/backup\/wp-json\/wp\/v2\/posts\/4007"}],"collection":[{"href":"https:\/\/centcols.org\/backup\/wp-json\/wp\/v2\/posts"}],"about":[{"href":"https:\/\/centcols.org\/backup\/wp-json\/wp\/v2\/types\/post"}],"author":[{"embeddable":true,"href":"https:\/\/centcols.org\/backup\/wp-json\/wp\/v2\/users\/2001"}],"replies":[{"embeddable":true,"href":"https:\/\/centcols.org\/backup\/wp-json\/wp\/v2\/comments?post=4007"}],"version-history":[{"count":0,"href":"https:\/\/centcols.org\/backup\/wp-json\/wp\/v2\/posts\/4007\/revisions"}],"wp:attachment":[{"href":"https:\/\/centcols.org\/backup\/wp-json\/wp\/v2\/media?parent=4007"}],"wp:term":[{"taxonomy":"category","embeddable":true,"href":"https:\/\/centcols.org\/backup\/wp-json\/wp\/v2\/categories?post=4007"},{"taxonomy":"post_tag","embeddable":true,"href":"https:\/\/centcols.org\/backup\/wp-json\/wp\/v2\/tags?post=4007"}],"curies":[{"name":"wp","href":"https:\/\/api.w.org\/{rel}","templated":true}]}}