{"id":4023,"date":"2015-04-22T10:41:43","date_gmt":"2015-04-22T08:41:43","guid":{"rendered":"http:\/\/centcols.org\/backup\/?p=4023"},"modified":"2015-04-22T11:13:42","modified_gmt":"2015-04-22T09:13:42","slug":"200705","status":"publish","type":"post","link":"https:\/\/centcols.org\/backup\/200705\/","title":{"rendered":"20\/07\/05 : Semaine du Cyclotourisme et Tour de France"},"content":{"rendered":"<h2>Le stand du CCC lors de la Semaine Europ\u00e9enne de Cyclotourisme \u00e0 Albertville<\/h2>\n<div id='gallery-1' class='gallery galleryid-4023 gallery-columns-3 gallery-size-thumbnail'><dl class='gallery-item'>\n\t\t\t<dt class='gallery-icon landscape'>\n\t\t\t\t<a href='https:\/\/centcols.org\/backup\/wp-content\/uploads\/2015\/04\/semaine_europeenne_2005_3.jpg'><img loading=\"lazy\" decoding=\"async\" width=\"300\" height=\"300\" src=\"https:\/\/centcols.org\/backup\/wp-content\/uploads\/2015\/04\/semaine_europeenne_2005_3-300x300.jpg\" class=\"attachment-thumbnail size-thumbnail\" alt=\"\" aria-describedby=\"gallery-1-4026\" srcset=\"https:\/\/centcols.org\/backup\/wp-content\/uploads\/2015\/04\/semaine_europeenne_2005_3-300x300.jpg 300w, https:\/\/centcols.org\/backup\/wp-content\/uploads\/2015\/04\/semaine_europeenne_2005_3-100x100.jpg 100w\" sizes=\"(max-width: 300px) 100vw, 300px\" \/><\/a>\n\t\t\t<\/dt>\n\t\t\t\t<dd class='wp-caption-text gallery-caption' id='gallery-1-4026'>\n\t\t\t\tFran\u00e7ois Rieu, Hubert Ageron et Andr\u00e9e Bonhoure (secr\u00e9taire g\u00e9n\u00e9ral et secr\u00e9taire adjointe des Cyclos du Demi Si\u00e8cle) et Ren\u00e9 Poty\n\t\t\t\t<\/dd><\/dl><dl class='gallery-item'>\n\t\t\t<dt class='gallery-icon landscape'>\n\t\t\t\t<a href='https:\/\/centcols.org\/backup\/wp-content\/uploads\/2015\/04\/semaine_europeenne_2005_1.jpg'><img loading=\"lazy\" decoding=\"async\" width=\"300\" height=\"300\" src=\"https:\/\/centcols.org\/backup\/wp-content\/uploads\/2015\/04\/semaine_europeenne_2005_1-300x300.jpg\" class=\"attachment-thumbnail size-thumbnail\" alt=\"\" aria-describedby=\"gallery-1-4027\" srcset=\"https:\/\/centcols.org\/backup\/wp-content\/uploads\/2015\/04\/semaine_europeenne_2005_1-300x300.jpg 300w, https:\/\/centcols.org\/backup\/wp-content\/uploads\/2015\/04\/semaine_europeenne_2005_1-100x100.jpg 100w\" sizes=\"(max-width: 300px) 100vw, 300px\" \/><\/a>\n\t\t\t<\/dt>\n\t\t\t\t<dd class='wp-caption-text gallery-caption' id='gallery-1-4027'>\n\t\t\t\tNicole Poty (\u00e0 gauche)\n\t\t\t\t<\/dd><\/dl><dl class='gallery-item'>\n\t\t\t<dt class='gallery-icon landscape'>\n\t\t\t\t<a href='https:\/\/centcols.org\/backup\/wp-content\/uploads\/2015\/04\/semaine_europeenne_2005_2.jpg'><img loading=\"lazy\" decoding=\"async\" width=\"300\" height=\"300\" src=\"https:\/\/centcols.org\/backup\/wp-content\/uploads\/2015\/04\/semaine_europeenne_2005_2-300x300.jpg\" class=\"attachment-thumbnail size-thumbnail\" alt=\"\" aria-describedby=\"gallery-1-4028\" srcset=\"https:\/\/centcols.org\/backup\/wp-content\/uploads\/2015\/04\/semaine_europeenne_2005_2-300x300.jpg 300w, https:\/\/centcols.org\/backup\/wp-content\/uploads\/2015\/04\/semaine_europeenne_2005_2-100x100.jpg 100w\" sizes=\"(max-width: 300px) 100vw, 300px\" \/><\/a>\n\t\t\t<\/dt>\n\t\t\t\t<dd class='wp-caption-text gallery-caption' id='gallery-1-4028'>\n\t\t\t\tRen\u00e9 Poty (\u00e0 gauche)\n\t\t\t\t<\/dd><\/dl><br style=\"clear: both\" \/>\n\t\t<\/div>\n\n<h2>Le passage du Tour de France au col du Galibier le 13 juillet. Photos de Jacques Collaudin<\/h2>\n<p><span style=\"font-family: Arial,Helvetica;\"><span style=\"font-size: small;\">&#8220;&#8230;quelques photos prises hier au cours de la mont\u00e9e du Galibier o\u00f9 nous avons c\u00f4toy\u00e9 des milliers de cyclos de tous pays avec parmi eux quelques 100 cols&#8230;&#8221;<\/span><\/span><\/p>\n<div id='gallery-2' class='gallery galleryid-4023 gallery-columns-3 gallery-size-thumbnail'><dl class='gallery-item'>\n\t\t\t<dt class='gallery-icon landscape'>\n\t\t\t\t<a href='https:\/\/centcols.org\/backup\/wp-content\/uploads\/2015\/04\/tour_france_2005_5.jpg'><img loading=\"lazy\" decoding=\"async\" width=\"300\" height=\"300\" src=\"https:\/\/centcols.org\/backup\/wp-content\/uploads\/2015\/04\/tour_france_2005_5-300x300.jpg\" class=\"attachment-thumbnail size-thumbnail\" alt=\"\" srcset=\"https:\/\/centcols.org\/backup\/wp-content\/uploads\/2015\/04\/tour_france_2005_5-300x300.jpg 300w, https:\/\/centcols.org\/backup\/wp-content\/uploads\/2015\/04\/tour_france_2005_5-100x100.jpg 100w\" sizes=\"(max-width: 300px) 100vw, 300px\" \/><\/a>\n\t\t\t<\/dt><\/dl><dl class='gallery-item'>\n\t\t\t<dt class='gallery-icon landscape'>\n\t\t\t\t<a href='https:\/\/centcols.org\/backup\/wp-content\/uploads\/2015\/04\/tour_france_2005_1.jpg'><img loading=\"lazy\" decoding=\"async\" width=\"300\" height=\"300\" src=\"https:\/\/centcols.org\/backup\/wp-content\/uploads\/2015\/04\/tour_france_2005_1-300x300.jpg\" class=\"attachment-thumbnail size-thumbnail\" alt=\"\" srcset=\"https:\/\/centcols.org\/backup\/wp-content\/uploads\/2015\/04\/tour_france_2005_1-300x300.jpg 300w, https:\/\/centcols.org\/backup\/wp-content\/uploads\/2015\/04\/tour_france_2005_1-100x100.jpg 100w\" sizes=\"(max-width: 300px) 100vw, 300px\" \/><\/a>\n\t\t\t<\/dt><\/dl><dl class='gallery-item'>\n\t\t\t<dt class='gallery-icon landscape'>\n\t\t\t\t<a href='https:\/\/centcols.org\/backup\/wp-content\/uploads\/2015\/04\/tour_france_2005_2.jpg'><img loading=\"lazy\" decoding=\"async\" width=\"300\" height=\"300\" src=\"https:\/\/centcols.org\/backup\/wp-content\/uploads\/2015\/04\/tour_france_2005_2-300x300.jpg\" class=\"attachment-thumbnail size-thumbnail\" alt=\"\" srcset=\"https:\/\/centcols.org\/backup\/wp-content\/uploads\/2015\/04\/tour_france_2005_2-300x300.jpg 300w, https:\/\/centcols.org\/backup\/wp-content\/uploads\/2015\/04\/tour_france_2005_2-100x100.jpg 100w\" sizes=\"(max-width: 300px) 100vw, 300px\" \/><\/a>\n\t\t\t<\/dt><\/dl><br style=\"clear: both\" \/><dl class='gallery-item'>\n\t\t\t<dt class='gallery-icon landscape'>\n\t\t\t\t<a href='https:\/\/centcols.org\/backup\/wp-content\/uploads\/2015\/04\/tour_france_2005_3.jpg'><img loading=\"lazy\" decoding=\"async\" width=\"300\" height=\"300\" src=\"https:\/\/centcols.org\/backup\/wp-content\/uploads\/2015\/04\/tour_france_2005_3-300x300.jpg\" class=\"attachment-thumbnail size-thumbnail\" alt=\"\" srcset=\"https:\/\/centcols.org\/backup\/wp-content\/uploads\/2015\/04\/tour_france_2005_3-300x300.jpg 300w, https:\/\/centcols.org\/backup\/wp-content\/uploads\/2015\/04\/tour_france_2005_3-100x100.jpg 100w\" sizes=\"(max-width: 300px) 100vw, 300px\" \/><\/a>\n\t\t\t<\/dt><\/dl><dl class='gallery-item'>\n\t\t\t<dt class='gallery-icon landscape'>\n\t\t\t\t<a href='https:\/\/centcols.org\/backup\/wp-content\/uploads\/2015\/04\/tour_france_2005_4.jpg'><img loading=\"lazy\" decoding=\"async\" width=\"300\" height=\"300\" src=\"https:\/\/centcols.org\/backup\/wp-content\/uploads\/2015\/04\/tour_france_2005_4-300x300.jpg\" class=\"attachment-thumbnail size-thumbnail\" alt=\"\" srcset=\"https:\/\/centcols.org\/backup\/wp-content\/uploads\/2015\/04\/tour_france_2005_4-300x300.jpg 300w, https:\/\/centcols.org\/backup\/wp-content\/uploads\/2015\/04\/tour_france_2005_4-100x100.jpg 100w\" sizes=\"(max-width: 300px) 100vw, 300px\" \/><\/a>\n\t\t\t<\/dt><\/dl>\n\t\t\t<br style='clear: both' \/>\n\t\t<\/div>\n\n","protected":false},"excerpt":{"rendered":"<p>Le stand du CCC lors de la Semaine Europ\u00e9enne de Cyclotourisme \u00e0 Albertville Le passage du Tour de France au col du Galibier le 13 juillet. Photos de Jacques Collaudin &#8220;&#8230;quelques photos prises hier au cours de la mont\u00e9e du Galibier o\u00f9 nous avons c\u00f4toy\u00e9 des milliers de cyclos de tous pays avec parmi eux [&hellip;]<\/p>\n","protected":false},"author":2001,"featured_media":0,"comment_status":"closed","ping_status":"closed","sticky":false,"template":"","format":"standard","meta":{"_acf_changed":false,"ub_ctt_via":"","_monsterinsights_skip_tracking":false,"_monsterinsights_sitenote_active":false,"_monsterinsights_sitenote_note":"","_monsterinsights_sitenote_category":0,"footnotes":""},"categories":[29],"tags":[],"acf":[],"featured_image_urls":{"full":"","thumbnail":"","medium":"","medium_large":"","large":"","1536x1536":"","2048x2048":"","woocommerce_thumbnail":"","woocommerce_single":"","woocommerce_gallery_thumbnail":""},"post_excerpt_stackable":"<p>Le stand du CCC lors de la Semaine Europ\u00e9enne de Cyclotourisme \u00e0 Albertville Fran\u00e7ois Rieu, Hubert Ageron et Andr\u00e9e Bonhoure (secr\u00e9taire g\u00e9n\u00e9ral et secr\u00e9taire adjointe des Cyclos du Demi Si\u00e8cle) et Ren\u00e9 Poty Nicole Poty (\u00e0 gauche) Ren\u00e9 Poty (\u00e0 gauche) Le passage du Tour de France au col du Galibier le 13 juillet. Photos de Jacques Collaudin &#8220;&#8230;quelques photos prises hier au cours de la mont\u00e9e du Galibier o\u00f9 nous avons c\u00f4toy\u00e9 des milliers de cyclos de tous pays avec parmi eux quelques 100 cols&#8230;&#8221;<\/p>\n","category_list":"<a href=\"https:\/\/centcols.org\/backup\/categorie\/archives\/2005\/\" rel=\"category tag\">2005<\/a>","author_info":{"display_name":"Webmestre","author_link":"https:\/\/centcols.org\/backup\/author\/webmestre\/"},"comments_num":"0 commentaire","featured_image_urls_v2":{"full":"","thumbnail":"","medium":"","medium_large":"","large":"","1536x1536":"","2048x2048":"","woocommerce_thumbnail":"","woocommerce_single":"","woocommerce_gallery_thumbnail":""},"post_excerpt_stackable_v2":"<p>Le stand du CCC lors de la Semaine Europ\u00e9enne de Cyclotourisme \u00e0 Albertville Fran\u00e7ois Rieu, Hubert Ageron et Andr\u00e9e Bonhoure (secr\u00e9taire g\u00e9n\u00e9ral et secr\u00e9taire adjointe des Cyclos du Demi Si\u00e8cle) et Ren\u00e9 Poty Nicole Poty (\u00e0 gauche) Ren\u00e9 Poty (\u00e0 gauche) Le passage du Tour de France au col du Galibier le 13 juillet. Photos de Jacques Collaudin &#8220;&#8230;quelques photos prises hier au cours de la mont\u00e9e du Galibier o\u00f9 nous avons c\u00f4toy\u00e9 des milliers de cyclos de tous pays avec parmi eux quelques 100 cols&#8230;&#8221;<\/p>\n","category_list_v2":"<a href=\"https:\/\/centcols.org\/backup\/categorie\/archives\/2005\/\" rel=\"category tag\">2005<\/a>","author_info_v2":{"name":"Webmestre","url":"https:\/\/centcols.org\/backup\/author\/webmestre\/"},"comments_num_v2":"0 commentaire","featured_image_src":null,"_links":{"self":[{"href":"https:\/\/centcols.org\/backup\/wp-json\/wp\/v2\/posts\/4023"}],"collection":[{"href":"https:\/\/centcols.org\/backup\/wp-json\/wp\/v2\/posts"}],"about":[{"href":"https:\/\/centcols.org\/backup\/wp-json\/wp\/v2\/types\/post"}],"author":[{"embeddable":true,"href":"https:\/\/centcols.org\/backup\/wp-json\/wp\/v2\/users\/2001"}],"replies":[{"embeddable":true,"href":"https:\/\/centcols.org\/backup\/wp-json\/wp\/v2\/comments?post=4023"}],"version-history":[{"count":0,"href":"https:\/\/centcols.org\/backup\/wp-json\/wp\/v2\/posts\/4023\/revisions"}],"wp:attachment":[{"href":"https:\/\/centcols.org\/backup\/wp-json\/wp\/v2\/media?parent=4023"}],"wp:term":[{"taxonomy":"category","embeddable":true,"href":"https:\/\/centcols.org\/backup\/wp-json\/wp\/v2\/categories?post=4023"},{"taxonomy":"post_tag","embeddable":true,"href":"https:\/\/centcols.org\/backup\/wp-json\/wp\/v2\/tags?post=4023"}],"curies":[{"name":"wp","href":"https:\/\/api.w.org\/{rel}","templated":true}]}}