{"id":417,"date":"2015-04-15T09:57:28","date_gmt":"2015-04-15T07:57:28","guid":{"rendered":"http:\/\/centcols.org\/backup\/?p=417"},"modified":"2015-04-30T11:36:19","modified_gmt":"2015-04-30T09:36:19","slug":"ag-extraordinaire-du-09-mars-2002","status":"publish","type":"post","link":"https:\/\/centcols.org\/backup\/ag-extraordinaire-du-09-mars-2002\/","title":{"rendered":"AG extraordinaire du 09 mars 2002"},"content":{"rendered":"<h2>Les photos de l&#8217;Assembl\u00e9e G\u00e9n\u00e9rale du 9 mars 2002, au si\u00e8ge du V\u00e9lo Club d&#8217;Annecy.<\/h2>\n","protected":false},"excerpt":{"rendered":"<p>Les photos de l&#8217;Assembl\u00e9e G\u00e9n\u00e9rale du 9 mars 2002, au si\u00e8ge du V\u00e9lo Club d&#8217;Annecy.<\/p>\n","protected":false},"author":2001,"featured_media":0,"comment_status":"closed","ping_status":"closed","sticky":false,"template":"","format":"standard","meta":{"_acf_changed":false,"ub_ctt_via":"","_monsterinsights_skip_tracking":false,"_monsterinsights_sitenote_active":false,"_monsterinsights_sitenote_note":"","_monsterinsights_sitenote_category":0,"footnotes":""},"categories":[14],"tags":[],"acf":[],"featured_image_urls":{"full":"","thumbnail":"","medium":"","medium_large":"","large":"","1536x1536":"","2048x2048":"","woocommerce_thumbnail":"","woocommerce_single":"","woocommerce_gallery_thumbnail":""},"post_excerpt_stackable":"<p>Les photos de l&#8217;Assembl\u00e9e G\u00e9n\u00e9rale du 9 mars 2002, au si\u00e8ge du V\u00e9lo Club d&#8217;Annecy.<\/p>\n","category_list":"<a href=\"https:\/\/centcols.org\/backup\/categorie\/assemblees-generales\/\" rel=\"category tag\">Assembl\u00e9es g\u00e9n\u00e9rales<\/a>","author_info":{"display_name":"Webmestre","author_link":"https:\/\/centcols.org\/backup\/author\/webmestre\/"},"comments_num":"0 commentaire","featured_image_urls_v2":{"full":"","thumbnail":"","medium":"","medium_large":"","large":"","1536x1536":"","2048x2048":"","woocommerce_thumbnail":"","woocommerce_single":"","woocommerce_gallery_thumbnail":""},"post_excerpt_stackable_v2":"<p>Les photos de l&#8217;Assembl\u00e9e G\u00e9n\u00e9rale du 9 mars 2002, au si\u00e8ge du V\u00e9lo Club d&#8217;Annecy.<\/p>\n","category_list_v2":"<a href=\"https:\/\/centcols.org\/backup\/categorie\/assemblees-generales\/\" rel=\"category tag\">Assembl\u00e9es g\u00e9n\u00e9rales<\/a>","author_info_v2":{"name":"Webmestre","url":"https:\/\/centcols.org\/backup\/author\/webmestre\/"},"comments_num_v2":"0 commentaire","featured_image_src":null,"_links":{"self":[{"href":"https:\/\/centcols.org\/backup\/wp-json\/wp\/v2\/posts\/417"}],"collection":[{"href":"https:\/\/centcols.org\/backup\/wp-json\/wp\/v2\/posts"}],"about":[{"href":"https:\/\/centcols.org\/backup\/wp-json\/wp\/v2\/types\/post"}],"author":[{"embeddable":true,"href":"https:\/\/centcols.org\/backup\/wp-json\/wp\/v2\/users\/2001"}],"replies":[{"embeddable":true,"href":"https:\/\/centcols.org\/backup\/wp-json\/wp\/v2\/comments?post=417"}],"version-history":[{"count":0,"href":"https:\/\/centcols.org\/backup\/wp-json\/wp\/v2\/posts\/417\/revisions"}],"wp:attachment":[{"href":"https:\/\/centcols.org\/backup\/wp-json\/wp\/v2\/media?parent=417"}],"wp:term":[{"taxonomy":"category","embeddable":true,"href":"https:\/\/centcols.org\/backup\/wp-json\/wp\/v2\/categories?post=417"},{"taxonomy":"post_tag","embeddable":true,"href":"https:\/\/centcols.org\/backup\/wp-json\/wp\/v2\/tags?post=417"}],"curies":[{"name":"wp","href":"https:\/\/api.w.org\/{rel}","templated":true}]}}