{"id":4211,"date":"2008-03-28T14:49:13","date_gmt":"2008-03-28T13:49:13","guid":{"rendered":"http:\/\/centcols.org\/backup\/?p=4211"},"modified":"2015-06-11T15:07:07","modified_gmt":"2015-06-11T13:07:07","slug":"280308-quelques-photos-de-paques-en-provence-2008","status":"publish","type":"post","link":"https:\/\/centcols.org\/backup\/280308-quelques-photos-de-paques-en-provence-2008\/","title":{"rendered":"Quelques photos de P\u00e2ques en Provence 2008"},"content":{"rendered":"<p><span style=\"font-family: Arial,Helvetica;\"><span style=\"font-family: Arial; font-size: small;\">Malgr\u00e9 une m\u00e9t\u00e9o peu favorable\u00a0aux cyclos (mistral et parfois pluie glac\u00e9e), les Cent Cols ont \u00e9t\u00e9 tout de m\u00eame\u00a0nombreux \u00e0 venir saluer d&#8217;autres Cent Cols au point de ralliement du stand du club \u00e0 St Paul Trois Ch\u00e2teaux pour P\u00e2ques en Provence 2008. Autour des v\u00eatements aux couleurs du club et des publications de catalogues de cols ou de topos, les \u00e9changes de nouvelles, de projets rendent sensible la vie du club.\u00a0On peut remercier les\u00a0organisateurs de ces rendez-vous qui se d\u00e9vouent et\u00a0permettent de vivre ces \u00e9v\u00e9nements&#8230;<\/span><\/span><\/p>\n<div id='gallery-1' class='gallery galleryid-4211 gallery-columns-3 gallery-size-thumbnail'><dl class='gallery-item'>\n\t\t\t<dt class='gallery-icon portrait'>\n\t\t\t\t<a href='https:\/\/centcols.org\/backup\/wp-content\/uploads\/2015\/04\/paques04.jpg'><img loading=\"lazy\" decoding=\"async\" width=\"300\" height=\"300\" src=\"https:\/\/centcols.org\/backup\/wp-content\/uploads\/2015\/04\/paques04-300x300.jpg\" class=\"attachment-thumbnail size-thumbnail\" alt=\"\" aria-describedby=\"gallery-1-4213\" srcset=\"https:\/\/centcols.org\/backup\/wp-content\/uploads\/2015\/04\/paques04-300x300.jpg 300w, https:\/\/centcols.org\/backup\/wp-content\/uploads\/2015\/04\/paques04-100x100.jpg 100w\" sizes=\"(max-width: 300px) 100vw, 300px\" \/><\/a>\n\t\t\t<\/dt>\n\t\t\t\t<dd class='wp-caption-text gallery-caption' id='gallery-1-4213'>\n\t\t\t\tCh\u00e2teau de Suze la Rousse\n\t\t\t\t<\/dd><\/dl><dl class='gallery-item'>\n\t\t\t<dt class='gallery-icon portrait'>\n\t\t\t\t<a href='https:\/\/centcols.org\/backup\/wp-content\/uploads\/2015\/04\/paques05.jpg'><img loading=\"lazy\" decoding=\"async\" width=\"300\" height=\"300\" src=\"https:\/\/centcols.org\/backup\/wp-content\/uploads\/2015\/04\/paques05-300x300.jpg\" class=\"attachment-thumbnail size-thumbnail\" alt=\"\" aria-describedby=\"gallery-1-4214\" srcset=\"https:\/\/centcols.org\/backup\/wp-content\/uploads\/2015\/04\/paques05-300x300.jpg 300w, https:\/\/centcols.org\/backup\/wp-content\/uploads\/2015\/04\/paques05-100x100.jpg 100w\" sizes=\"(max-width: 300px) 100vw, 300px\" \/><\/a>\n\t\t\t<\/dt>\n\t\t\t\t<dd class='wp-caption-text gallery-caption' id='gallery-1-4214'>\n\t\t\t\tProfil n\u00e9anderthalien du rocher &#8220;lou Bramard&#8221; \u00e0 Sahune (vall\u00e9e de l&#8217;Eygue)\n\t\t\t\t<\/dd><\/dl><dl class='gallery-item'>\n\t\t\t<dt class='gallery-icon landscape'>\n\t\t\t\t<a href='https:\/\/centcols.org\/backup\/wp-content\/uploads\/2015\/04\/paques06.jpg'><img loading=\"lazy\" decoding=\"async\" width=\"300\" height=\"300\" src=\"https:\/\/centcols.org\/backup\/wp-content\/uploads\/2015\/04\/paques06-300x300.jpg\" class=\"attachment-thumbnail size-thumbnail\" alt=\"\" aria-describedby=\"gallery-1-4215\" srcset=\"https:\/\/centcols.org\/backup\/wp-content\/uploads\/2015\/04\/paques06-300x300.jpg 300w, https:\/\/centcols.org\/backup\/wp-content\/uploads\/2015\/04\/paques06-100x100.jpg 100w\" sizes=\"(max-width: 300px) 100vw, 300px\" \/><\/a>\n\t\t\t<\/dt>\n\t\t\t\t<dd class='wp-caption-text gallery-caption' id='gallery-1-4215'>\n\t\t\t\tSignature du livre d&#8217;Or\n\t\t\t\t<\/dd><\/dl><br style=\"clear: both\" \/><dl class='gallery-item'>\n\t\t\t<dt class='gallery-icon landscape'>\n\t\t\t\t<a href='https:\/\/centcols.org\/backup\/wp-content\/uploads\/2015\/04\/paques07.jpg'><img loading=\"lazy\" decoding=\"async\" width=\"300\" height=\"300\" src=\"https:\/\/centcols.org\/backup\/wp-content\/uploads\/2015\/04\/paques07-300x300.jpg\" class=\"attachment-thumbnail size-thumbnail\" alt=\"\" srcset=\"https:\/\/centcols.org\/backup\/wp-content\/uploads\/2015\/04\/paques07-300x300.jpg 300w, https:\/\/centcols.org\/backup\/wp-content\/uploads\/2015\/04\/paques07-100x100.jpg 100w\" sizes=\"(max-width: 300px) 100vw, 300px\" \/><\/a>\n\t\t\t<\/dt><\/dl><dl class='gallery-item'>\n\t\t\t<dt class='gallery-icon landscape'>\n\t\t\t\t<a href='https:\/\/centcols.org\/backup\/wp-content\/uploads\/2015\/04\/paques08.jpg'><img loading=\"lazy\" decoding=\"async\" width=\"300\" height=\"300\" src=\"https:\/\/centcols.org\/backup\/wp-content\/uploads\/2015\/04\/paques08-300x300.jpg\" class=\"attachment-thumbnail size-thumbnail\" alt=\"\" srcset=\"https:\/\/centcols.org\/backup\/wp-content\/uploads\/2015\/04\/paques08-300x300.jpg 300w, https:\/\/centcols.org\/backup\/wp-content\/uploads\/2015\/04\/paques08-100x100.jpg 100w\" sizes=\"(max-width: 300px) 100vw, 300px\" \/><\/a>\n\t\t\t<\/dt><\/dl><dl class='gallery-item'>\n\t\t\t<dt class='gallery-icon landscape'>\n\t\t\t\t<a href='https:\/\/centcols.org\/backup\/wp-content\/uploads\/2015\/04\/paques09.jpg'><img loading=\"lazy\" decoding=\"async\" width=\"300\" height=\"300\" src=\"https:\/\/centcols.org\/backup\/wp-content\/uploads\/2015\/04\/paques09-300x300.jpg\" class=\"attachment-thumbnail size-thumbnail\" alt=\"\" srcset=\"https:\/\/centcols.org\/backup\/wp-content\/uploads\/2015\/04\/paques09-300x300.jpg 300w, https:\/\/centcols.org\/backup\/wp-content\/uploads\/2015\/04\/paques09-100x100.jpg 100w\" sizes=\"(max-width: 300px) 100vw, 300px\" \/><\/a>\n\t\t\t<\/dt><\/dl><br style=\"clear: both\" \/><dl class='gallery-item'>\n\t\t\t<dt class='gallery-icon landscape'>\n\t\t\t\t<a href='https:\/\/centcols.org\/backup\/wp-content\/uploads\/2015\/04\/paques01.jpg'><img loading=\"lazy\" decoding=\"async\" width=\"300\" height=\"300\" src=\"https:\/\/centcols.org\/backup\/wp-content\/uploads\/2015\/04\/paques01-300x300.jpg\" class=\"attachment-thumbnail size-thumbnail\" alt=\"\" aria-describedby=\"gallery-1-4219\" srcset=\"https:\/\/centcols.org\/backup\/wp-content\/uploads\/2015\/04\/paques01-300x300.jpg 300w, https:\/\/centcols.org\/backup\/wp-content\/uploads\/2015\/04\/paques01-100x100.jpg 100w\" sizes=\"(max-width: 300px) 100vw, 300px\" \/><\/a>\n\t\t\t<\/dt>\n\t\t\t\t<dd class='wp-caption-text gallery-caption' id='gallery-1-4219'>\n\t\t\t\tLe stand Cent Cols \u00e0 la permanence\n\t\t\t\t<\/dd><\/dl><dl class='gallery-item'>\n\t\t\t<dt class='gallery-icon portrait'>\n\t\t\t\t<a href='https:\/\/centcols.org\/backup\/wp-content\/uploads\/2015\/04\/paques02.jpg'><img loading=\"lazy\" decoding=\"async\" width=\"300\" height=\"300\" src=\"https:\/\/centcols.org\/backup\/wp-content\/uploads\/2015\/04\/paques02-300x300.jpg\" class=\"attachment-thumbnail size-thumbnail\" alt=\"\" srcset=\"https:\/\/centcols.org\/backup\/wp-content\/uploads\/2015\/04\/paques02-300x300.jpg 300w, https:\/\/centcols.org\/backup\/wp-content\/uploads\/2015\/04\/paques02-100x100.jpg 100w\" sizes=\"(max-width: 300px) 100vw, 300px\" \/><\/a>\n\t\t\t<\/dt><\/dl><dl class='gallery-item'>\n\t\t\t<dt class='gallery-icon landscape'>\n\t\t\t\t<a href='https:\/\/centcols.org\/backup\/wp-content\/uploads\/2015\/04\/paques03.jpg'><img loading=\"lazy\" decoding=\"async\" width=\"300\" height=\"300\" src=\"https:\/\/centcols.org\/backup\/wp-content\/uploads\/2015\/04\/paques03-300x300.jpg\" class=\"attachment-thumbnail size-thumbnail\" alt=\"\" srcset=\"https:\/\/centcols.org\/backup\/wp-content\/uploads\/2015\/04\/paques03-300x300.jpg 300w, https:\/\/centcols.org\/backup\/wp-content\/uploads\/2015\/04\/paques03-100x100.jpg 100w\" sizes=\"(max-width: 300px) 100vw, 300px\" \/><\/a>\n\t\t\t<\/dt><\/dl><br style=\"clear: both\" \/>\n\t\t<\/div>\n\n","protected":false},"excerpt":{"rendered":"<p>Malgr\u00e9 une m\u00e9t\u00e9o peu favorable\u00a0aux cyclos (mistral et parfois pluie glac\u00e9e), les Cent Cols ont \u00e9t\u00e9 tout de m\u00eame\u00a0nombreux \u00e0 venir saluer d&#8217;autres Cent Cols au point de ralliement du stand du club \u00e0 St Paul Trois Ch\u00e2teaux pour P\u00e2ques en Provence 2008. Autour des v\u00eatements aux couleurs du club et des publications de catalogues [&hellip;]<\/p>\n","protected":false},"author":2001,"featured_media":0,"comment_status":"closed","ping_status":"closed","sticky":false,"template":"","format":"standard","meta":{"_acf_changed":false,"ub_ctt_via":"","_monsterinsights_skip_tracking":false,"_monsterinsights_sitenote_active":false,"_monsterinsights_sitenote_note":"","_monsterinsights_sitenote_category":0,"footnotes":""},"categories":[23],"tags":[],"acf":[],"featured_image_urls":{"full":"","thumbnail":"","medium":"","medium_large":"","large":"","1536x1536":"","2048x2048":"","woocommerce_thumbnail":"","woocommerce_single":"","woocommerce_gallery_thumbnail":""},"post_excerpt_stackable":"<p>Malgr\u00e9 une m\u00e9t\u00e9o peu favorable\u00a0aux cyclos (mistral et parfois pluie glac\u00e9e), les Cent Cols ont \u00e9t\u00e9 tout de m\u00eame\u00a0nombreux \u00e0 venir saluer d&#8217;autres Cent Cols au point de ralliement du stand du club \u00e0 St Paul Trois Ch\u00e2teaux pour P\u00e2ques en Provence 2008. Autour des v\u00eatements aux couleurs du club et des publications de catalogues de cols ou de topos, les \u00e9changes de nouvelles, de projets rendent sensible la vie du club.\u00a0On peut remercier les\u00a0organisateurs de ces rendez-vous qui se d\u00e9vouent et\u00a0permettent de vivre ces \u00e9v\u00e9nements&#8230; Ch\u00e2teau de Suze la Rousse Profil n\u00e9anderthalien du rocher &#8220;lou Bramard&#8221; \u00e0 Sahune (vall\u00e9e\u2026<\/p>\n","category_list":"<a href=\"https:\/\/centcols.org\/backup\/categorie\/articles-de-presse\/2008\/\" rel=\"category tag\">2008<\/a>","author_info":{"display_name":"Webmestre","author_link":"https:\/\/centcols.org\/backup\/author\/webmestre\/"},"comments_num":"0 commentaire","featured_image_urls_v2":{"full":"","thumbnail":"","medium":"","medium_large":"","large":"","1536x1536":"","2048x2048":"","woocommerce_thumbnail":"","woocommerce_single":"","woocommerce_gallery_thumbnail":""},"post_excerpt_stackable_v2":"<p>Malgr\u00e9 une m\u00e9t\u00e9o peu favorable\u00a0aux cyclos (mistral et parfois pluie glac\u00e9e), les Cent Cols ont \u00e9t\u00e9 tout de m\u00eame\u00a0nombreux \u00e0 venir saluer d&#8217;autres Cent Cols au point de ralliement du stand du club \u00e0 St Paul Trois Ch\u00e2teaux pour P\u00e2ques en Provence 2008. Autour des v\u00eatements aux couleurs du club et des publications de catalogues de cols ou de topos, les \u00e9changes de nouvelles, de projets rendent sensible la vie du club.\u00a0On peut remercier les\u00a0organisateurs de ces rendez-vous qui se d\u00e9vouent et\u00a0permettent de vivre ces \u00e9v\u00e9nements&#8230; Ch\u00e2teau de Suze la Rousse Profil n\u00e9anderthalien du rocher &#8220;lou Bramard&#8221; \u00e0 Sahune (vall\u00e9e\u2026<\/p>\n","category_list_v2":"<a href=\"https:\/\/centcols.org\/backup\/categorie\/articles-de-presse\/2008\/\" rel=\"category tag\">2008<\/a>","author_info_v2":{"name":"Webmestre","url":"https:\/\/centcols.org\/backup\/author\/webmestre\/"},"comments_num_v2":"0 commentaire","featured_image_src":null,"_links":{"self":[{"href":"https:\/\/centcols.org\/backup\/wp-json\/wp\/v2\/posts\/4211"}],"collection":[{"href":"https:\/\/centcols.org\/backup\/wp-json\/wp\/v2\/posts"}],"about":[{"href":"https:\/\/centcols.org\/backup\/wp-json\/wp\/v2\/types\/post"}],"author":[{"embeddable":true,"href":"https:\/\/centcols.org\/backup\/wp-json\/wp\/v2\/users\/2001"}],"replies":[{"embeddable":true,"href":"https:\/\/centcols.org\/backup\/wp-json\/wp\/v2\/comments?post=4211"}],"version-history":[{"count":0,"href":"https:\/\/centcols.org\/backup\/wp-json\/wp\/v2\/posts\/4211\/revisions"}],"wp:attachment":[{"href":"https:\/\/centcols.org\/backup\/wp-json\/wp\/v2\/media?parent=4211"}],"wp:term":[{"taxonomy":"category","embeddable":true,"href":"https:\/\/centcols.org\/backup\/wp-json\/wp\/v2\/categories?post=4211"},{"taxonomy":"post_tag","embeddable":true,"href":"https:\/\/centcols.org\/backup\/wp-json\/wp\/v2\/tags?post=4211"}],"curies":[{"name":"wp","href":"https:\/\/api.w.org\/{rel}","templated":true}]}}