{"id":42938,"date":"2020-06-08T18:07:53","date_gmt":"2020-06-08T16:07:53","guid":{"rendered":"https:\/\/centcols.org\/backup\/?p=42938"},"modified":"2023-05-21T09:39:31","modified_gmt":"2023-05-21T07:39:31","slug":"sejour-ete-2020-chessy-les-mines-2","status":"publish","type":"post","link":"https:\/\/centcols.org\/backup\/sejour-ete-2020-chessy-les-mines-2\/","title":{"rendered":"S\u00e9jour d&#8217;\u00e9t\u00e9 \u00e0 Chessy-les-Mines, 15 au 22 ao\u00fbt 2020"},"content":{"rendered":"<p><strong><a href=\"https:\/\/centcols.org\/backup\/wp-content\/uploads\/2020\/01\/ITALIANO-PRESENTATION-SEJOUR-ETE-2020-2020-01-17.pdf\" target=\"_blank\" rel=\"noopener noreferrer\">Versione italiana di presentazione<\/a><\/strong><\/p>\n<p><a href=\"https:\/\/centcols.org\/backup\/wp-content\/uploads\/2020\/02\/Anglais-Chessy-pour-ICC-et-site-2020-02-24.pdf\" target=\"_blank\" rel=\"noopener noreferrer\"><strong>Presentation of Chessy in English<\/strong><\/a><\/p>\n<p><span style=\"color: #808080;\">Ont contribu\u00e9 \u00e0 cette page de pr\u00e9sentation du s\u00e9jour Christophe Badonnel, Thierry Labour et les responsables informatiques.<\/span><\/p>\n<div id=\"attachment_38258\" style=\"width: 1210px\" class=\"wp-caption aligncenter\"><img loading=\"lazy\" decoding=\"async\" aria-describedby=\"caption-attachment-38258\" class=\"wp-image-38258 size-full\" src=\"https:\/\/centcols.org\/backup\/wp-content\/uploads\/2020\/01\/Au-col-du-Colombier-r.jpg\" alt=\"Au col du Colombier \u00a9Ph Chazottier\" width=\"1200\" height=\"619\" srcset=\"https:\/\/centcols.org\/backup\/wp-content\/uploads\/2020\/01\/Au-col-du-Colombier-r.jpg 1200w, https:\/\/centcols.org\/backup\/wp-content\/uploads\/2020\/01\/Au-col-du-Colombier-r-600x310.jpg 600w, https:\/\/centcols.org\/backup\/wp-content\/uploads\/2020\/01\/Au-col-du-Colombier-r-500x258.jpg 500w, https:\/\/centcols.org\/backup\/wp-content\/uploads\/2020\/01\/Au-col-du-Colombier-r-768x396.jpg 768w\" sizes=\"(max-width: 1200px) 100vw, 1200px\" \/><p id=\"caption-attachment-38258\" class=\"wp-caption-text\">Au col du Colombier \u00a9Ph Chazottier<\/p><\/div>\n<p><span style=\"color: #000000;\"><br \/>\nLe s\u00e9jour d\u2019\u00e9t\u00e9 2020 se d\u00e9roulera du 15 au 22 ao\u00fbt dans le d\u00e9partement du Rh\u00f4ne, plus pr\u00e9cis\u00e9ment dans le sud Beaujolais \u00e0 Chessy-les-Mines. Il a \u00e9t\u00e9 pr\u00e9par\u00e9 par une petite \u00e9quipe locale : Philippe Chazottier, Henri Cr\u00e9pet et Ren\u00e9 Rial.<\/span><\/p>\n<div id=\"lmm_79de5c4b\" style=\"width:100%;\" class=\"mapsmarker layermap layer-3\">\n<div id=\"lmm_panel_79de5c4b\" class=\"lmm-panel\" style=\"background:#efefef;\">\n<div id=\"lmm_panel_api_79de5c4b\" class=\"lmm-panel-api\"><\/div><div id=\"lmm_panel_text_79de5c4b\" class=\"lmm-panel-text\" style=\"font-weight:bold;color:#373737;\">Chessy<\/div>\n<\/div>\n<div id=\"lmm_map_79de5c4b\" class=\"lmm-map\" style=\"background:#f6f6f6;border:1px solid #ccc;height:480px; overflow:hidden;padding:0;\"><p style=\"font-size:80%;color:#9f9e9e;margin-left:5px;\">chargement de la carte - veuillez patienter...<noscript><br\/><strong>La carte ne peut \u00eatre charg\u00e9e - s'il vous pla\u00eet activer Javascript !<\/strong><br\/><a style=\"text-decoration:none;\" href=\"https:\/\/www.mapsmarker.com\/js-disabled\" target=\"_blank\">&rarr; plus dginformations<\/a><\/noscript><\/p><\/div>\n<div id=\"lmm_geo_tags_79de5c4b_26\" class=\"lmm-geo-tags geo\">Chessy: <span class=\"latitude\">45.885378<\/span>, <span class=\"longitude\">4.620223<\/span><\/div>\n<div id=\"lmm_geo_tags_79de5c4b_27\" class=\"lmm-geo-tags geo\">Chessy: <span class=\"latitude\">45.886872<\/span>, <span class=\"longitude\">4.621553<\/span><\/div>\n<div id=\"lmm_listmarkers_79de5c4b\" class=\"lmm-listmarkers\" style=\"width:100%;\">\n<table style=\"width:100%;\" id=\"lmm_listmarkers_table_79de5c4b\" class=\"lmm-listmarkers-table\"><tr><td class=\"lmm-listmarkers-icon\"><img decoding=\"async\" style=\"border-radius:0;box-shadow:none;\" alt=\"marker icon\" src=\"https:\/\/centcols.org\/backup\/wp-content\/uploads\/leaflet-maps-marker-icons\/camping-2.png\" \/><\/td><td class=\"lmm-listmarkers-popuptext\"><div class=\"lmm-listmarkers-panel-icons\"><a href=\"https:\/\/maps.google.com\/maps?daddr=Avenue+du+Stade%2C+Chessy-les-Mines%2C+Auvergne-Rh%C3%B4ne-Alpes&amp;t=m&amp;layer=1&amp;doflg=ptk&amp;om=0\" target=\"_blank\" title=\"Obtenir l&#039;itin\u00e9raire\"><img loading=\"lazy\" decoding=\"async\" alt=\"icon-car.png\" src=\"https:\/\/centcols.org\/backup\/wp-content\/plugins\/leaflet-maps-marker\/inc\/img\/icon-car.png\" width=\"14\" height=\"14\" class=\"lmm-panel-api-images\" \/><\/a><\/div><span class=\"lmm-listmarkers-markername\">Chessy<\/span><br\/><span class=\"lmm-listmarkers-popuptext-only\"><p style=\"text-align: center\">Parkings pour camping-cars<\/p><\/span><br\/><div class=\"lmm-listmarkers-hr\">Avenue du Stade, Chessy-les-Mines, Auvergne-Rh\u00f4ne-Alpes<\/div><\/td><\/tr><tr><td class=\"lmm-listmarkers-icon\"><img decoding=\"async\" style=\"border-radius:0;box-shadow:none;\" alt=\"marker icon\" src=\"https:\/\/centcols.org\/backup\/wp-content\/uploads\/leaflet-maps-marker-icons\/lodging_0star.png\" \/><\/td><td class=\"lmm-listmarkers-popuptext\"><div class=\"lmm-listmarkers-panel-icons\"><a href=\"https:\/\/maps.google.com\/maps?daddr=68%2C+avenue+de+la+Gare%2C+69380+Chessy-les-Mines%2C+Auvergne-Rh%C3%B4ne-Alpes&amp;t=m&amp;layer=1&amp;doflg=ptk&amp;om=0\" target=\"_blank\" title=\"Obtenir l&#039;itin\u00e9raire\"><img loading=\"lazy\" decoding=\"async\" alt=\"icon-car.png\" src=\"https:\/\/centcols.org\/backup\/wp-content\/plugins\/leaflet-maps-marker\/inc\/img\/icon-car.png\" width=\"14\" height=\"14\" class=\"lmm-panel-api-images\" \/><\/a><\/div><span class=\"lmm-listmarkers-markername\">Chessy<\/span><br\/><span class=\"lmm-listmarkers-popuptext-only\"><p style=\"text-align: center\">MFR Chessy<\/p><\/span><br\/><div class=\"lmm-listmarkers-hr\">68, avenue de la Gare, 69380 Chessy-les-Mines, Auvergne-Rh\u00f4ne-Alpes<\/div><\/td><\/tr><\/table><\/div><\/div>\n<p><span style=\"color: #000000;\">Chessy-les-Mines est situ\u00e9 dans le d\u00e9partement du Rh\u00f4ne \u00e0 moins de 30 km au nord ouest de Lyon, dans la r\u00e9gion viticole du Beaujolais.<\/span><\/p>\n<p><span style=\"color: #000000;\">Nous s\u00e9journerons dans la Maison Familiale Rurale (\u00e9tablissement scolaire priv\u00e9) au centre du village.<\/span><\/p>\n<p><span style=\"color: #000000;\">Vous trouverez ci-dessous les rubriques :<\/span><\/p>\n<ul>\n<li><span style=\"color: #000000;\">Pr\u00e9sentation de la r\u00e9gion<\/span><\/li>\n<li><span style=\"color: #000000;\"><a href=\"\/membres\/cctours\/tours.php?lieu=Chessy&amp;an=2020\">Les circuits<\/a>, <a href=\"\/membres\/cctours\/tours.php?lieu=Chessy&amp;an=2020&amp;genre=R\">routiers<\/a> et <a href=\"\/membres\/cctours\/tours.php?lieu=Chessy&amp;an=2020&amp;genre=V\">VTT<\/a><br \/>\n<\/span><\/li>\n<li><span style=\"color: #000000;\">H\u00e9bergement<\/span><\/li>\n<li><span style=\"color: #000000;\">Note du Conseil d&#8217;Administration<\/span><\/li>\n<li><span style=\"color: #000000;\">Inscriptions<\/span><\/li>\n<li><span style=\"color: #000000;\">Autres activit\u00e9s ou visites\u00a0 \u00a0<\/span><\/li>\n<\/ul>\n<p><span style=\"color: #ff0000;\"><strong>Quelques \u00e9l\u00e9ments pour l&#8217;arriv\u00e9e, le s\u00e9jour et les consignes COVID-19 :<\/strong><\/span><\/p>\n<p><strong><u>Attention COVID-19 :<\/u><\/strong><\/p>\n<p>Les contraintes strictes impos\u00e9es le sont d&#8217;abord pour le bien de tous et aussi pour respecter la r\u00e9glementation. Sachons les accepter avec bonne humeur et bienveillance envers ceux qui sont charg\u00e9s de leur application.<br \/>\nLe port du masque est obligatoire dans l&#8217;enceinte de la MFR, veillez \u00e0 vous en munir en nombre suffisant pour le s\u00e9jour.<br \/>\nLes &#8220;pots&#8221; seront pr\u00e9par\u00e9s par le club qui fournira boissons et \u00e9l\u00e9ments \u00e0 grignoter. Le club ne fournit pas les verres, chacun devra apporter le sien et le laver \u00e0 sa convenance. Il en est de m\u00eame pour le bar.<br \/>\nEn r\u00e9sum\u00e9 : <strong>apportez des masques, votre verre personnel, et du gel hydro-alcoolique<\/strong>.<\/p>\n<p><strong><u>Accueil le 15 ao\u00fbt :<\/u><\/strong><\/p>\n<p>Nous vous accueillerons le 15 ao\u00fbt \u00e0 la MFR \u00e0 partir de 16h. <strong>Pensez \u00e0 porter un masque lorsque vous passerez \u00e0 l&#8217;accueil.<\/strong> Si vous n&#8217;en avez pas lorsque vous vous pr\u00e9senterez \u00e0 l&#8217;accueil vous serez invit\u00e9s \u00e0 aller vous en procurer un avant de revenir r\u00e9cup\u00e9rer votre livret et votre chambre. Nous aurons une r\u00e9union d&#8217;accueil, dehors si le temps le permet, \u00e0 18h00 qui sera suivie d&#8217;un pot d&#8217;accueil \u00e0 18h30. Le d\u00eener sera servi \u00e0 19h30 (les horaires des repas ont \u00e9t\u00e9 fix\u00e9s ainsi : petit d\u00e9jeuner \u00e0 7h, d\u00eener \u00e0 19h30).<br \/>\nUn bar avec une tireuse \u00e0 bi\u00e8re, tenu par des b\u00e9n\u00e9voles du Club, sera ouvert tous les soirs de 17h \u00e0 19h30, le verres ne sont pas fournis, veillez \u00e0 apporter les v\u00f4tres&#8230; <strong>Attention, &#8220;pas de verre, pas de bi\u00e8re!&#8221;<\/strong><\/p>\n<p><strong><u>El\u00e9ments sanitaires \u00e0 la MFR :<\/u><\/strong><\/p>\n<p>Le Club des Cent Cols est en contact r\u00e9gulier avec les responsables de la MFR pour discuter des modalit\u00e9s \u00e0 mettre en \u0153uvre en raison du COVID19. Pour pouvoir nous accueillir dans les meilleures conditions, la MFR a mis en place un certain nombre de modalit\u00e9s conformes avec les r\u00e8glements et chartes pr\u00e9par\u00e9s par les autorit\u00e9s et syndicats professionnels. La MFR nous les pr\u00e9cisera lors de l&#8217;accueil et envisage de remettre un document \u00e9crit \u00e0 votre arriv\u00e9e. Cela concerne notamment les chambres, les sanitaires collectifs, le restaurant, les espaces communs, etc. Nous vous demandons de vous conformer \u00e0 toutes les instructions et de les respecter scrupuleusement et avec bonne humeur.<\/p>\n<p><strong><u>El\u00e9ments sanitaires sur le terrain :<\/u><\/strong><\/p>\n<p>Chacun participe au s\u00e9jour, aux parcours et aux activit\u00e9s sous sa propre responsabilit\u00e9. Afin que le s\u00e9jour se passe dans les meilleures conditions, nous vous invitons \u00e0 prendre en compte quelques dispositions pr\u00e9sent\u00e9es ci-dessous, au del\u00e0 des \u00e9l\u00e9ments propres \u00e0 la MFR.<\/p>\n<ul>\n<li>La programmation des parcours a \u00e9t\u00e9 revue afin d&#8217;\u00e9viter que les routiers et les v\u00e9t\u00e9tistes soient sur les m\u00eames secteurs en m\u00eame temps. Concr\u00e8tement, la programmation des parcours routiers est inchang\u00e9e par rapport \u00e0 ce qui est annonc\u00e9 sur le site et sur le livret. En revanche les parcours VTT sont modifi\u00e9s comme suit : dimanche 16 V3, lundi 17 V5, mardi 18 V1, mercredi 19 V2, jeudi 20 V6, vendredi 21 V4 et samedi 22 V7-rassemblement.<\/li>\n<li>\u00c9vitons de partir en groupes de plus de 10 participants, et gardons un espace notable entre des groupes qui se suivent (5 ou 10 minutes).<\/li>\n<li>Respectons les gestes barri\u00e8re et de distanciation physique recommand\u00e9s par les autorit\u00e9s. Notamment la distance de 1m lors des pauses ou des pique-niques.<\/li>\n<li>Utilisation de masque lorsque c&#8217;est possible.<\/li>\n<li>Lavage fr\u00e9quent des mains au savon ou au gel hydro-alcoolique.<\/li>\n<li>Pour autant, accueillons chaleureusement les nouveaux participants (ils y en a plusieurs sur ce s\u00e9jour) afin qu&#8217;ils se sentent \u00e0 l&#8217;aise.<\/li>\n<li>Le rassemblement aura bien lieu au col des \u00c9charmeaux, accueil \u00e0 partir de 11h, discours et pot de l&#8217;amiti\u00e9 \u00e0 11h45. Le repas d\u00e9port\u00e9, pour ceux qui sont en pension compl\u00e8te et ceux qui l&#8217;ont r\u00e9serv\u00e9 et pay\u00e9, sera servi apr\u00e8s le pot vers 12h15\/12h30. Malgr\u00e9 l&#8217;enthousiasme des retrouvailles sachons respecter les gestes barri\u00e8re (en particulier le port du masque) et de distanciation, au col, comme pendant le repas.<\/li>\n<\/ul>\n<p><strong><u>V\u00e9locistes :<br \/>\n<\/u><\/strong><strong>Mondov\u00e9lo<br \/>\n<\/strong>333 route de Lyon \u00e0 Lozanne (6km de Chessy),\u00a0<a href=\"https:\/\/www.google.com\/search?q=mondov%C3%A9lo+lozanne+route+de+lyon+lozanne&amp;oq=mondov%C3%A9lo+lozanne&amp;aqs=chrome.1.69i57j0.8203j0j8&amp;sourceid=chrome&amp;ie=UTF-8\">04 72 48 99 73<\/a><br \/>\nDu lundi au samedi de 9h \u00e0 12h et de 14h \u00e0 19 h.<\/p>\n<p>Egalement ouvert \u00e0 partir du mardi 18 ao\u00fbt :<br \/>\n<strong>Loisirs VTT<\/strong>,\u00a0magasin sp\u00e9cialis\u00e9 sur le VTT (Jean Paul Dumortier)<br \/>\nGrande Rue \u00e0 Pollionnay (18 km)\u00a0au centre du village,\u00a0<a href=\"https:\/\/www.google.com\/search?sxsrf=ALeKk02tt83ZcWn0siBzv6sRSzKetPxvGA%3A1592830042786&amp;ei=WqjwXqrEL4Oca4bJosgG&amp;q=loisir+vtt+pollionnay&amp;oq=loisir+vtt+pollionnay&amp;gs_lcp=CgZwc3ktYWIQARgAMgIIADIGCAAQFhAeMgYIABAWEB4yAggmOgQIIxAnOgQIABBDOgUIABCDAToFCAAQsQM6BwgAEBQQhwI6BggAEAoQQzoHCAAQQxCLAzoFCAAQiwM6CAgAEIMBEIsDOgoIABCxAxBDEIsDOgoIABAUEIcCEIsDUIiZDVjFxQ1gt-ENaABwAHgAgAG2AYgB5BCSAQQxNC43mAEAoAEBqgEHZ3dzLXdpergBAg&amp;sclient=psy-ab\">04 78 48 15 45<\/a><br \/>\nDu mardi au samedi 10h \u00e0 19 h.<\/p>\n<p><strong><u>Pour les camping-caristes :<\/u><\/strong><\/p>\n<p>A Chessy, l&#8217;\u00e9picerie Vival sera ouverte tout l&#8217;\u00e9t\u00e9, tout comme le caf\u00e9.<br \/>\nOn trouve \u00e9galement une boulangerie dans un petit centre commercial au bord de la d\u00e9partementale. Il y a \u00e9galement une boucherie et une pharmacie (ouverture estivale non connue).<br \/>\nAu Pont-Tarrets (\u00e0 5 km en direction des Echarmeaux, il y a une boulangerie-p\u00e2tisserie-traiteur ouverte tout les jours de 6h \u00e0 20h.<\/p>\n<p><strong><u>Acc\u00e8s \u00e0 la MFR le 15 ao\u00fbt, Philippe vous donne ses conseils :<\/u><\/strong><\/p>\n<p><strong>Par la route<\/strong><\/p>\n<p><strong><u>Depuis Paris ou le nord-est :<br \/>\n<\/u><\/strong><em>En temps normal : avant d\u2019arriver \u00e0 Lyon nord prendre l\u2019A89 Direction Clermont Ferrand et sortir \u00e0 la sortie vall\u00e9e d\u2019Azergues, Chazay-d\u2019Azergues N\u00b0 37. Prendre direction Lamure-sur-Azergues, CD 385. Chessy est \u00e0 6 km environ de la sortie d\u2019autoroute.<br \/>\n<\/em><strong style=\"font-size: inherit;\">Le samedi 15 aout nous vous conseillons de sortir \u00e0 la<\/strong> <strong style=\"font-size: inherit;\">sortie N\u00b031.1 <\/strong> <strong style=\"font-size: inherit;\">Villefranche Centre<\/strong><span style=\"font-size: inherit;\"> et de prendre direction centre ville, Roanne, Tarare (CD 338), (ne pas prendre l\u2019\u00e9vitement est de Villefranche qui risque lui aussi d\u2019\u00eatre encombr\u00e9). Au niveau du village de Frontenas prendre \u00e0 gauche direction Chessy. De la sortie d\u2019autoroute \u00e0 Chessy, comptez 25\/30 mn.<br \/>\n<\/span>Vous pouvez aussi opter pour un itin\u00e9raire bis\u00a0: sortir de l\u2019A6 \u00e0 Chalon-sur-Sa\u00f4ne puis Montchanin, Montceau-les-Mines, Charolles, col des \u00c9charmeaux, Chessy.<\/p>\n<p><strong><u>Depuis Clermont-Ferrand, Orl\u00e9ans, le grand ouest et le sud-ouest :<br \/>\n<\/u><\/strong><span style=\"font-size: inherit;\">Prendre l\u2019A89 direction Lyon, sortir \u00e0 la sortie 37, Chazay-d\u2019Azergues, Vall\u00e9e d\u2019Azergues. Chazay-d\u2019Azergues, Marcy-l\u2019\u00c9toile, puis direction Lozanne, Lamure, CD 385. Chessy est \u00e0 6 km environ.<\/span><\/p>\n<p><strong><u>Depuis Saint Etienne, Le Puy, Mende :<br \/>\n<\/u><\/strong>Prendre l\u2019A72 direction Clermont-Ferrand et la quitter \u00e0 Montrond-les-Bains, traverser Montrond, tout droit sur le CD 1089 jusqu\u2019\u00e0 L\u2019Arbresle, puis direction Lozanne. Au Pont de Dorieux, \u00e0 gauche direction Lamure-sur-Azergues, Chessy est \u00e0 5 km environ.<\/p>\n<p><strong><u>Depuis Marseille et le sud\u00a0:<br \/>\n<\/u><\/strong><em> A7, tunnel de Fourvi\u00e8re A6 puis A89. Chessy est \u00e0 6 km environ de la sortie d\u2019autoroute 37, Chazay-d\u2019Azergues, vall\u00e9e d\u2019Azergues. Direction Lamure-sur-Azergues, Chessy est \u00e0 6 km environ de la sortie d\u2019autoroute.<br \/>\n<\/em><strong>Le samedi 15 aout, pour \u00e9viter les habituels bouchons de Fourvi\u00e8re nous vous proposons plusieurs solutions\u00a0:\u00a0\u00a0\u00a0\u00a0 <\/strong><\/p>\n<ul>\n<li>Prendre le boulevard p\u00e9riph\u00e9rique \u00e0 Saint Fons jusqu\u2019\u00e0 son terme direction Paris et reprendre l\u2019A7 apr\u00e8s TEO (tunnel du p\u00e9riph\u00e9rique), mais l\u00e0 aussi, il y a un risque d\u2019embouteillage \u00e0 l\u2019entr\u00e9e de TEO (p\u00e9age).<\/li>\n<li>\u00c0 Chasse sur Rh\u00f4ne prendre l\u2019A46 direction Paris, faire le tour de l\u2019agglom\u00e9ration par cette rocade est et prendre l\u2019A466 pour rejoindre l\u2019A6 au nord de Lyon puis l\u2019A89 et sortir \u00e0 la sortie 37, vall\u00e9e d\u2019Azergues, Chazay-d\u2019Azergues, avec, l\u00e0 aussi, un risque d\u2019embouteillage au niveau des jonctions A46\/A43 et A46\/A42. C&#8217;est un parcours tr\u00e8s nettement rallong\u00e9.<\/li>\n<li>La solution avec le moins de risque de bouchons. \u00c0 Chasse-sur-Rh\u00f4ne, prendre l\u2019A47 direction St-Etienne, \u00e0 Givors prendre la sortie 9.3 Givors\/Mornant et la direction de Mornant. Une fois \u00e0 Mornant continuer tout droit sur le CD 30 jusqu\u2019 \u00e0 Lozanne (direction Brindas, Gr\u00e9zieu-la-Varenne, Marcy-l\u2019Etoile, La-Tour-de-Salvagny, Lozanne) o\u00f9 l\u2019on prend la direction Lamure-sur-Azergues CD 385. Chessy est \u00e0 6 km environ de Lozanne avec plusieurs localit\u00e9s \u00e0 traverser mais avec un trafic tr\u00e8s fluide un 15 ao\u00fbt.<\/li>\n<\/ul>\n<p><strong><u>Depuis Grenoble ou Chamb\u00e9ry :<br \/>\n<\/u><\/strong>Prendre la direction de l\u2019a\u00e9roport Saint-Exup\u00e9ry par l\u2019A432 et la suivre jusqu\u2019\u00e0 Les-\u00c9chets o\u00f9 l\u2019on prend l\u2019A46 nord, puis l\u2019A466 pour rejoindre l\u2019A6 au nord de Lyon, puis l\u2019A89 et sortir \u00e0 la sortie 37, vall\u00e9e d\u2019Azergues, Chazay-d\u2019Azergues. Cette solution permet d\u2019\u00e9viter les encombrements de la m\u00e9tropole.<\/p>\n<p><strong><u>Depuis Gen\u00e8ve :<br \/>\n<\/u><\/strong>Depuis l\u2019 A42 et quelques kilom\u00e8tres avant le p\u00e9age de Miribel prendre \u00e0 droite l\u2019A432 direction Paris jusqu\u2019\u00e0 Les-\u00c9chets o\u00f9 l\u2019on prend l\u2019A46 nord, puis l\u2019A466 pour rejoindre l\u2019A6 au nord de Lyon, puis l\u2019A89 et sortir \u00e0 la sortie 37 vall\u00e9e d\u2019Azergues, Chazay-d\u2019Azergues N\u00b037. Chessy est \u00e0 6 km environ de la sortie d\u2019autoroute. Cette solution permet d\u2019\u00e9viter les encombrements de la m\u00e9tropole.<\/p>\n<p><strong>Par le train<\/strong><\/p>\n<p>La gare de Chessy les Mines est desservie par la ligne Nevers-Paray-le-Monial-Lozanne-Lyon-Part- Dieu-Lyon-Perrache.<br \/>\nTous les trains ne s\u2019arr\u00eatent pas \u00e0 Chessy, mais presque tous font halte \u00e0 Lozanne (6 km, plat avec bande cyclable). De plus, plusieurs trains font seulement le trajet Lyon-Lozanne. Certains s\u2019arr\u00eatent \u00e0 L\u00e9gny-Les Ponts-Tarrets \u00e0 5km au nord de Chessy (plat avec bande cyclable).<br \/>\nLa ligne Clermont-Vichy-Lozanne-Lyon s\u2019arr\u00eate \u00e9galement \u00e0 L\u2019Arbresle (8 km de Chessy terrain plat) et Lozanne.<\/p>\n<p><strong>Par avion<\/strong><\/p>\n<p>Un service de tram train Rh\u00f4ne Express rejoint la gare de la Part-Dieu. Cependant son co\u00fbt est \u00e9lev\u00e9 (26 \u20ac l\u2019aller retour) et il est prudent de se renseigner pour le transport des v\u00e9los.<br \/>\nAutrement on peut rejoindre la gare de Lyon-Part-Dieu en v\u00e9lo (19.3 km) c\u2019est plat et direct, prendre la direction Genas.<br \/>\nSi vous envisagez ce moyen de transport, il est peut \u00eatre judicieux de faire un appel sur la liste de discussion pour voir si un local ou un confr\u00e8re Alpin pourrait vous prendre en charge \u00e0 l\u2019a\u00e9rogare.<\/p>\n<p><strong>Pour repartir du col des \u00c9charmeaux ou de Chessy<\/strong><\/p>\n<p>Depuis le col des Echarmeaux on peut rejoindre rapidement l\u2019A6 \u00e0 Belleville sur Sa\u00f4ne \u00e0 34 km.<br \/>\nPour les autres destinations redescendre la vall\u00e9e d\u2019Azergues jusqu\u2019au pont de Dorieux (Lozanne) et utiliser les itin\u00e9raires d&#8217;acc\u00e8s ci-dessus \u00e0 l&#8217;envers.<\/p>\n","protected":false},"excerpt":{"rendered":"<p>Versione italiana di presentazione Presentation of Chessy in English Ont contribu\u00e9 \u00e0 cette page de pr\u00e9sentation du s\u00e9jour Christophe Badonnel, Thierry Labour et les responsables informatiques. Le s\u00e9jour d\u2019\u00e9t\u00e9 2020 se d\u00e9roulera du 15 au 22 ao\u00fbt dans le d\u00e9partement du Rh\u00f4ne, plus pr\u00e9cis\u00e9ment dans le sud Beaujolais \u00e0 Chessy-les-Mines. Il a \u00e9t\u00e9 pr\u00e9par\u00e9 par [&hellip;]<\/p>\n","protected":false},"author":282,"featured_media":0,"comment_status":"closed","ping_status":"closed","sticky":false,"template":"","format":"standard","meta":{"_acf_changed":false,"ub_ctt_via":"","_monsterinsights_skip_tracking":false,"_monsterinsights_sitenote_active":false,"_monsterinsights_sitenote_note":"","_monsterinsights_sitenote_category":0,"footnotes":""},"categories":[35],"tags":[],"acf":[],"featured_image_urls":{"full":"","thumbnail":"","medium":"","medium_large":"","large":"","1536x1536":"","2048x2048":"","woocommerce_thumbnail":"","woocommerce_single":"","woocommerce_gallery_thumbnail":""},"post_excerpt_stackable":"<p>Versione italiana di presentazione Presentation of Chessy in English Ont contribu\u00e9 \u00e0 cette page de pr\u00e9sentation du s\u00e9jour Christophe Badonnel, Thierry Labour et les responsables informatiques. Au col du Colombier \u00a9Ph Chazottier Le s\u00e9jour d\u2019\u00e9t\u00e9 2020 se d\u00e9roulera du 15 au 22 ao\u00fbt dans le d\u00e9partement du Rh\u00f4ne, plus pr\u00e9cis\u00e9ment dans le sud Beaujolais \u00e0 Chessy-les-Mines. Il a \u00e9t\u00e9 pr\u00e9par\u00e9 par une petite \u00e9quipe locale : Philippe Chazottier, Henri Cr\u00e9pet et Ren\u00e9 Rial. Chessy chargement de la carte &#8211; veuillez patienter&#8230;La carte ne peut \u00eatre charg\u00e9e &#8211; s&#8217;il vous pla\u00eet activer Javascript !&rarr; plus dginformations Chessy: 45.885378, 4.620223 Chessy: 45.886872,\u2026<\/p>\n","category_list":"<a href=\"https:\/\/centcols.org\/backup\/categorie\/sejours\/\" rel=\"category tag\">S\u00e9jours<\/a>","author_info":{"display_name":"Thierry Labour","author_link":"https:\/\/centcols.org\/backup\/author\/5925\/"},"comments_num":"0 commentaire","featured_image_urls_v2":{"full":"","thumbnail":"","medium":"","medium_large":"","large":"","1536x1536":"","2048x2048":"","woocommerce_thumbnail":"","woocommerce_single":"","woocommerce_gallery_thumbnail":""},"post_excerpt_stackable_v2":"<p>Versione italiana di presentazione Presentation of Chessy in English Ont contribu\u00e9 \u00e0 cette page de pr\u00e9sentation du s\u00e9jour Christophe Badonnel, Thierry Labour et les responsables informatiques. Au col du Colombier \u00a9Ph Chazottier Le s\u00e9jour d\u2019\u00e9t\u00e9 2020 se d\u00e9roulera du 15 au 22 ao\u00fbt dans le d\u00e9partement du Rh\u00f4ne, plus pr\u00e9cis\u00e9ment dans le sud Beaujolais \u00e0 Chessy-les-Mines. Il a \u00e9t\u00e9 pr\u00e9par\u00e9 par une petite \u00e9quipe locale : Philippe Chazottier, Henri Cr\u00e9pet et Ren\u00e9 Rial. Chessy chargement de la carte &#8211; veuillez patienter&#8230;La carte ne peut \u00eatre charg\u00e9e &#8211; s&#8217;il vous pla\u00eet activer Javascript !&rarr; plus dginformations Chessy: 45.885378, 4.620223 Chessy: 45.886872,\u2026<\/p>\n","category_list_v2":"<a href=\"https:\/\/centcols.org\/backup\/categorie\/sejours\/\" rel=\"category tag\">S\u00e9jours<\/a>","author_info_v2":{"name":"Thierry Labour","url":"https:\/\/centcols.org\/backup\/author\/5925\/"},"comments_num_v2":"0 commentaire","featured_image_src":null,"_links":{"self":[{"href":"https:\/\/centcols.org\/backup\/wp-json\/wp\/v2\/posts\/42938"}],"collection":[{"href":"https:\/\/centcols.org\/backup\/wp-json\/wp\/v2\/posts"}],"about":[{"href":"https:\/\/centcols.org\/backup\/wp-json\/wp\/v2\/types\/post"}],"author":[{"embeddable":true,"href":"https:\/\/centcols.org\/backup\/wp-json\/wp\/v2\/users\/282"}],"replies":[{"embeddable":true,"href":"https:\/\/centcols.org\/backup\/wp-json\/wp\/v2\/comments?post=42938"}],"version-history":[{"count":0,"href":"https:\/\/centcols.org\/backup\/wp-json\/wp\/v2\/posts\/42938\/revisions"}],"wp:attachment":[{"href":"https:\/\/centcols.org\/backup\/wp-json\/wp\/v2\/media?parent=42938"}],"wp:term":[{"taxonomy":"category","embeddable":true,"href":"https:\/\/centcols.org\/backup\/wp-json\/wp\/v2\/categories?post=42938"},{"taxonomy":"post_tag","embeddable":true,"href":"https:\/\/centcols.org\/backup\/wp-json\/wp\/v2\/tags?post=42938"}],"curies":[{"name":"wp","href":"https:\/\/api.w.org\/{rel}","templated":true}]}}