{"id":43024,"date":"2020-06-15T11:26:55","date_gmt":"2020-06-15T09:26:55","guid":{"rendered":"https:\/\/centcols.org\/backup\/?p=43024"},"modified":"2023-05-30T23:47:13","modified_gmt":"2023-05-30T21:47:13","slug":"ag-sejour-automne-2020-autun-2","status":"publish","type":"post","link":"https:\/\/centcols.org\/backup\/ag-sejour-automne-2020-autun-2\/","title":{"rendered":"S\u00e9jour d&#8217;automne et Assembl\u00e9e G\u00e9n\u00e9rale \u00e0 Autun (Sa\u00f4ne et Loire), 13 au 15 novembre 2020 &#8211; annul\u00e9"},"content":{"rendered":"\r\n<h2><span style=\"color: #ff0000; font-size: 36pt;\"><span style=\"text-decoration: underline;\"><strong>Annul\u00e9<\/strong><\/span><\/span><\/h2>\r\n<p>Ont contribu\u00e9 \u00e0 cette page de pr\u00e9sentation du s\u00e9jour les responsables informatique, international et s\u00e9jours et, bien s\u00fbr, les &#8220;locaux&#8221; Nicole et Jean-Claude Durand.<\/p>\r\n<p>&nbsp;<\/p>\r\n\r\n\r\n\r\n<figure class=\"wp-block-image is-resized\"><img loading=\"lazy\" decoding=\"async\" class=\"wp-image-43021\" src=\"https:\/\/centcols.org\/backup\/wp-content\/uploads\/2020\/05\/village-de-Dun-1200x900.jpg\" alt=\"village de Dun (\u00a9 JC Durand)\" width=\"961\" height=\"721\" \/>\r\n<figcaption>Village de Dun (\u00a9 JC Durand)<\/figcaption>\r\n<\/figure>\r\n\r\n\r\n\r\n<p>C&#8217;est \u00e0 Autun en Sa\u00f4ne et Loire que nous nous retrouverons pour le s\u00e9jour d&#8217;automne et l&#8217;<strong>Assembl\u00e9e G\u00e9n\u00e9rale<\/strong> de 2020.<\/p>\r\n\r\n\r\n<div id=\"lmm_a4002a5f\" style=\"width:100%;\" class=\"mapsmarker markermap marker-30\">\n<div id=\"lmm_panel_a4002a5f\" class=\"lmm-panel\" style=\"background:#efefef;\">\n<div id=\"lmm_panel_api_a4002a5f\" class=\"lmm-panel-api\"><a href=\"https:\/\/maps.google.com\/maps?daddr=Espace+Saint+EX&amp;t=m&amp;layer=1&amp;doflg=ptk&amp;om=0\" target=\"_blank\" title=\"Obtenir l&#039;itin\u00e9raire\"><img loading=\"lazy\" decoding=\"async\" alt=\"icon-car.png\" src=\"https:\/\/centcols.org\/backup\/wp-content\/plugins\/leaflet-maps-marker\/inc\/img\/icon-car.png\" width=\"14\" height=\"14\" class=\"lmm-panel-api-images\" \/><\/a><\/div><div id=\"lmm_panel_text_a4002a5f\" class=\"lmm-panel-text\" style=\"font-weight:bold;color:#373737;\">Autun<\/div><\/div>\n<div id=\"lmm_map_a4002a5f\" class=\"lmm-map\" style=\"background:#f6f6f6;border:1px solid #ccc;height:480px; overflow:hidden;padding:0;\"><p style=\"font-size:80%;color:#9f9e9e;margin-left:5px;\">chargement de la carte - veuillez patienter...<noscript><br\/><strong>La carte ne peut \u00eatre charg\u00e9e - s'il vous pla\u00eet activer Javascript !<\/strong><br\/><a style=\"text-decoration:none;\" href=\"https:\/\/www.mapsmarker.com\/js-disabled\" target=\"_blank\">&rarr; plus dginformations<\/a><\/noscript><\/p><\/div>\n<div id=\"lmm_geo_tags_a4002a5f\" class=\"lmm-geo-tags geo\">\n<span class=\"paneltext\">Autun<\/span>\n<span class=\"latitude\">46.952280<\/span>, <span class=\"longitude\">4.289102<\/span>\n<span class=\"popuptext\"><\/span>\n<\/div>\n<\/div>\n\r\n\r\n\r\n<p>Vous trouverez ci-dessous les rubriques :<\/p>\r\n\r\n\r\n\r\n<ul>\r\n<li>Pr\u00e9sentation de la r\u00e9gion<\/li>\r\n<li>Les circuits<\/li>\r\n<li>H\u00e9bergement<\/li>\r\n<li>Note du Conseil d&#8217;Administration<\/li>\r\n<li>Inscription<\/li>\r\n<li>Assembl\u00e9e G\u00e9n\u00e9rale du Club des Cent Cols\u00a0<\/li>\r\n<li>Autres activit\u00e9s ou visites<\/li>\r\n<\/ul>\r\n\r\n<div id=\"finestramailtomailModalToPopup\" style=\"z-index: 1102;\">\r\n<div id=\"finestramailtomailContentPopup\">\u00a0<\/div>\r\n<\/div>","protected":false},"excerpt":{"rendered":"<p>Annul\u00e9 Ont contribu\u00e9 \u00e0 cette page de pr\u00e9sentation du s\u00e9jour les responsables informatique, international et s\u00e9jours et, bien s\u00fbr, les &#8220;locaux&#8221; Nicole et Jean-Claude Durand. &nbsp; C&#8217;est \u00e0 Autun en Sa\u00f4ne et Loire que nous nous retrouverons pour le s\u00e9jour d&#8217;automne et l&#8217;Assembl\u00e9e G\u00e9n\u00e9rale de 2020. Vous trouverez ci-dessous les rubriques : Pr\u00e9sentation de la [&hellip;]<\/p>\n","protected":false},"author":75,"featured_media":0,"comment_status":"closed","ping_status":"closed","sticky":false,"template":"","format":"standard","meta":{"_acf_changed":false,"ub_ctt_via":"","_monsterinsights_skip_tracking":false,"_monsterinsights_sitenote_active":false,"_monsterinsights_sitenote_note":"","_monsterinsights_sitenote_category":0,"footnotes":""},"categories":[35],"tags":[],"acf":[],"featured_image_urls":{"full":"","thumbnail":"","medium":"","medium_large":"","large":"","1536x1536":"","2048x2048":"","woocommerce_thumbnail":"","woocommerce_single":"","woocommerce_gallery_thumbnail":""},"post_excerpt_stackable":"<p>Annul\u00e9 Ont contribu\u00e9 \u00e0 cette page de pr\u00e9sentation du s\u00e9jour les responsables informatique, international et s\u00e9jours et, bien s\u00fbr, les &#8220;locaux&#8221; Nicole et Jean-Claude Durand. &nbsp; Village de Dun (\u00a9 JC Durand) C&#8217;est \u00e0 Autun en Sa\u00f4ne et Loire que nous nous retrouverons pour le s\u00e9jour d&#8217;automne et l&#8217;Assembl\u00e9e G\u00e9n\u00e9rale de 2020. Autun chargement de la carte &#8211; veuillez patienter&#8230;La carte ne peut \u00eatre charg\u00e9e &#8211; s&#8217;il vous pla\u00eet activer Javascript !&rarr; plus dginformations Autun 46.952280, 4.289102 Vous trouverez ci-dessous les rubriques : Pr\u00e9sentation de la r\u00e9gion Les circuits H\u00e9bergement Note du Conseil d&#8217;Administration Inscription Assembl\u00e9e G\u00e9n\u00e9rale du Club des\u2026<\/p>\n","category_list":"<a href=\"https:\/\/centcols.org\/backup\/categorie\/sejours\/\" rel=\"category tag\">S\u00e9jours<\/a>","author_info":{"display_name":"Christophe Badonnel","author_link":"https:\/\/centcols.org\/backup\/author\/5799\/"},"comments_num":"0 commentaire","featured_image_urls_v2":{"full":"","thumbnail":"","medium":"","medium_large":"","large":"","1536x1536":"","2048x2048":"","woocommerce_thumbnail":"","woocommerce_single":"","woocommerce_gallery_thumbnail":""},"post_excerpt_stackable_v2":"<p>Annul\u00e9 Ont contribu\u00e9 \u00e0 cette page de pr\u00e9sentation du s\u00e9jour les responsables informatique, international et s\u00e9jours et, bien s\u00fbr, les &#8220;locaux&#8221; Nicole et Jean-Claude Durand. &nbsp; Village de Dun (\u00a9 JC Durand) C&#8217;est \u00e0 Autun en Sa\u00f4ne et Loire que nous nous retrouverons pour le s\u00e9jour d&#8217;automne et l&#8217;Assembl\u00e9e G\u00e9n\u00e9rale de 2020. Autun chargement de la carte &#8211; veuillez patienter&#8230;La carte ne peut \u00eatre charg\u00e9e &#8211; s&#8217;il vous pla\u00eet activer Javascript !&rarr; plus dginformations Autun 46.952280, 4.289102 Vous trouverez ci-dessous les rubriques : Pr\u00e9sentation de la r\u00e9gion Les circuits H\u00e9bergement Note du Conseil d&#8217;Administration Inscription Assembl\u00e9e G\u00e9n\u00e9rale du Club des\u2026<\/p>\n","category_list_v2":"<a href=\"https:\/\/centcols.org\/backup\/categorie\/sejours\/\" rel=\"category tag\">S\u00e9jours<\/a>","author_info_v2":{"name":"Christophe Badonnel","url":"https:\/\/centcols.org\/backup\/author\/5799\/"},"comments_num_v2":"0 commentaire","featured_image_src":null,"_links":{"self":[{"href":"https:\/\/centcols.org\/backup\/wp-json\/wp\/v2\/posts\/43024"}],"collection":[{"href":"https:\/\/centcols.org\/backup\/wp-json\/wp\/v2\/posts"}],"about":[{"href":"https:\/\/centcols.org\/backup\/wp-json\/wp\/v2\/types\/post"}],"author":[{"embeddable":true,"href":"https:\/\/centcols.org\/backup\/wp-json\/wp\/v2\/users\/75"}],"replies":[{"embeddable":true,"href":"https:\/\/centcols.org\/backup\/wp-json\/wp\/v2\/comments?post=43024"}],"version-history":[{"count":0,"href":"https:\/\/centcols.org\/backup\/wp-json\/wp\/v2\/posts\/43024\/revisions"}],"wp:attachment":[{"href":"https:\/\/centcols.org\/backup\/wp-json\/wp\/v2\/media?parent=43024"}],"wp:term":[{"taxonomy":"category","embeddable":true,"href":"https:\/\/centcols.org\/backup\/wp-json\/wp\/v2\/categories?post=43024"},{"taxonomy":"post_tag","embeddable":true,"href":"https:\/\/centcols.org\/backup\/wp-json\/wp\/v2\/tags?post=43024"}],"curies":[{"name":"wp","href":"https:\/\/api.w.org\/{rel}","templated":true}]}}