{"id":44429,"date":"2019-11-25T11:31:34","date_gmt":"2019-11-25T10:31:34","guid":{"rendered":"https:\/\/centcols.org\/backup\/?p=44429"},"modified":"2020-06-05T22:14:20","modified_gmt":"2020-06-05T20:14:20","slug":"rassemblement-international-2020","status":"publish","type":"post","link":"https:\/\/centcols.org\/backup\/rassemblement-international-2020\/","title":{"rendered":"Rassemblement international, Col des Echarmeaux (Rh\u00f4ne) le 22 ao\u00fbt 2020"},"content":{"rendered":"<p>Le rassemblement international se tiendra en fin de s\u00e9jour d&#8217;\u00e9t\u00e9 \u00e0 Chessy-les-Mines (15 \u00e0 22 ao\u00fbt 2020)<br \/>\nIl est ouvert \u00e0 tous.<\/p>\n<p><img loading=\"lazy\" decoding=\"async\" class=\"alignnone wp-image-44431 size-full\" src=\"https:\/\/centcols.org\/backup\/wp-content\/uploads\/2020\/06\/echarmeaux.png\" alt=\"\" width=\"855\" height=\"613\" srcset=\"https:\/\/centcols.org\/backup\/wp-content\/uploads\/2020\/06\/echarmeaux.png 855w, https:\/\/centcols.org\/backup\/wp-content\/uploads\/2020\/06\/echarmeaux-500x358.png 500w, https:\/\/centcols.org\/backup\/wp-content\/uploads\/2020\/06\/echarmeaux-768x551.png 768w, https:\/\/centcols.org\/backup\/wp-content\/uploads\/2020\/06\/echarmeaux-600x430.png 600w\" sizes=\"(max-width: 855px) 100vw, 855px\" \/><\/p>\n<p>Venez nombreux, et surtout, pensez \u00e0 signaler votre pr\u00e9sence.<\/p>\n<h3>Contact<\/h3>\n<p>Guy Harl\u00e9<br \/>\n+33 4 50 60 67 27 &#8211; +33 6 77 11 17 03<br \/>\n<a href=\"&#109;&#97;i&#108;t&#111;:&#103;u&#121;.&#104;arl&#101;&#64;gma&#105;&#108;&#46;c&#111;m\">&#103;&#117;&#121;.&#104;&#97;&#114;l&#101;&#64;g&#109;ai&#108;.&#99;&#111;&#109;<\/a><\/p>\n","protected":false},"excerpt":{"rendered":"<p>Le rassemblement international se tiendra en fin de s\u00e9jour d&#8217;\u00e9t\u00e9 \u00e0 Chessy-les-Mines (15 \u00e0 22 ao\u00fbt 2020) Il est ouvert \u00e0 tous. Venez nombreux, et surtout, pensez \u00e0 signaler votre pr\u00e9sence. Contact Guy Harl\u00e9 +33 4 50 60 67 27 &#8211; +33 6 77 11 17 03<\/p>\n","protected":false},"author":147,"featured_media":0,"comment_status":"closed","ping_status":"closed","sticky":false,"template":"","format":"standard","meta":{"_acf_changed":false,"ub_ctt_via":"","_monsterinsights_skip_tracking":false,"_monsterinsights_sitenote_active":false,"_monsterinsights_sitenote_note":"","_monsterinsights_sitenote_category":0,"footnotes":""},"categories":[271,7],"tags":[],"acf":[],"featured_image_urls":{"full":"","thumbnail":"","medium":"","medium_large":"","large":"","1536x1536":"","2048x2048":"","woocommerce_thumbnail":"","woocommerce_single":"","woocommerce_gallery_thumbnail":""},"post_excerpt_stackable":"<p>Le rassemblement international se tiendra en fin de s\u00e9jour d&#8217;\u00e9t\u00e9 \u00e0 Chessy-les-Mines (15 \u00e0 22 ao\u00fbt 2020) Il est ouvert \u00e0 tous. Venez nombreux, et surtout, pensez \u00e0 signaler votre pr\u00e9sence. Contact Guy Harl\u00e9 +33 4 50 60 67 27 &#8211; +33 6 77 11 17 03 gu&#121;&#46;&#104;&#97;rl&#101;&#64;g&#109;&#97;&#105;l&#46;co&#109;<\/p>\n","category_list":"<a href=\"https:\/\/centcols.org\/backup\/categorie\/rassemblements\/rassemblements-2020\/\" rel=\"category tag\">Les rassemblements de 2020<\/a>, <a href=\"https:\/\/centcols.org\/backup\/categorie\/rassemblements\/\" rel=\"category tag\">Rencontres r\u00e9gionales<\/a>","author_info":{"display_name":"Guy Harl\u00e9","author_link":"https:\/\/centcols.org\/backup\/author\/5193\/"},"comments_num":"0 commentaire","featured_image_urls_v2":{"full":"","thumbnail":"","medium":"","medium_large":"","large":"","1536x1536":"","2048x2048":"","woocommerce_thumbnail":"","woocommerce_single":"","woocommerce_gallery_thumbnail":""},"post_excerpt_stackable_v2":"<p>Le rassemblement international se tiendra en fin de s\u00e9jour d&#8217;\u00e9t\u00e9 \u00e0 Chessy-les-Mines (15 \u00e0 22 ao\u00fbt 2020) Il est ouvert \u00e0 tous. Venez nombreux, et surtout, pensez \u00e0 signaler votre pr\u00e9sence. Contact Guy Harl\u00e9 +33 4 50 60 67 27 &#8211; +33 6 77 11 17 03 g&#117;&#121;&#46;har&#108;&#101;&#64;&#103;&#109;ail&#46;&#99;&#111;&#109;<\/p>\n","category_list_v2":"<a href=\"https:\/\/centcols.org\/backup\/categorie\/rassemblements\/rassemblements-2020\/\" rel=\"category tag\">Les rassemblements de 2020<\/a>, <a href=\"https:\/\/centcols.org\/backup\/categorie\/rassemblements\/\" rel=\"category tag\">Rencontres r\u00e9gionales<\/a>","author_info_v2":{"name":"Guy Harl\u00e9","url":"https:\/\/centcols.org\/backup\/author\/5193\/"},"comments_num_v2":"0 commentaire","featured_image_src":null,"_links":{"self":[{"href":"https:\/\/centcols.org\/backup\/wp-json\/wp\/v2\/posts\/44429"}],"collection":[{"href":"https:\/\/centcols.org\/backup\/wp-json\/wp\/v2\/posts"}],"about":[{"href":"https:\/\/centcols.org\/backup\/wp-json\/wp\/v2\/types\/post"}],"author":[{"embeddable":true,"href":"https:\/\/centcols.org\/backup\/wp-json\/wp\/v2\/users\/147"}],"replies":[{"embeddable":true,"href":"https:\/\/centcols.org\/backup\/wp-json\/wp\/v2\/comments?post=44429"}],"version-history":[{"count":0,"href":"https:\/\/centcols.org\/backup\/wp-json\/wp\/v2\/posts\/44429\/revisions"}],"wp:attachment":[{"href":"https:\/\/centcols.org\/backup\/wp-json\/wp\/v2\/media?parent=44429"}],"wp:term":[{"taxonomy":"category","embeddable":true,"href":"https:\/\/centcols.org\/backup\/wp-json\/wp\/v2\/categories?post=44429"},{"taxonomy":"post_tag","embeddable":true,"href":"https:\/\/centcols.org\/backup\/wp-json\/wp\/v2\/tags?post=44429"}],"curies":[{"name":"wp","href":"https:\/\/api.w.org\/{rel}","templated":true}]}}