{"id":45665,"date":"2019-11-24T11:04:10","date_gmt":"2019-11-24T10:04:10","guid":{"rendered":"https:\/\/centcols.org\/backup\/aosta-italia-salita-al-gran-san-bernardo-22-07-20\/"},"modified":"2020-07-27T11:30:03","modified_gmt":"2020-07-27T09:30:03","slug":"aosta-italia-salita-al-gran-san-bernardo-22-07-20","status":"publish","type":"post","link":"https:\/\/centcols.org\/backup\/aosta-italia-salita-al-gran-san-bernardo-22-07-20\/","title":{"rendered":"Aoste, Italie &#8211; sortie route au Grand Saint Bernard Mercredi\u00a022\u00a0juillet\u00a02020"},"content":{"rendered":"\n<p>Mercredi&nbsp;22&nbsp;juillet&nbsp;2020, nous pourrons monter en compagnie de membres du BIG au Grand Saint-Bernard jusqu\u2019\u00e0 la fronti\u00e8re suisse.<br>Nous aurons l\u2019occasion de p\u00e9daler en compagnie de quelques amis du Big-Cycling qui font un tour du Mont Blanc par \u00e9tapes, dont Etienne Mayeur, le premier \u00e0 terminer le Challenge Big, le 8&nbsp;novembre&nbsp;2011.<br><\/p>\n\n\n\n<p>Rendez-vous pour le d\u00e9part \u00e0 09h00 au Pont Suaz, sur la Doire Balt\u00e9e, \u00e0 Aoste.<br>Il sera possible de laisser les voitures au parking du t\u00e9l\u00e9ph\u00e9rique Aoste-Pila<\/p>\n\n\n\n<figure class=\"wp-block-image size-large\"><img loading=\"lazy\" decoding=\"async\" width=\"871\" height=\"481\" src=\"https:\/\/centcols.org\/backup\/wp-content\/uploads\/2020\/07\/Aosta-Pila.jpg\" alt=\"\" class=\"wp-image-46155\" srcset=\"https:\/\/centcols.org\/backup\/wp-content\/uploads\/2020\/07\/Aosta-Pila.jpg 871w, https:\/\/centcols.org\/backup\/wp-content\/uploads\/2020\/07\/Aosta-Pila-500x276.jpg 500w, https:\/\/centcols.org\/backup\/wp-content\/uploads\/2020\/07\/Aosta-Pila-768x424.jpg 768w, https:\/\/centcols.org\/backup\/wp-content\/uploads\/2020\/07\/Aosta-Pila-600x331.jpg 600w\" sizes=\"(max-width: 871px) 100vw, 871px\" \/><\/figure>\n\n\n\n<p>La sortie ne sera effectu\u00e9e qu\u2019en cas de conditions m\u00e9t\u00e9orologiques favorables.<\/p>\n\n\n\n<p>Si vous souhaitez participer, veuillez en informer par \u00e9crit \u00e0 <a href=\"&#109;&#97;&#105;lt&#111;&#58;&#97;lb&#101;r&#105;ni.&#101;&#110;ri&#99;&#111;&#64;vi&#114;&#103;&#105;li&#111;.it\">&#97;l&#98;&#101;&#114;&#105;&#110;&#105;&#46;&#101;nr&#105;c&#111;&#64;&#118;i&#114;gil&#105;&#111;&#46;i&#116;<\/a><\/p>\n\n\n\n<figure class=\"wp-block-image size-large\"><img loading=\"lazy\" decoding=\"async\" width=\"1200\" height=\"900\" src=\"https:\/\/centcols.org\/backup\/wp-content\/uploads\/2020\/07\/Aoste-ressemblement-1200x900.jpg\" alt=\"\" class=\"wp-image-47479\" srcset=\"https:\/\/centcols.org\/backup\/wp-content\/uploads\/2020\/07\/Aoste-ressemblement-1200x900.jpg 1200w, https:\/\/centcols.org\/backup\/wp-content\/uploads\/2020\/07\/Aoste-ressemblement-500x375.jpg 500w, https:\/\/centcols.org\/backup\/wp-content\/uploads\/2020\/07\/Aoste-ressemblement-768x576.jpg 768w, https:\/\/centcols.org\/backup\/wp-content\/uploads\/2020\/07\/Aoste-ressemblement-1536x1152.jpg 1536w, https:\/\/centcols.org\/backup\/wp-content\/uploads\/2020\/07\/Aoste-ressemblement-2048x1536.jpg 2048w, https:\/\/centcols.org\/backup\/wp-content\/uploads\/2020\/07\/Aoste-ressemblement-600x450.jpg 600w, https:\/\/centcols.org\/backup\/wp-content\/uploads\/2020\/07\/Aoste-ressemblement-scaled.jpg 1365w\" sizes=\"(max-width: 1200px) 100vw, 1200px\" \/><\/figure>\n","protected":false},"excerpt":{"rendered":"<p>Mercredi&nbsp;22&nbsp;juillet&nbsp;2020, nous pourrons monter en compagnie de membres du BIG au Grand Saint-Bernard jusqu\u2019\u00e0 la fronti\u00e8re suisse.Nous aurons l\u2019occasion de p\u00e9daler en compagnie de quelques amis du Big-Cycling qui font un tour du Mont Blanc par \u00e9tapes, dont Etienne Mayeur, le premier \u00e0 terminer le Challenge Big, le 8&nbsp;novembre&nbsp;2011. Rendez-vous pour le d\u00e9part \u00e0 09h00 [&hellip;]<\/p>\n","protected":false},"author":69,"featured_media":45349,"comment_status":"closed","ping_status":"closed","sticky":false,"template":"","format":"standard","meta":{"_acf_changed":false,"ub_ctt_via":"","_monsterinsights_skip_tracking":false,"_monsterinsights_sitenote_active":false,"_monsterinsights_sitenote_note":"","_monsterinsights_sitenote_category":0,"footnotes":""},"categories":[271,1,7],"tags":[],"acf":[],"featured_image_urls":{"full":["https:\/\/centcols.org\/backup\/wp-content\/uploads\/2020\/06\/passo-del-Gran-San-Bernardo.jpg",402,125,false],"thumbnail":["https:\/\/centcols.org\/backup\/wp-content\/uploads\/2020\/06\/passo-del-Gran-San-Bernardo-300x125.jpg",300,125,true],"medium":["https:\/\/centcols.org\/backup\/wp-content\/uploads\/2020\/06\/passo-del-Gran-San-Bernardo.jpg",402,125,false],"medium_large":["https:\/\/centcols.org\/backup\/wp-content\/uploads\/2020\/06\/passo-del-Gran-San-Bernardo.jpg",402,125,false],"large":["https:\/\/centcols.org\/backup\/wp-content\/uploads\/2020\/06\/passo-del-Gran-San-Bernardo.jpg",402,125,false],"1536x1536":["https:\/\/centcols.org\/backup\/wp-content\/uploads\/2020\/06\/passo-del-Gran-San-Bernardo.jpg",402,125,false],"2048x2048":["https:\/\/centcols.org\/backup\/wp-content\/uploads\/2020\/06\/passo-del-Gran-San-Bernardo.jpg",402,125,false],"woocommerce_thumbnail":["https:\/\/centcols.org\/backup\/wp-content\/uploads\/2020\/06\/passo-del-Gran-San-Bernardo-300x125.jpg",300,125,true],"woocommerce_single":["https:\/\/centcols.org\/backup\/wp-content\/uploads\/2020\/06\/passo-del-Gran-San-Bernardo.jpg",402,125,false],"woocommerce_gallery_thumbnail":["https:\/\/centcols.org\/backup\/wp-content\/uploads\/2020\/06\/passo-del-Gran-San-Bernardo-100x100.jpg",100,100,true]},"post_excerpt_stackable":"<p>Mercredi&nbsp;22&nbsp;juillet&nbsp;2020, nous pourrons monter en compagnie de membres du BIG au Grand Saint-Bernard jusqu\u2019\u00e0 la fronti\u00e8re suisse.Nous aurons l\u2019occasion de p\u00e9daler en compagnie de quelques amis du Big-Cycling qui font un tour du Mont Blanc par \u00e9tapes, dont Etienne Mayeur, le premier \u00e0 terminer le Challenge Big, le 8&nbsp;novembre&nbsp;2011. Rendez-vous pour le d\u00e9part \u00e0 09h00 au Pont Suaz, sur la Doire Balt\u00e9e, \u00e0 Aoste.Il sera possible de laisser les voitures au parking du t\u00e9l\u00e9ph\u00e9rique Aoste-Pila La sortie ne sera effectu\u00e9e qu\u2019en cas de conditions m\u00e9t\u00e9orologiques favorables. Si vous souhaitez participer, veuillez en informer par \u00e9crit \u00e0 a&#108;be&#114;i&#110;&#105;.e&#110;&#114;&#105;co&#64;v&#105;&#114;&#103;ilio.i&#116;<\/p>\n","category_list":"<a href=\"https:\/\/centcols.org\/backup\/categorie\/rassemblements\/rassemblements-2020\/\" rel=\"category tag\">Les rassemblements de 2020<\/a>, <a href=\"https:\/\/centcols.org\/backup\/categorie\/non-classifiee\/\" rel=\"category tag\">Non classifi\u00e9(e)<\/a>, <a href=\"https:\/\/centcols.org\/backup\/categorie\/rassemblements\/\" rel=\"category tag\">Rencontres r\u00e9gionales<\/a>","author_info":{"display_name":"Enrico Alberini","author_link":"https:\/\/centcols.org\/backup\/author\/5065\/"},"comments_num":"0 commentaire","featured_image_urls_v2":{"full":["https:\/\/centcols.org\/backup\/wp-content\/uploads\/2020\/06\/passo-del-Gran-San-Bernardo.jpg",402,125,false],"thumbnail":["https:\/\/centcols.org\/backup\/wp-content\/uploads\/2020\/06\/passo-del-Gran-San-Bernardo-300x125.jpg",300,125,true],"medium":["https:\/\/centcols.org\/backup\/wp-content\/uploads\/2020\/06\/passo-del-Gran-San-Bernardo.jpg",402,125,false],"medium_large":["https:\/\/centcols.org\/backup\/wp-content\/uploads\/2020\/06\/passo-del-Gran-San-Bernardo.jpg",402,125,false],"large":["https:\/\/centcols.org\/backup\/wp-content\/uploads\/2020\/06\/passo-del-Gran-San-Bernardo.jpg",402,125,false],"1536x1536":["https:\/\/centcols.org\/backup\/wp-content\/uploads\/2020\/06\/passo-del-Gran-San-Bernardo.jpg",402,125,false],"2048x2048":["https:\/\/centcols.org\/backup\/wp-content\/uploads\/2020\/06\/passo-del-Gran-San-Bernardo.jpg",402,125,false],"woocommerce_thumbnail":["https:\/\/centcols.org\/backup\/wp-content\/uploads\/2020\/06\/passo-del-Gran-San-Bernardo-300x125.jpg",300,125,true],"woocommerce_single":["https:\/\/centcols.org\/backup\/wp-content\/uploads\/2020\/06\/passo-del-Gran-San-Bernardo.jpg",402,125,false],"woocommerce_gallery_thumbnail":["https:\/\/centcols.org\/backup\/wp-content\/uploads\/2020\/06\/passo-del-Gran-San-Bernardo-100x100.jpg",100,100,true]},"post_excerpt_stackable_v2":"<p>Mercredi&nbsp;22&nbsp;juillet&nbsp;2020, nous pourrons monter en compagnie de membres du BIG au Grand Saint-Bernard jusqu\u2019\u00e0 la fronti\u00e8re suisse.Nous aurons l\u2019occasion de p\u00e9daler en compagnie de quelques amis du Big-Cycling qui font un tour du Mont Blanc par \u00e9tapes, dont Etienne Mayeur, le premier \u00e0 terminer le Challenge Big, le 8&nbsp;novembre&nbsp;2011. Rendez-vous pour le d\u00e9part \u00e0 09h00 au Pont Suaz, sur la Doire Balt\u00e9e, \u00e0 Aoste.Il sera possible de laisser les voitures au parking du t\u00e9l\u00e9ph\u00e9rique Aoste-Pila La sortie ne sera effectu\u00e9e qu\u2019en cas de conditions m\u00e9t\u00e9orologiques favorables. Si vous souhaitez participer, veuillez en informer par \u00e9crit \u00e0 &#97;lbe&#114;i&#110;i.e&#110;&#114;ico&#64;vi&#114;&#103;i&#108;&#105;o.it<\/p>\n","category_list_v2":"<a href=\"https:\/\/centcols.org\/backup\/categorie\/rassemblements\/rassemblements-2020\/\" rel=\"category tag\">Les rassemblements de 2020<\/a>, <a href=\"https:\/\/centcols.org\/backup\/categorie\/non-classifiee\/\" rel=\"category tag\">Non classifi\u00e9(e)<\/a>, <a href=\"https:\/\/centcols.org\/backup\/categorie\/rassemblements\/\" rel=\"category tag\">Rencontres r\u00e9gionales<\/a>","author_info_v2":{"name":"Enrico Alberini","url":"https:\/\/centcols.org\/backup\/author\/5065\/"},"comments_num_v2":"0 commentaire","featured_image_src":"https:\/\/centcols.org\/backup\/wp-content\/uploads\/2020\/06\/passo-del-Gran-San-Bernardo.jpg","_links":{"self":[{"href":"https:\/\/centcols.org\/backup\/wp-json\/wp\/v2\/posts\/45665"}],"collection":[{"href":"https:\/\/centcols.org\/backup\/wp-json\/wp\/v2\/posts"}],"about":[{"href":"https:\/\/centcols.org\/backup\/wp-json\/wp\/v2\/types\/post"}],"author":[{"embeddable":true,"href":"https:\/\/centcols.org\/backup\/wp-json\/wp\/v2\/users\/69"}],"replies":[{"embeddable":true,"href":"https:\/\/centcols.org\/backup\/wp-json\/wp\/v2\/comments?post=45665"}],"version-history":[{"count":0,"href":"https:\/\/centcols.org\/backup\/wp-json\/wp\/v2\/posts\/45665\/revisions"}],"wp:featuredmedia":[{"embeddable":true,"href":"https:\/\/centcols.org\/backup\/wp-json\/wp\/v2\/media\/45349"}],"wp:attachment":[{"href":"https:\/\/centcols.org\/backup\/wp-json\/wp\/v2\/media?parent=45665"}],"wp:term":[{"taxonomy":"category","embeddable":true,"href":"https:\/\/centcols.org\/backup\/wp-json\/wp\/v2\/categories?post=45665"},{"taxonomy":"post_tag","embeddable":true,"href":"https:\/\/centcols.org\/backup\/wp-json\/wp\/v2\/tags?post=45665"}],"curies":[{"name":"wp","href":"https:\/\/api.w.org\/{rel}","templated":true}]}}