{"id":462,"date":"2015-04-15T10:09:20","date_gmt":"2015-04-15T08:09:20","guid":{"rendered":"http:\/\/centcols.org\/backup\/?p=462"},"modified":"2015-06-09T00:22:30","modified_gmt":"2015-06-08T22:22:30","slug":"assemblee-generale-du-30-novembre-2002-a-chainaz-les-frasses","status":"publish","type":"post","link":"https:\/\/centcols.org\/backup\/assemblee-generale-du-30-novembre-2002-a-chainaz-les-frasses\/","title":{"rendered":"Assembl\u00e9e g\u00e9n\u00e9rale du 30 novembre 2002 \u00e0 Chainaz-les-Frasses (Haute-Savoie)"},"content":{"rendered":"<h2>R\u00e9union de travail CA, CERP, D\u00e9l\u00e9gu\u00e9s territoriaux<\/h2>\n<p>&nbsp;<\/p>\n","protected":false},"excerpt":{"rendered":"<p>R\u00e9union de travail CA, CERP, D\u00e9l\u00e9gu\u00e9s territoriaux &nbsp;<\/p>\n","protected":false},"author":2001,"featured_media":0,"comment_status":"closed","ping_status":"closed","sticky":false,"template":"","format":"standard","meta":{"_acf_changed":false,"ub_ctt_via":"","_monsterinsights_skip_tracking":false,"_monsterinsights_sitenote_active":false,"_monsterinsights_sitenote_note":"","_monsterinsights_sitenote_category":0,"footnotes":""},"categories":[14],"tags":[],"acf":[],"featured_image_urls":{"full":"","thumbnail":"","medium":"","medium_large":"","large":"","1536x1536":"","2048x2048":"","woocommerce_thumbnail":"","woocommerce_single":"","woocommerce_gallery_thumbnail":""},"post_excerpt_stackable":"<p>R\u00e9union de travail CA, CERP, D\u00e9l\u00e9gu\u00e9s territoriaux &nbsp;<\/p>\n","category_list":"<a href=\"https:\/\/centcols.org\/backup\/categorie\/assemblees-generales\/\" rel=\"category tag\">Assembl\u00e9es g\u00e9n\u00e9rales<\/a>","author_info":{"display_name":"Webmestre","author_link":"https:\/\/centcols.org\/backup\/author\/webmestre\/"},"comments_num":"0 commentaire","featured_image_urls_v2":{"full":"","thumbnail":"","medium":"","medium_large":"","large":"","1536x1536":"","2048x2048":"","woocommerce_thumbnail":"","woocommerce_single":"","woocommerce_gallery_thumbnail":""},"post_excerpt_stackable_v2":"<p>R\u00e9union de travail CA, CERP, D\u00e9l\u00e9gu\u00e9s territoriaux &nbsp;<\/p>\n","category_list_v2":"<a href=\"https:\/\/centcols.org\/backup\/categorie\/assemblees-generales\/\" rel=\"category tag\">Assembl\u00e9es g\u00e9n\u00e9rales<\/a>","author_info_v2":{"name":"Webmestre","url":"https:\/\/centcols.org\/backup\/author\/webmestre\/"},"comments_num_v2":"0 commentaire","featured_image_src":null,"_links":{"self":[{"href":"https:\/\/centcols.org\/backup\/wp-json\/wp\/v2\/posts\/462"}],"collection":[{"href":"https:\/\/centcols.org\/backup\/wp-json\/wp\/v2\/posts"}],"about":[{"href":"https:\/\/centcols.org\/backup\/wp-json\/wp\/v2\/types\/post"}],"author":[{"embeddable":true,"href":"https:\/\/centcols.org\/backup\/wp-json\/wp\/v2\/users\/2001"}],"replies":[{"embeddable":true,"href":"https:\/\/centcols.org\/backup\/wp-json\/wp\/v2\/comments?post=462"}],"version-history":[{"count":0,"href":"https:\/\/centcols.org\/backup\/wp-json\/wp\/v2\/posts\/462\/revisions"}],"wp:attachment":[{"href":"https:\/\/centcols.org\/backup\/wp-json\/wp\/v2\/media?parent=462"}],"wp:term":[{"taxonomy":"category","embeddable":true,"href":"https:\/\/centcols.org\/backup\/wp-json\/wp\/v2\/categories?post=462"},{"taxonomy":"post_tag","embeddable":true,"href":"https:\/\/centcols.org\/backup\/wp-json\/wp\/v2\/tags?post=462"}],"curies":[{"name":"wp","href":"https:\/\/api.w.org\/{rel}","templated":true}]}}