{"id":47837,"date":"2020-08-02T16:39:38","date_gmt":"2020-08-02T14:39:38","guid":{"rendered":"https:\/\/centcols.org\/backup\/?p=47837"},"modified":"2020-08-02T16:52:29","modified_gmt":"2020-08-02T14:52:29","slug":"rassemblement-officieux-big-ccc-uic","status":"publish","type":"post","link":"https:\/\/centcols.org\/backup\/rassemblement-officieux-big-ccc-uic\/","title":{"rendered":"Rassemblement officieux BIG &#8211; CCC &#8211; UIC"},"content":{"rendered":"\n<figure class=\"wp-block-image size-large\"><img loading=\"lazy\" decoding=\"async\" width=\"1200\" height=\"900\" src=\"https:\/\/centcols.org\/backup\/wp-content\/uploads\/2020\/07\/Aoste-ressemblement-1200x900.jpg\" alt=\"\" class=\"wp-image-47479\" srcset=\"https:\/\/centcols.org\/backup\/wp-content\/uploads\/2020\/07\/Aoste-ressemblement-1200x900.jpg 1200w, https:\/\/centcols.org\/backup\/wp-content\/uploads\/2020\/07\/Aoste-ressemblement-500x375.jpg 500w, https:\/\/centcols.org\/backup\/wp-content\/uploads\/2020\/07\/Aoste-ressemblement-768x576.jpg 768w, https:\/\/centcols.org\/backup\/wp-content\/uploads\/2020\/07\/Aoste-ressemblement-1536x1152.jpg 1536w, https:\/\/centcols.org\/backup\/wp-content\/uploads\/2020\/07\/Aoste-ressemblement-2048x1536.jpg 2048w, https:\/\/centcols.org\/backup\/wp-content\/uploads\/2020\/07\/Aoste-ressemblement-600x450.jpg 600w, https:\/\/centcols.org\/backup\/wp-content\/uploads\/2020\/07\/Aoste-ressemblement-scaled.jpg 1365w\" sizes=\"(max-width: 1200px) 100vw, 1200px\" \/><figcaption>22 juillet 2020 &#8211; Col du Grand Saint Bernard (IT-CH)<\/figcaption><\/figure>\n\n\n\n<p>\u00ab&nbsp;On n\u2019a pas les m\u00eames maillots mais on a la m\u00eame passion&nbsp;\u00bb, cette phrase de Fran\u00e7ois Candau (notre tr\u00e8s actif administrateur de la page face book du Club) r\u00e9sume cette merveilleuse journ\u00e9e de cyclisme de montagne. Un groupe d\u2019une quinzaine de cyclistes de la CCC, du BIG et de l\u2019UIC ont p\u00e9dal\u00e9 ensemble \u00e0 la conqu\u00eate du Col du Grand Saint-Bernard en partant d\u2019Aoste. Ce fut aussi l\u2019occasion de rendre hommage \u00e0 &#8220;l\u2019Alpino&#8221; Giorgio Rossini, r\u00e9cemment d\u00e9c\u00e9d\u00e9, qui a \u00e9t\u00e9 un membre \u00e9minent des trois associations. Cette belle journ\u00e9e de cyclisme a \u00e9t\u00e9 organis\u00e9e \u00e0 la derni\u00e8re minute, mais c\u2019est quand m\u00eame un succ\u00e8s.<\/p>\n","protected":false},"excerpt":{"rendered":"<p>\u00ab&nbsp;On n\u2019a pas les m\u00eames maillots mais on a la m\u00eame passion&nbsp;\u00bb, cette phrase de Fran\u00e7ois Candau (notre tr\u00e8s actif administrateur de la page face book du Club) r\u00e9sume cette merveilleuse journ\u00e9e de cyclisme de montagne. Un groupe d\u2019une quinzaine de cyclistes de la CCC, du BIG et de l\u2019UIC ont p\u00e9dal\u00e9 ensemble \u00e0 la [&hellip;]<\/p>\n","protected":false},"author":69,"featured_media":0,"comment_status":"closed","ping_status":"closed","sticky":true,"template":"","format":"standard","meta":{"_acf_changed":false,"ub_ctt_via":"","_monsterinsights_skip_tracking":false,"_monsterinsights_sitenote_active":false,"_monsterinsights_sitenote_note":"","_monsterinsights_sitenote_category":0,"footnotes":""},"categories":[1],"tags":[],"acf":[],"featured_image_urls":{"full":"","thumbnail":"","medium":"","medium_large":"","large":"","1536x1536":"","2048x2048":"","woocommerce_thumbnail":"","woocommerce_single":"","woocommerce_gallery_thumbnail":""},"post_excerpt_stackable":"<p>22 juillet 2020 &#8211; Col du Grand Saint Bernard (IT-CH) \u00ab&nbsp;On n\u2019a pas les m\u00eames maillots mais on a la m\u00eame passion&nbsp;\u00bb, cette phrase de Fran\u00e7ois Candau (notre tr\u00e8s actif administrateur de la page face book du Club) r\u00e9sume cette merveilleuse journ\u00e9e de cyclisme de montagne. Un groupe d\u2019une quinzaine de cyclistes de la CCC, du BIG et de l\u2019UIC ont p\u00e9dal\u00e9 ensemble \u00e0 la conqu\u00eate du Col du Grand Saint-Bernard en partant d\u2019Aoste. Ce fut aussi l\u2019occasion de rendre hommage \u00e0 &#8220;l\u2019Alpino&#8221; Giorgio Rossini, r\u00e9cemment d\u00e9c\u00e9d\u00e9, qui a \u00e9t\u00e9 un membre \u00e9minent des trois associations. Cette belle journ\u00e9e de\u2026<\/p>\n","category_list":"<a href=\"https:\/\/centcols.org\/backup\/categorie\/non-classifiee\/\" rel=\"category tag\">Non classifi\u00e9(e)<\/a>","author_info":{"display_name":"Enrico Alberini","author_link":"https:\/\/centcols.org\/backup\/author\/5065\/"},"comments_num":"0 commentaire","featured_image_urls_v2":{"full":"","thumbnail":"","medium":"","medium_large":"","large":"","1536x1536":"","2048x2048":"","woocommerce_thumbnail":"","woocommerce_single":"","woocommerce_gallery_thumbnail":""},"post_excerpt_stackable_v2":"<p>22 juillet 2020 &#8211; Col du Grand Saint Bernard (IT-CH) \u00ab&nbsp;On n\u2019a pas les m\u00eames maillots mais on a la m\u00eame passion&nbsp;\u00bb, cette phrase de Fran\u00e7ois Candau (notre tr\u00e8s actif administrateur de la page face book du Club) r\u00e9sume cette merveilleuse journ\u00e9e de cyclisme de montagne. Un groupe d\u2019une quinzaine de cyclistes de la CCC, du BIG et de l\u2019UIC ont p\u00e9dal\u00e9 ensemble \u00e0 la conqu\u00eate du Col du Grand Saint-Bernard en partant d\u2019Aoste. Ce fut aussi l\u2019occasion de rendre hommage \u00e0 &#8220;l\u2019Alpino&#8221; Giorgio Rossini, r\u00e9cemment d\u00e9c\u00e9d\u00e9, qui a \u00e9t\u00e9 un membre \u00e9minent des trois associations. Cette belle journ\u00e9e de\u2026<\/p>\n","category_list_v2":"<a href=\"https:\/\/centcols.org\/backup\/categorie\/non-classifiee\/\" rel=\"category tag\">Non classifi\u00e9(e)<\/a>","author_info_v2":{"name":"Enrico Alberini","url":"https:\/\/centcols.org\/backup\/author\/5065\/"},"comments_num_v2":"0 commentaire","featured_image_src":null,"_links":{"self":[{"href":"https:\/\/centcols.org\/backup\/wp-json\/wp\/v2\/posts\/47837"}],"collection":[{"href":"https:\/\/centcols.org\/backup\/wp-json\/wp\/v2\/posts"}],"about":[{"href":"https:\/\/centcols.org\/backup\/wp-json\/wp\/v2\/types\/post"}],"author":[{"embeddable":true,"href":"https:\/\/centcols.org\/backup\/wp-json\/wp\/v2\/users\/69"}],"replies":[{"embeddable":true,"href":"https:\/\/centcols.org\/backup\/wp-json\/wp\/v2\/comments?post=47837"}],"version-history":[{"count":0,"href":"https:\/\/centcols.org\/backup\/wp-json\/wp\/v2\/posts\/47837\/revisions"}],"wp:attachment":[{"href":"https:\/\/centcols.org\/backup\/wp-json\/wp\/v2\/media?parent=47837"}],"wp:term":[{"taxonomy":"category","embeddable":true,"href":"https:\/\/centcols.org\/backup\/wp-json\/wp\/v2\/categories?post=47837"},{"taxonomy":"post_tag","embeddable":true,"href":"https:\/\/centcols.org\/backup\/wp-json\/wp\/v2\/tags?post=47837"}],"curies":[{"name":"wp","href":"https:\/\/api.w.org\/{rel}","templated":true}]}}