{"id":56063,"date":"2020-11-29T16:45:25","date_gmt":"2020-11-29T15:45:25","guid":{"rendered":"https:\/\/centcols.org\/backup\/?p=56063"},"modified":"2021-12-14T09:56:25","modified_gmt":"2021-12-14T08:56:25","slug":"aigle-2022","status":"publish","type":"post","link":"https:\/\/centcols.org\/backup\/aigle-2022\/","title":{"rendered":"Aigle, Suisse, sortie VTT, 21 mai 2022"},"content":{"rendered":"<p>Samedi 21 mai 2022, Aigle (Vaud), Suisse<\/p>\n<p>Rendez-vous au centre mondial du cyclisme \u00e0 8h30 pour le caf\u00e9, <strong>d\u00e9part \u00e0 9 h 00<\/strong><\/p>\n<p>41 km, 1100 m de d\u00e9nivel\u00e9, 5 cols\u00a0:<br \/>\n&#8211; Col de Verchiez (CH-VD-0554)<br \/>\n&#8211; Forclaz (CH-VD-0883)<br \/>\n&#8211; Col des Ecovets (CH-VD-1295)<br \/>\n&#8211; Praz Basset (CH-VD-0999)<br \/>\n&#8211; Pertuis (CH-VD-0440)<\/p>\n<p><img loading=\"lazy\" decoding=\"async\" class=\"alignnone size-medium wp-image-56067\" src=\"https:\/\/centcols.org\/backup\/wp-content\/uploads\/2020\/11\/aigle-500x339.jpg\" alt=\"\" width=\"500\" height=\"339\" srcset=\"https:\/\/centcols.org\/backup\/wp-content\/uploads\/2020\/11\/aigle-500x339.jpg 500w, https:\/\/centcols.org\/backup\/wp-content\/uploads\/2020\/11\/aigle.jpg 578w\" sizes=\"(max-width: 500px) 100vw, 500px\" \/><\/p>\n<p>&nbsp;<\/p>\n<div id=\"lmm_fabbd12e\" style=\"width:100%;\" class=\"mapsmarker markermap marker-31\">\n<div id=\"lmm_panel_fabbd12e\" class=\"lmm-panel\" style=\"background:#efefef;\">\n<div id=\"lmm_panel_api_fabbd12e\" class=\"lmm-panel-api\"><a href=\"https:\/\/maps.google.com\/maps?daddr=Aigle+Vaud%2C+Suisse&amp;t=m&amp;layer=1&amp;doflg=ptk&amp;om=0\" target=\"_blank\" title=\"Obtenir l&#039;itin\u00e9raire\"><img loading=\"lazy\" decoding=\"async\" alt=\"icon-car.png\" src=\"https:\/\/centcols.org\/backup\/wp-content\/plugins\/leaflet-maps-marker\/inc\/img\/icon-car.png\" width=\"14\" height=\"14\" class=\"lmm-panel-api-images\" \/><\/a><\/div><div id=\"lmm_panel_text_fabbd12e\" class=\"lmm-panel-text\" style=\"font-weight:bold;color:#373737;\">aigle (VD)<\/div><\/div>\n<div id=\"lmm_map_fabbd12e\" class=\"lmm-map\" style=\"background:#f6f6f6;border:1px solid #ccc;height:480px; overflow:hidden;padding:0;\"><p style=\"font-size:80%;color:#9f9e9e;margin-left:5px;\">chargement de la carte - veuillez patienter...<noscript><br\/><strong>La carte ne peut \u00eatre charg\u00e9e - s'il vous pla\u00eet activer Javascript !<\/strong><br\/><a style=\"text-decoration:none;\" href=\"https:\/\/www.mapsmarker.com\/js-disabled\" target=\"_blank\">&rarr; plus dginformations<\/a><\/noscript><\/p><\/div>\n<div id=\"lmm_geo_tags_fabbd12e\" class=\"lmm-geo-tags geo\">\n<span class=\"paneltext\">aigle (VD)<\/span>\n<span class=\"latitude\">46.317900<\/span>, <span class=\"longitude\">6.968890<\/span>\n<span class=\"popuptext\"><\/span>\n<\/div>\n<\/div>\n<h3>Contact<\/h3>\n<p>Pierre Mai<br \/>\nVy de Bi\u00e8re 8<br \/>\nCH-1144 Ballens<br \/>\nT\u00e9l : +41 21 807 34 17, mobile: +41 76 498 58 73<br \/>\n<a href=\"&#109;ail&#116;o:p&#109;&#97;i&#64;b&#108;ue&#119;in.&#99;h\">pmai&#64;blu&#101;w&#105;n&#46;&#99;h<\/a><\/p>\n","protected":false},"excerpt":{"rendered":"<p>Samedi 21 mai 2022, Aigle (Vaud), Suisse Rendez-vous au centre mondial du cyclisme \u00e0 8h30 pour le caf\u00e9, d\u00e9part \u00e0 9 h 00 41 km, 1100 m de d\u00e9nivel\u00e9, 5 cols\u00a0: &#8211; Col de Verchiez (CH-VD-0554) &#8211; Forclaz (CH-VD-0883) &#8211; Col des Ecovets (CH-VD-1295) &#8211; Praz Basset (CH-VD-0999) &#8211; Pertuis (CH-VD-0440) &nbsp; Contact Pierre Mai [&hellip;]<\/p>\n","protected":false},"author":69,"featured_media":0,"comment_status":"closed","ping_status":"closed","sticky":false,"template":"","format":"standard","meta":{"_acf_changed":false,"ub_ctt_via":"","_monsterinsights_skip_tracking":false,"_monsterinsights_sitenote_active":false,"_monsterinsights_sitenote_note":"","_monsterinsights_sitenote_category":0,"footnotes":""},"categories":[526],"tags":[],"acf":[],"featured_image_urls":{"full":"","thumbnail":"","medium":"","medium_large":"","large":"","1536x1536":"","2048x2048":"","woocommerce_thumbnail":"","woocommerce_single":"","woocommerce_gallery_thumbnail":""},"post_excerpt_stackable":"<p>Samedi 21 mai 2022, Aigle (Vaud), Suisse Rendez-vous au centre mondial du cyclisme \u00e0 8h30 pour le caf\u00e9, d\u00e9part \u00e0 9 h 00 41 km, 1100 m de d\u00e9nivel\u00e9, 5 cols\u00a0: &#8211; Col de Verchiez (CH-VD-0554) &#8211; Forclaz (CH-VD-0883) &#8211; Col des Ecovets (CH-VD-1295) &#8211; Praz Basset (CH-VD-0999) &#8211; Pertuis (CH-VD-0440) &nbsp; aigle (VD) chargement de la carte &#8211; veuillez patienter&#8230;La carte ne peut \u00eatre charg\u00e9e &#8211; s&#8217;il vous pla\u00eet activer Javascript !&rarr; plus dginformations aigle (VD) 46.317900, 6.968890 Contact Pierre Mai Vy de Bi\u00e8re 8 CH-1144 Ballens T\u00e9l : +41 21 807 34 17, mobile: +41 76 498 58\u2026<\/p>\n","category_list":"<a href=\"https:\/\/centcols.org\/backup\/categorie\/rassemblements\/rassemblements-2022\/\" rel=\"category tag\">Les rassemblements de 2022<\/a>","author_info":{"display_name":"Enrico Alberini","author_link":"https:\/\/centcols.org\/backup\/author\/5065\/"},"comments_num":"0 commentaire","featured_image_urls_v2":{"full":"","thumbnail":"","medium":"","medium_large":"","large":"","1536x1536":"","2048x2048":"","woocommerce_thumbnail":"","woocommerce_single":"","woocommerce_gallery_thumbnail":""},"post_excerpt_stackable_v2":"<p>Samedi 21 mai 2022, Aigle (Vaud), Suisse Rendez-vous au centre mondial du cyclisme \u00e0 8h30 pour le caf\u00e9, d\u00e9part \u00e0 9 h 00 41 km, 1100 m de d\u00e9nivel\u00e9, 5 cols\u00a0: &#8211; Col de Verchiez (CH-VD-0554) &#8211; Forclaz (CH-VD-0883) &#8211; Col des Ecovets (CH-VD-1295) &#8211; Praz Basset (CH-VD-0999) &#8211; Pertuis (CH-VD-0440) &nbsp; aigle (VD) chargement de la carte &#8211; veuillez patienter&#8230;La carte ne peut \u00eatre charg\u00e9e &#8211; s&#8217;il vous pla\u00eet activer Javascript !&rarr; plus dginformations aigle (VD) 46.317900, 6.968890 Contact Pierre Mai Vy de Bi\u00e8re 8 CH-1144 Ballens T\u00e9l : +41 21 807 34 17, mobile: +41 76 498 58\u2026<\/p>\n","category_list_v2":"<a href=\"https:\/\/centcols.org\/backup\/categorie\/rassemblements\/rassemblements-2022\/\" rel=\"category tag\">Les rassemblements de 2022<\/a>","author_info_v2":{"name":"Enrico Alberini","url":"https:\/\/centcols.org\/backup\/author\/5065\/"},"comments_num_v2":"0 commentaire","featured_image_src":null,"_links":{"self":[{"href":"https:\/\/centcols.org\/backup\/wp-json\/wp\/v2\/posts\/56063"}],"collection":[{"href":"https:\/\/centcols.org\/backup\/wp-json\/wp\/v2\/posts"}],"about":[{"href":"https:\/\/centcols.org\/backup\/wp-json\/wp\/v2\/types\/post"}],"author":[{"embeddable":true,"href":"https:\/\/centcols.org\/backup\/wp-json\/wp\/v2\/users\/69"}],"replies":[{"embeddable":true,"href":"https:\/\/centcols.org\/backup\/wp-json\/wp\/v2\/comments?post=56063"}],"version-history":[{"count":0,"href":"https:\/\/centcols.org\/backup\/wp-json\/wp\/v2\/posts\/56063\/revisions"}],"wp:attachment":[{"href":"https:\/\/centcols.org\/backup\/wp-json\/wp\/v2\/media?parent=56063"}],"wp:term":[{"taxonomy":"category","embeddable":true,"href":"https:\/\/centcols.org\/backup\/wp-json\/wp\/v2\/categories?post=56063"},{"taxonomy":"post_tag","embeddable":true,"href":"https:\/\/centcols.org\/backup\/wp-json\/wp\/v2\/tags?post=56063"}],"curies":[{"name":"wp","href":"https:\/\/api.w.org\/{rel}","templated":true}]}}