{"id":56072,"date":"2020-11-29T16:57:34","date_gmt":"2020-11-29T15:57:34","guid":{"rendered":"https:\/\/centcols.org\/backup\/?p=56072"},"modified":"2021-01-14T18:15:19","modified_gmt":"2021-01-14T17:15:19","slug":"villars-sous-mont-2021","status":"publish","type":"post","link":"https:\/\/centcols.org\/backup\/villars-sous-mont-2021\/","title":{"rendered":"Villars-sous-Mont, Suisse, sortie VTT, 17 juillet 2021"},"content":{"rendered":"<p>Samedi 17 juillet 2021, Villars-sous-Mont (Fribourg), Suisse<\/p>\n<p>Rendez-vous au parking centre du village \u00e0 8h30 pour le caf\u00e9, <strong>d\u00e9part \u00e0 9 h 00<br \/>\n<\/strong>28 km, 1000 m de d\u00e9nivel\u00e9, 5 cols\u00a0:<br \/>\n&#8211; La Forcla (CH-FR-0806)<br \/>\n&#8211; Le Creux (CH-FR-0783)<br \/>\n&#8211; Col du Croset (CH-FR-1470)<br \/>\n&#8211; Col de la Vudalla (CH-FR-1451)<br \/>\n&#8211; Col de l\u2019Orausa (CH-FR-1377)<\/p>\n<p><img loading=\"lazy\" decoding=\"async\" class=\"alignnone size-medium wp-image-56076\" src=\"https:\/\/centcols.org\/backup\/wp-content\/uploads\/2020\/11\/villars-sous-mont-500x346.jpg\" alt=\"\" width=\"500\" height=\"346\" srcset=\"https:\/\/centcols.org\/backup\/wp-content\/uploads\/2020\/11\/villars-sous-mont-500x346.jpg 500w, https:\/\/centcols.org\/backup\/wp-content\/uploads\/2020\/11\/villars-sous-mont-600x416.jpg 600w, https:\/\/centcols.org\/backup\/wp-content\/uploads\/2020\/11\/villars-sous-mont.jpg 736w\" sizes=\"(max-width: 500px) 100vw, 500px\" \/><\/p>\n<p>&nbsp;<\/p>\n<div id=\"lmm_e8f015df\" style=\"width:100%;\" class=\"mapsmarker markermap marker-32\">\n<div id=\"lmm_panel_e8f015df\" class=\"lmm-panel\" style=\"background:#efefef;\">\n<div id=\"lmm_panel_api_e8f015df\" class=\"lmm-panel-api\"><a href=\"https:\/\/maps.google.com\/maps?daddr=Villars-sous-Mont+Fribourg%2FFreiburg%2C+Suisse&amp;t=m&amp;layer=1&amp;doflg=ptk&amp;om=0\" target=\"_blank\" title=\"Obtenir l&#039;itin\u00e9raire\"><img loading=\"lazy\" decoding=\"async\" alt=\"icon-car.png\" src=\"https:\/\/centcols.org\/backup\/wp-content\/plugins\/leaflet-maps-marker\/inc\/img\/icon-car.png\" width=\"14\" height=\"14\" class=\"lmm-panel-api-images\" \/><\/a><\/div><div id=\"lmm_panel_text_e8f015df\" class=\"lmm-panel-text\" style=\"font-weight:bold;color:#373737;\">Villars-sous-Mont<\/div><\/div>\n<div id=\"lmm_map_e8f015df\" class=\"lmm-map\" style=\"background:#f6f6f6;border:1px solid #ccc;height:480px; overflow:hidden;padding:0;\"><p style=\"font-size:80%;color:#9f9e9e;margin-left:5px;\">chargement de la carte - veuillez patienter...<noscript><br\/><strong>La carte ne peut \u00eatre charg\u00e9e - s'il vous pla\u00eet activer Javascript !<\/strong><br\/><a style=\"text-decoration:none;\" href=\"https:\/\/www.mapsmarker.com\/js-disabled\" target=\"_blank\">&rarr; plus dginformations<\/a><\/noscript><\/p><\/div>\n<div id=\"lmm_geo_tags_e8f015df\" class=\"lmm-geo-tags geo\">\n<span class=\"paneltext\">Villars-sous-Mont<\/span>\n<span class=\"latitude\">46.539700<\/span>, <span class=\"longitude\">7.069000<\/span>\n<span class=\"popuptext\"><\/span>\n<\/div>\n<\/div>\n<h3>Contact<\/h3>\n<p>Alain Besson<br \/>\nChemin des Coumenets 11<br \/>\nCH-1000 Lausanne<br \/>\nT\u00e9l : (0041) 021 544 85 20\u00a0\u00a0 Natel : (00 41) 079 612 21 17<br \/>\n<a href=\"&#109;&#97;&#105;lt&#111;&#58;a1&#98;ess&#111;n&#64;g&#109;&#97;&#105;&#108;&#46;&#99;o&#109;\">a&#49;b&#101;s&#115;&#111;n&#64;gm&#97;i&#108;&#46;c&#111;&#109;<\/a><\/p>\n","protected":false},"excerpt":{"rendered":"<p>Samedi 17 juillet 2021, Villars-sous-Mont (Fribourg), Suisse Rendez-vous au parking centre du village \u00e0 8h30 pour le caf\u00e9, d\u00e9part \u00e0 9 h 00 28 km, 1000 m de d\u00e9nivel\u00e9, 5 cols\u00a0: &#8211; La Forcla (CH-FR-0806) &#8211; Le Creux (CH-FR-0783) &#8211; Col du Croset (CH-FR-1470) &#8211; Col de la Vudalla (CH-FR-1451) &#8211; Col de l\u2019Orausa (CH-FR-1377) [&hellip;]<\/p>\n","protected":false},"author":147,"featured_media":0,"comment_status":"closed","ping_status":"closed","sticky":false,"template":"","format":"standard","meta":{"_acf_changed":false,"ub_ctt_via":"","_monsterinsights_skip_tracking":false,"_monsterinsights_sitenote_active":false,"_monsterinsights_sitenote_note":"","_monsterinsights_sitenote_category":0,"footnotes":""},"categories":[442,7],"tags":[],"acf":[],"featured_image_urls":{"full":"","thumbnail":"","medium":"","medium_large":"","large":"","1536x1536":"","2048x2048":"","woocommerce_thumbnail":"","woocommerce_single":"","woocommerce_gallery_thumbnail":""},"post_excerpt_stackable":"<p>Samedi 17 juillet 2021, Villars-sous-Mont (Fribourg), Suisse Rendez-vous au parking centre du village \u00e0 8h30 pour le caf\u00e9, d\u00e9part \u00e0 9 h 00 28 km, 1000 m de d\u00e9nivel\u00e9, 5 cols\u00a0: &#8211; La Forcla (CH-FR-0806) &#8211; Le Creux (CH-FR-0783) &#8211; Col du Croset (CH-FR-1470) &#8211; Col de la Vudalla (CH-FR-1451) &#8211; Col de l\u2019Orausa (CH-FR-1377) &nbsp; Villars-sous-Mont chargement de la carte &#8211; veuillez patienter&#8230;La carte ne peut \u00eatre charg\u00e9e &#8211; s&#8217;il vous pla\u00eet activer Javascript !&rarr; plus dginformations Villars-sous-Mont 46.539700, 7.069000 Contact Alain Besson Chemin des Coumenets 11 CH-1000 Lausanne T\u00e9l : (0041) 021 544 85 20\u00a0\u00a0 Natel : (00\u2026<\/p>\n","category_list":"<a href=\"https:\/\/centcols.org\/backup\/categorie\/rassemblements\/les-rassemblements-de-2021\/\" rel=\"category tag\">Les rassemblements de 2021<\/a>, <a href=\"https:\/\/centcols.org\/backup\/categorie\/rassemblements\/\" rel=\"category tag\">Rencontres r\u00e9gionales<\/a>","author_info":{"display_name":"Guy Harl\u00e9","author_link":"https:\/\/centcols.org\/backup\/author\/5193\/"},"comments_num":"0 commentaire","featured_image_urls_v2":{"full":"","thumbnail":"","medium":"","medium_large":"","large":"","1536x1536":"","2048x2048":"","woocommerce_thumbnail":"","woocommerce_single":"","woocommerce_gallery_thumbnail":""},"post_excerpt_stackable_v2":"<p>Samedi 17 juillet 2021, Villars-sous-Mont (Fribourg), Suisse Rendez-vous au parking centre du village \u00e0 8h30 pour le caf\u00e9, d\u00e9part \u00e0 9 h 00 28 km, 1000 m de d\u00e9nivel\u00e9, 5 cols\u00a0: &#8211; La Forcla (CH-FR-0806) &#8211; Le Creux (CH-FR-0783) &#8211; Col du Croset (CH-FR-1470) &#8211; Col de la Vudalla (CH-FR-1451) &#8211; Col de l\u2019Orausa (CH-FR-1377) &nbsp; Villars-sous-Mont chargement de la carte &#8211; veuillez patienter&#8230;La carte ne peut \u00eatre charg\u00e9e &#8211; s&#8217;il vous pla\u00eet activer Javascript !&rarr; plus dginformations Villars-sous-Mont 46.539700, 7.069000 Contact Alain Besson Chemin des Coumenets 11 CH-1000 Lausanne T\u00e9l : (0041) 021 544 85 20\u00a0\u00a0 Natel : (00\u2026<\/p>\n","category_list_v2":"<a href=\"https:\/\/centcols.org\/backup\/categorie\/rassemblements\/les-rassemblements-de-2021\/\" rel=\"category tag\">Les rassemblements de 2021<\/a>, <a href=\"https:\/\/centcols.org\/backup\/categorie\/rassemblements\/\" rel=\"category tag\">Rencontres r\u00e9gionales<\/a>","author_info_v2":{"name":"Guy Harl\u00e9","url":"https:\/\/centcols.org\/backup\/author\/5193\/"},"comments_num_v2":"0 commentaire","featured_image_src":null,"_links":{"self":[{"href":"https:\/\/centcols.org\/backup\/wp-json\/wp\/v2\/posts\/56072"}],"collection":[{"href":"https:\/\/centcols.org\/backup\/wp-json\/wp\/v2\/posts"}],"about":[{"href":"https:\/\/centcols.org\/backup\/wp-json\/wp\/v2\/types\/post"}],"author":[{"embeddable":true,"href":"https:\/\/centcols.org\/backup\/wp-json\/wp\/v2\/users\/147"}],"replies":[{"embeddable":true,"href":"https:\/\/centcols.org\/backup\/wp-json\/wp\/v2\/comments?post=56072"}],"version-history":[{"count":0,"href":"https:\/\/centcols.org\/backup\/wp-json\/wp\/v2\/posts\/56072\/revisions"}],"wp:attachment":[{"href":"https:\/\/centcols.org\/backup\/wp-json\/wp\/v2\/media?parent=56072"}],"wp:term":[{"taxonomy":"category","embeddable":true,"href":"https:\/\/centcols.org\/backup\/wp-json\/wp\/v2\/categories?post=56072"},{"taxonomy":"post_tag","embeddable":true,"href":"https:\/\/centcols.org\/backup\/wp-json\/wp\/v2\/tags?post=56072"}],"curies":[{"name":"wp","href":"https:\/\/api.w.org\/{rel}","templated":true}]}}