{"id":56082,"date":"2020-11-29T17:09:51","date_gmt":"2020-11-29T16:09:51","guid":{"rendered":"https:\/\/centcols.org\/backup\/?p=56082"},"modified":"2021-05-23T10:59:46","modified_gmt":"2021-05-23T08:59:46","slug":"schwarzsee-2021","status":"publish","type":"post","link":"https:\/\/centcols.org\/backup\/schwarzsee-2021\/","title":{"rendered":"Schwarzsee (Lac Noir), Suisse, sortie VTT, 14 ao\u00fbt 2021"},"content":{"rendered":"<p>Samedi 14 ao\u00fbt 2021, Schwarzsee &#8211; Lac Noir (Fribourg), Suisse<\/p>\n<p>Rendez-vous\u00a0: parking de la <strong>Gypsera<\/strong>, \u00e0 8h30 pour le caf\u00e9, <strong>d\u00e9part \u00e0 9 h 00<\/strong><\/p>\n<p><strong>Attention, <\/strong>parking payant, 5 francs la journ\u00e9e.<br \/>\n19 km, 1050 m de d\u00e9nivel\u00e9, 5 cols :<br \/>\n&#8211; Col du Hohberg (CH-FR-1485)<br \/>\n&#8211;\u00a0Hohberg (CH-FR-1469)<br \/>\n&#8211; Col de la Salzmatt (CH-FR-1636)<br \/>\n&#8211; H\u00fcrlisboden (CH-FR-1486)<br \/>\n&#8211; Ebene (CH-FR-1495)<\/p>\n<p><a href=\"https:\/\/centcols.org\/backup\/wp-content\/uploads\/2019\/11\/saanen.png\"><img loading=\"lazy\" decoding=\"async\" class=\"alignnone size-medium wp-image-56085\" src=\"https:\/\/centcols.org\/backup\/wp-content\/uploads\/2020\/11\/schwazsee-500x406.jpg\" alt=\"\" width=\"500\" height=\"406\" srcset=\"https:\/\/centcols.org\/backup\/wp-content\/uploads\/2020\/11\/schwazsee-500x406.jpg 500w, https:\/\/centcols.org\/backup\/wp-content\/uploads\/2020\/11\/schwazsee.jpg 561w\" sizes=\"(max-width: 500px) 100vw, 500px\" \/><\/a><\/p>\n<p>&nbsp;<\/p>\n<div id=\"lmm_bf15ffad\" style=\"width:100%;\" class=\"mapsmarker markermap marker-33\">\n<div id=\"lmm_panel_bf15ffad\" class=\"lmm-panel\" style=\"background:#efefef;\">\n<div id=\"lmm_panel_api_bf15ffad\" class=\"lmm-panel-api\"><a href=\"https:\/\/maps.google.com\/maps?daddr=Lac+Noir+Fribourg%2FFreiburg%2C+Suisse&amp;t=m&amp;layer=1&amp;doflg=ptk&amp;om=0\" target=\"_blank\" title=\"Obtenir l&#039;itin\u00e9raire\"><img loading=\"lazy\" decoding=\"async\" alt=\"icon-car.png\" src=\"https:\/\/centcols.org\/backup\/wp-content\/plugins\/leaflet-maps-marker\/inc\/img\/icon-car.png\" width=\"14\" height=\"14\" class=\"lmm-panel-api-images\" \/><\/a><\/div><div id=\"lmm_panel_text_bf15ffad\" class=\"lmm-panel-text\" style=\"font-weight:bold;color:#373737;\">Schwarzsee, Lac Noir<\/div><\/div>\n<div id=\"lmm_map_bf15ffad\" class=\"lmm-map\" style=\"background:#f6f6f6;border:1px solid #ccc;height:480px; overflow:hidden;padding:0;\"><p style=\"font-size:80%;color:#9f9e9e;margin-left:5px;\">chargement de la carte - veuillez patienter...<noscript><br\/><strong>La carte ne peut \u00eatre charg\u00e9e - s'il vous pla\u00eet activer Javascript !<\/strong><br\/><a style=\"text-decoration:none;\" href=\"https:\/\/www.mapsmarker.com\/js-disabled\" target=\"_blank\">&rarr; plus dginformations<\/a><\/noscript><\/p><\/div>\n<div id=\"lmm_geo_tags_bf15ffad\" class=\"lmm-geo-tags geo\">\n<span class=\"paneltext\">Schwarzsee, Lac Noir<\/span>\n<span class=\"latitude\">46.670300<\/span>, <span class=\"longitude\">7.288330<\/span>\n<span class=\"popuptext\"><\/span>\n<\/div>\n<\/div>\n<h3>Contact<\/h3>\n<p>Christian Binggeli<br \/>\nchemin du Jura 1<br \/>\nCH-1135 Denens<br \/>\nT\u00e9l :\u00a0(0041) 021 801 01 75\u00a0 Natel\u00a0: 0041 078 723 11 33<br \/>\nc&amp;tbinggeli@bluewin.ch<\/p>\n","protected":false},"excerpt":{"rendered":"<p>Samedi 14 ao\u00fbt 2021, Schwarzsee &#8211; Lac Noir (Fribourg), Suisse Rendez-vous\u00a0: parking de la Gypsera, \u00e0 8h30 pour le caf\u00e9, d\u00e9part \u00e0 9 h 00 Attention, parking payant, 5 francs la journ\u00e9e. 19 km, 1050 m de d\u00e9nivel\u00e9, 5 cols : &#8211; Col du Hohberg (CH-FR-1485) &#8211;\u00a0Hohberg (CH-FR-1469) &#8211; Col de la Salzmatt (CH-FR-1636) &#8211; [&hellip;]<\/p>\n","protected":false},"author":147,"featured_media":0,"comment_status":"closed","ping_status":"closed","sticky":false,"template":"","format":"standard","meta":{"_acf_changed":false,"ub_ctt_via":"","_monsterinsights_skip_tracking":false,"_monsterinsights_sitenote_active":false,"_monsterinsights_sitenote_note":"","_monsterinsights_sitenote_category":0,"footnotes":""},"categories":[442,7],"tags":[],"acf":[],"featured_image_urls":{"full":"","thumbnail":"","medium":"","medium_large":"","large":"","1536x1536":"","2048x2048":"","woocommerce_thumbnail":"","woocommerce_single":"","woocommerce_gallery_thumbnail":""},"post_excerpt_stackable":"<p>Samedi 14 ao\u00fbt 2021, Schwarzsee &#8211; Lac Noir (Fribourg), Suisse Rendez-vous\u00a0: parking de la Gypsera, \u00e0 8h30 pour le caf\u00e9, d\u00e9part \u00e0 9 h 00 Attention, parking payant, 5 francs la journ\u00e9e. 19 km, 1050 m de d\u00e9nivel\u00e9, 5 cols : &#8211; Col du Hohberg (CH-FR-1485) &#8211;\u00a0Hohberg (CH-FR-1469) &#8211; Col de la Salzmatt (CH-FR-1636) &#8211; H\u00fcrlisboden (CH-FR-1486) &#8211; Ebene (CH-FR-1495) &nbsp; Schwarzsee, Lac Noir chargement de la carte &#8211; veuillez patienter&#8230;La carte ne peut \u00eatre charg\u00e9e &#8211; s&#8217;il vous pla\u00eet activer Javascript !&rarr; plus dginformations Schwarzsee, Lac Noir 46.670300, 7.288330 Contact Christian Binggeli chemin du Jura 1 CH-1135 Denens T\u00e9l\u2026<\/p>\n","category_list":"<a href=\"https:\/\/centcols.org\/backup\/categorie\/rassemblements\/les-rassemblements-de-2021\/\" rel=\"category tag\">Les rassemblements de 2021<\/a>, <a href=\"https:\/\/centcols.org\/backup\/categorie\/rassemblements\/\" rel=\"category tag\">Rencontres r\u00e9gionales<\/a>","author_info":{"display_name":"Guy Harl\u00e9","author_link":"https:\/\/centcols.org\/backup\/author\/5193\/"},"comments_num":"0 commentaire","featured_image_urls_v2":{"full":"","thumbnail":"","medium":"","medium_large":"","large":"","1536x1536":"","2048x2048":"","woocommerce_thumbnail":"","woocommerce_single":"","woocommerce_gallery_thumbnail":""},"post_excerpt_stackable_v2":"<p>Samedi 14 ao\u00fbt 2021, Schwarzsee &#8211; Lac Noir (Fribourg), Suisse Rendez-vous\u00a0: parking de la Gypsera, \u00e0 8h30 pour le caf\u00e9, d\u00e9part \u00e0 9 h 00 Attention, parking payant, 5 francs la journ\u00e9e. 19 km, 1050 m de d\u00e9nivel\u00e9, 5 cols : &#8211; Col du Hohberg (CH-FR-1485) &#8211;\u00a0Hohberg (CH-FR-1469) &#8211; Col de la Salzmatt (CH-FR-1636) &#8211; H\u00fcrlisboden (CH-FR-1486) &#8211; Ebene (CH-FR-1495) &nbsp; Schwarzsee, Lac Noir chargement de la carte &#8211; veuillez patienter&#8230;La carte ne peut \u00eatre charg\u00e9e &#8211; s&#8217;il vous pla\u00eet activer Javascript !&rarr; plus dginformations Schwarzsee, Lac Noir 46.670300, 7.288330 Contact Christian Binggeli chemin du Jura 1 CH-1135 Denens T\u00e9l\u2026<\/p>\n","category_list_v2":"<a href=\"https:\/\/centcols.org\/backup\/categorie\/rassemblements\/les-rassemblements-de-2021\/\" rel=\"category tag\">Les rassemblements de 2021<\/a>, <a href=\"https:\/\/centcols.org\/backup\/categorie\/rassemblements\/\" rel=\"category tag\">Rencontres r\u00e9gionales<\/a>","author_info_v2":{"name":"Guy Harl\u00e9","url":"https:\/\/centcols.org\/backup\/author\/5193\/"},"comments_num_v2":"0 commentaire","featured_image_src":null,"_links":{"self":[{"href":"https:\/\/centcols.org\/backup\/wp-json\/wp\/v2\/posts\/56082"}],"collection":[{"href":"https:\/\/centcols.org\/backup\/wp-json\/wp\/v2\/posts"}],"about":[{"href":"https:\/\/centcols.org\/backup\/wp-json\/wp\/v2\/types\/post"}],"author":[{"embeddable":true,"href":"https:\/\/centcols.org\/backup\/wp-json\/wp\/v2\/users\/147"}],"replies":[{"embeddable":true,"href":"https:\/\/centcols.org\/backup\/wp-json\/wp\/v2\/comments?post=56082"}],"version-history":[{"count":0,"href":"https:\/\/centcols.org\/backup\/wp-json\/wp\/v2\/posts\/56082\/revisions"}],"wp:attachment":[{"href":"https:\/\/centcols.org\/backup\/wp-json\/wp\/v2\/media?parent=56082"}],"wp:term":[{"taxonomy":"category","embeddable":true,"href":"https:\/\/centcols.org\/backup\/wp-json\/wp\/v2\/categories?post=56082"},{"taxonomy":"post_tag","embeddable":true,"href":"https:\/\/centcols.org\/backup\/wp-json\/wp\/v2\/tags?post=56082"}],"curies":[{"name":"wp","href":"https:\/\/api.w.org\/{rel}","templated":true}]}}