{"id":56605,"date":"2020-11-29T16:50:44","date_gmt":"2020-11-29T15:50:44","guid":{"rendered":"https:\/\/centcols.org\/backup\/?p=56605"},"modified":"2021-07-01T18:18:57","modified_gmt":"2021-07-01T16:18:57","slug":"rassemblement-alpes-nord-2021","status":"publish","type":"post","link":"https:\/\/centcols.org\/backup\/rassemblement-alpes-nord-2021\/","title":{"rendered":"Alpes du Nord, Col du Tra (73), 26 juin 2021"},"content":{"rendered":"<p>Col du Tra, samedi 26 juin 2021<\/p>\n<p><img loading=\"lazy\" decoding=\"async\" class=\"alignnone size-full wp-image-56730\" src=\"https:\/\/centcols.org\/backup\/wp-content\/uploads\/2020\/11\/col-du-tra.jpg\" alt=\"\" width=\"249\" height=\"79\" \/><\/p>\n<h3>Rendez-Vous<\/h3>\n<p>Nous vous donnons rendez-vous cette ann\u00e9e\u00a0 au centre de la petite commune de Notre-Dame-du-Pr\u00e9 en Savoie, au col du Tra, canton de Moutiers.<br \/>\nPour plus de renseignements sur le lieu m\u00eame consulter le site \u00ab <a href=\"https:\/\/www.coeurdetarentaise-tourisme.com\/\" target=\"_blank\" rel=\"noopener\">c\u0153urdetarentaise-tourisme.com <\/a>\u00bb<br \/>\n<div id=\"lmm_7fdad779\" style=\"width:100%;\" class=\"mapsmarker markermap marker-34\">\n<div id=\"lmm_panel_7fdad779\" class=\"lmm-panel\" style=\"background:#efefef;\">\n<div id=\"lmm_panel_api_7fdad779\" class=\"lmm-panel-api\"><a href=\"https:\/\/maps.google.com\/maps?daddr=Col+du+Tra&amp;t=m&amp;layer=1&amp;doflg=ptk&amp;om=0\" target=\"_blank\" title=\"Obtenir l&#039;itin\u00e9raire\"><img loading=\"lazy\" decoding=\"async\" alt=\"icon-car.png\" src=\"https:\/\/centcols.org\/backup\/wp-content\/plugins\/leaflet-maps-marker\/inc\/img\/icon-car.png\" width=\"14\" height=\"14\" class=\"lmm-panel-api-images\" \/><\/a><\/div><div id=\"lmm_panel_text_7fdad779\" class=\"lmm-panel-text\" style=\"font-weight:bold;color:#373737;\">Col du Tra<\/div><\/div>\n<div id=\"lmm_map_7fdad779\" class=\"lmm-map\" style=\"background:#f6f6f6;border:1px solid #ccc;height:480px; overflow:hidden;padding:0;\"><p style=\"font-size:80%;color:#9f9e9e;margin-left:5px;\">chargement de la carte - veuillez patienter...<noscript><br\/><strong>La carte ne peut \u00eatre charg\u00e9e - s'il vous pla\u00eet activer Javascript !<\/strong><br\/><a style=\"text-decoration:none;\" href=\"https:\/\/www.mapsmarker.com\/js-disabled\" target=\"_blank\">&rarr; plus dginformations<\/a><\/noscript><\/p><\/div>\n<div id=\"lmm_geo_tags_7fdad779\" class=\"lmm-geo-tags geo\">\n<span class=\"paneltext\">Col du Tra<\/span>\n<span class=\"latitude\">45.514768<\/span>, <span class=\"longitude\">6.596003<\/span>\n<span class=\"popuptext\"><\/span>\n<\/div>\n<\/div><\/p>\n<h3>D\u00e9part, 9 h 00<\/h3>\n<p>D\u00e9part group\u00e9 possible depuis le parking de l&#8217;usine M\u00e9taux-sp\u00e9ciaux sise \u00e0 Pombli\u00e8re Saint Marcel.<br \/>\n&#8211; Le col du Tra peut \u00eatre rejoint directement par la mont\u00e9e des plaines\u00a0 soit 12 kilom\u00e8tres pour un d\u00e9nivel\u00e9 de 650 m\u00e8tres avec 27 lacets dans la for\u00eat et les alpages.<br \/>\n&#8211; Autre itin\u00e9raire depuis le parking de l&#8217;usine : prendre la piste cyclable en site propre du tunnel du Siaix, rejoindre Centron par le bord de l&#8217;Is\u00e8re, puis Villette et Aime. Prendre direction La Plagne et au pied de la mont\u00e9e suivre direction Montalbert Longefoy, puis Notre Dame.<br \/>\n&#8211; Pour les v\u00e9t\u00e9tistes en partant du col du Tra, il est possible de partir sur le Mont Jovet\u00a0 point culminant de la commune \u00e0 2558 m\u00e8tres. Depuis le refuge du Jovet (belles pistes) il est possible de faire une boucle permettant d&#8217;acc\u00e9der au col des Cornes (FR-73-2050a) col du Jovet (FR-73-2404) au col du Lac (FR-73-2359b) et Pas des Brebis (FR-73-2439a).<\/p>\n<div id=\"lmm_4881869e\" style=\"width:100%;\" class=\"mapsmarker markermap marker-36\">\n<div id=\"lmm_panel_4881869e\" class=\"lmm-panel\" style=\"background:#efefef;\">\n<div id=\"lmm_panel_api_4881869e\" class=\"lmm-panel-api\"><a href=\"https:\/\/maps.google.com\/maps?daddr=Pombliere++Auvergne-Rh%C3%B4ne-Alpes%2C+France&amp;t=m&amp;layer=1&amp;doflg=ptk&amp;om=0\" target=\"_blank\" title=\"Obtenir l&#039;itin\u00e9raire\"><img loading=\"lazy\" decoding=\"async\" alt=\"icon-car.png\" src=\"https:\/\/centcols.org\/backup\/wp-content\/plugins\/leaflet-maps-marker\/inc\/img\/icon-car.png\" width=\"14\" height=\"14\" class=\"lmm-panel-api-images\" \/><\/a><\/div><div id=\"lmm_panel_text_4881869e\" class=\"lmm-panel-text\" style=\"font-weight:bold;color:#373737;\">Pombli\u00e8re Saint-Marcel<\/div><\/div>\n<div id=\"lmm_map_4881869e\" class=\"lmm-map\" style=\"background:#f6f6f6;border:1px solid #ccc;height:480px; overflow:hidden;padding:0;\"><p style=\"font-size:80%;color:#9f9e9e;margin-left:5px;\">chargement de la carte - veuillez patienter...<noscript><br\/><strong>La carte ne peut \u00eatre charg\u00e9e - s'il vous pla\u00eet activer Javascript !<\/strong><br\/><a style=\"text-decoration:none;\" href=\"https:\/\/www.mapsmarker.com\/js-disabled\" target=\"_blank\">&rarr; plus dginformations<\/a><\/noscript><\/p><\/div>\n<div id=\"lmm_geo_tags_4881869e\" class=\"lmm-geo-tags geo\">\n<span class=\"paneltext\">Pombli\u00e8re Saint-Marcel<\/span>\n<span class=\"latitude\">45.498000<\/span>, <span class=\"longitude\">6.560300<\/span>\n<span class=\"popuptext\"><\/span>\n<\/div>\n<\/div>\n<h3>Accueil<\/h3>\n<p>Comme d&#8217;habitude \u00e0 partir de 10 heures, nous vous attendrons pour partager le verre de l&#8217;amiti\u00e9 accompagn\u00e9 de produits du terroir. A 11 heures 30, madame le Maire, conseill\u00e8re d\u00e9partementale nous fera l&#8217;honneur de sa visite.<\/p>\n<p>Une aire est r\u00e9serv\u00e9e pour nous pour les camping-cars \u00e0 Notre Dame du Pr\u00e9 par la mairie. A plat avec vue imprenable sur les montagnes.<\/p>\n<div id='gallery-1' class='gallery galleryid-56605 gallery-columns-2 gallery-size-full'><dl class='gallery-item'>\n\t\t\t<dt class='gallery-icon landscape'>\n\t\t\t\t<a href='https:\/\/centcols.org\/backup\/rassemblement-alpes-nord-2021\/col-tra1\/'><img loading=\"lazy\" decoding=\"async\" width=\"1106\" height=\"829\" src=\"https:\/\/centcols.org\/backup\/wp-content\/uploads\/2020\/11\/col-tra1.jpg\" class=\"attachment-full size-full\" alt=\"\" aria-describedby=\"gallery-1-57725\" srcset=\"https:\/\/centcols.org\/backup\/wp-content\/uploads\/2020\/11\/col-tra1.jpg 1106w, https:\/\/centcols.org\/backup\/wp-content\/uploads\/2020\/11\/col-tra1-500x375.jpg 500w, https:\/\/centcols.org\/backup\/wp-content\/uploads\/2020\/11\/col-tra1-768x576.jpg 768w, https:\/\/centcols.org\/backup\/wp-content\/uploads\/2020\/11\/col-tra1-600x450.jpg 600w\" sizes=\"(max-width: 1106px) 100vw, 1106px\" \/><\/a>\n\t\t\t<\/dt>\n\t\t\t\t<dd class='wp-caption-text gallery-caption' id='gallery-1-57725'>\n\t\t\t\tPour camping cars\n\t\t\t\t<\/dd><\/dl><dl class='gallery-item'>\n\t\t\t<dt class='gallery-icon landscape'>\n\t\t\t\t<a href='https:\/\/centcols.org\/backup\/rassemblement-alpes-nord-2021\/col-tra2\/'><img loading=\"lazy\" decoding=\"async\" width=\"1106\" height=\"829\" src=\"https:\/\/centcols.org\/backup\/wp-content\/uploads\/2020\/11\/col-tra2.jpg\" class=\"attachment-full size-full\" alt=\"\" aria-describedby=\"gallery-1-57731\" srcset=\"https:\/\/centcols.org\/backup\/wp-content\/uploads\/2020\/11\/col-tra2.jpg 1106w, https:\/\/centcols.org\/backup\/wp-content\/uploads\/2020\/11\/col-tra2-500x375.jpg 500w, https:\/\/centcols.org\/backup\/wp-content\/uploads\/2020\/11\/col-tra2-768x576.jpg 768w, https:\/\/centcols.org\/backup\/wp-content\/uploads\/2020\/11\/col-tra2-600x450.jpg 600w\" sizes=\"(max-width: 1106px) 100vw, 1106px\" \/><\/a>\n\t\t\t<\/dt>\n\t\t\t\t<dd class='wp-caption-text gallery-caption' id='gallery-1-57731'>\n\t\t\t\tPour camping cars\n\t\t\t\t<\/dd><\/dl><br style=\"clear: both\" \/>\n\t\t<\/div>\n\n<h3>Camping<\/h3>\n<p>Il existe un petit camping sur la commune de Notre Dame du pr\u00e9, au rocher d&#8217;escalade du Glaisy. Ravitaillement possible \u00e0 l&#8217;\u00e9picerie La Fruiti\u00e8re situ\u00e9 au centre du village.<\/p>\n<h3>Contact<\/h3>\n<p>Bernard Vieillard<br \/>\n04 79 09 16 54\u00a0 &#8211;\u00a0 07 86 15 40 13<br \/>\n<a href=\"&#109;a&#105;lto&#58;be&#114;&#101;g73&#64;&#111;r&#97;&#110;&#103;&#101;&#46;&#102;&#114;\">&#98;&#101;&#114;eg73&#64;ora&#110;&#103;&#101;&#46;&#102;&#114;<\/a><\/p>\n<h3>Article du Dauphin\u00e9 Lib\u00e9r\u00e9<\/h3>\n<p><a href=\"https:\/\/centcols.org\/backup\/col-du-tra\/\" target=\"_blank\" rel=\"noopener\">A voir ici<\/a><\/p>\n","protected":false},"excerpt":{"rendered":"<p>Col du Tra, samedi 26 juin 2021 Rendez-Vous Nous vous donnons rendez-vous cette ann\u00e9e\u00a0 au centre de la petite commune de Notre-Dame-du-Pr\u00e9 en Savoie, au col du Tra, canton de Moutiers. Pour plus de renseignements sur le lieu m\u00eame consulter le site \u00ab c\u0153urdetarentaise-tourisme.com \u00bb D\u00e9part, 9 h 00 D\u00e9part group\u00e9 possible depuis le parking [&hellip;]<\/p>\n","protected":false},"author":147,"featured_media":0,"comment_status":"closed","ping_status":"closed","sticky":false,"template":"","format":"standard","meta":{"_acf_changed":false,"ub_ctt_via":"","_monsterinsights_skip_tracking":false,"_monsterinsights_sitenote_active":false,"_monsterinsights_sitenote_note":"","_monsterinsights_sitenote_category":0,"footnotes":""},"categories":[442,7],"tags":[],"acf":[],"featured_image_urls":{"full":"","thumbnail":"","medium":"","medium_large":"","large":"","1536x1536":"","2048x2048":"","woocommerce_thumbnail":"","woocommerce_single":"","woocommerce_gallery_thumbnail":""},"post_excerpt_stackable":"<p>Col du Tra, samedi 26 juin 2021 Rendez-Vous Nous vous donnons rendez-vous cette ann\u00e9e\u00a0 au centre de la petite commune de Notre-Dame-du-Pr\u00e9 en Savoie, au col du Tra, canton de Moutiers. Pour plus de renseignements sur le lieu m\u00eame consulter le site \u00ab c\u0153urdetarentaise-tourisme.com \u00bb Col du Tra chargement de la carte &#8211; veuillez patienter&#8230;La carte ne peut \u00eatre charg\u00e9e &#8211; s&#8217;il vous pla\u00eet activer Javascript !&rarr; plus dginformations Col du Tra 45.514768, 6.596003 D\u00e9part, 9 h 00 D\u00e9part group\u00e9 possible depuis le parking de l&#8217;usine M\u00e9taux-sp\u00e9ciaux sise \u00e0 Pombli\u00e8re Saint Marcel. &#8211; Le col du Tra peut \u00eatre rejoint\u2026<\/p>\n","category_list":"<a href=\"https:\/\/centcols.org\/backup\/categorie\/rassemblements\/les-rassemblements-de-2021\/\" rel=\"category tag\">Les rassemblements de 2021<\/a>, <a href=\"https:\/\/centcols.org\/backup\/categorie\/rassemblements\/\" rel=\"category tag\">Rencontres r\u00e9gionales<\/a>","author_info":{"display_name":"Guy Harl\u00e9","author_link":"https:\/\/centcols.org\/backup\/author\/5193\/"},"comments_num":"0 commentaire","featured_image_urls_v2":{"full":"","thumbnail":"","medium":"","medium_large":"","large":"","1536x1536":"","2048x2048":"","woocommerce_thumbnail":"","woocommerce_single":"","woocommerce_gallery_thumbnail":""},"post_excerpt_stackable_v2":"<p>Col du Tra, samedi 26 juin 2021 Rendez-Vous Nous vous donnons rendez-vous cette ann\u00e9e\u00a0 au centre de la petite commune de Notre-Dame-du-Pr\u00e9 en Savoie, au col du Tra, canton de Moutiers. Pour plus de renseignements sur le lieu m\u00eame consulter le site \u00ab c\u0153urdetarentaise-tourisme.com \u00bb Col du Tra chargement de la carte &#8211; veuillez patienter&#8230;La carte ne peut \u00eatre charg\u00e9e &#8211; s&#8217;il vous pla\u00eet activer Javascript !&rarr; plus dginformations Col du Tra 45.514768, 6.596003 D\u00e9part, 9 h 00 D\u00e9part group\u00e9 possible depuis le parking de l&#8217;usine M\u00e9taux-sp\u00e9ciaux sise \u00e0 Pombli\u00e8re Saint Marcel. &#8211; Le col du Tra peut \u00eatre rejoint\u2026<\/p>\n","category_list_v2":"<a href=\"https:\/\/centcols.org\/backup\/categorie\/rassemblements\/les-rassemblements-de-2021\/\" rel=\"category tag\">Les rassemblements de 2021<\/a>, <a href=\"https:\/\/centcols.org\/backup\/categorie\/rassemblements\/\" rel=\"category tag\">Rencontres r\u00e9gionales<\/a>","author_info_v2":{"name":"Guy Harl\u00e9","url":"https:\/\/centcols.org\/backup\/author\/5193\/"},"comments_num_v2":"0 commentaire","featured_image_src":null,"_links":{"self":[{"href":"https:\/\/centcols.org\/backup\/wp-json\/wp\/v2\/posts\/56605"}],"collection":[{"href":"https:\/\/centcols.org\/backup\/wp-json\/wp\/v2\/posts"}],"about":[{"href":"https:\/\/centcols.org\/backup\/wp-json\/wp\/v2\/types\/post"}],"author":[{"embeddable":true,"href":"https:\/\/centcols.org\/backup\/wp-json\/wp\/v2\/users\/147"}],"replies":[{"embeddable":true,"href":"https:\/\/centcols.org\/backup\/wp-json\/wp\/v2\/comments?post=56605"}],"version-history":[{"count":0,"href":"https:\/\/centcols.org\/backup\/wp-json\/wp\/v2\/posts\/56605\/revisions"}],"wp:attachment":[{"href":"https:\/\/centcols.org\/backup\/wp-json\/wp\/v2\/media?parent=56605"}],"wp:term":[{"taxonomy":"category","embeddable":true,"href":"https:\/\/centcols.org\/backup\/wp-json\/wp\/v2\/categories?post=56605"},{"taxonomy":"post_tag","embeddable":true,"href":"https:\/\/centcols.org\/backup\/wp-json\/wp\/v2\/tags?post=56605"}],"curies":[{"name":"wp","href":"https:\/\/api.w.org\/{rel}","templated":true}]}}