{"id":56607,"date":"2020-12-09T11:20:54","date_gmt":"2020-12-09T10:20:54","guid":{"rendered":"https:\/\/centcols.org\/backup\/?p=56607"},"modified":"2021-06-10T16:09:13","modified_gmt":"2021-06-10T14:09:13","slug":"vosges-2021","status":"publish","type":"post","link":"https:\/\/centcols.org\/backup\/vosges-2021\/","title":{"rendered":"Vosges, Col de la Melch (57), 28 ao\u00fbt 2021"},"content":{"rendered":"<p>Samedi 28 ao\u00fbt 2021, Vosges<\/p>\n<p>Col de la Melch (FR-57-0356), nouveau col<\/p>\n<h3 align=\"left\"><strong><img loading=\"lazy\" decoding=\"async\" class=\"alignnone size-medium wp-image-56724\" src=\"https:\/\/centcols.org\/backup\/wp-content\/uploads\/2020\/12\/col-de-la-melsch-500x362.jpg\" alt=\"\" width=\"500\" height=\"362\" srcset=\"https:\/\/centcols.org\/backup\/wp-content\/uploads\/2020\/12\/col-de-la-melsch-500x362.jpg 500w, https:\/\/centcols.org\/backup\/wp-content\/uploads\/2020\/12\/col-de-la-melsch-768x556.jpg 768w, https:\/\/centcols.org\/backup\/wp-content\/uploads\/2020\/12\/col-de-la-melsch-600x434.jpg 600w, https:\/\/centcols.org\/backup\/wp-content\/uploads\/2020\/12\/col-de-la-melsch.jpg 1146w\" sizes=\"(max-width: 500px) 100vw, 500px\" \/><\/strong><br \/>\n<em>Copyright, IGN France<\/em><\/h3>\n<p class=\"western\" align=\"left\"><span style=\"color: #222222;\"><span style=\"font-family: Arial, Helvetica, sans-serif;\"><span style=\"font-size: medium;\">Rendez-vous 8 h 30 pour le caf\u00e9 et le d\u00e9part group\u00e9 sur le parking situ\u00e9 rue des Bergers \u00e0 c\u00f4t\u00e9 de l&#8217;ancien terrain de football<\/span><\/span><\/span><\/p>\n<h3>Circuits<\/h3>\n<h3>VTT<\/h3>\n<p><span style=\"color: #222222;\"><span style=\"font-family: Arial, Helvetica, sans-serif;\"><span style=\"font-size: medium;\">Circuit d&#8217;environ 2 h 30 \u00e0 3 h 00 cyclable \u00e0 98%<br \/>\nAu d\u00e9part, en direction de Baerenthal, vous emprunterez une petite route goudronn\u00e9e en descente passant par le terrain de football et longeant l&#8217;\u00e9tang.<br \/>\nApr\u00e8s ce quart d&#8217;heure d&#8217;\u00e9chauffement, grimp\u00e9e au col du Petit Dunkelthal (FR-57-0299) par une belle piste.<br \/>\nPuis, sentier avec un peu de poussage pour arriver au col du Grand Dunkelthal (FR-57-0291).<br \/>\nBelle descente par une piste en for\u00eat jusqu&#8217;au village. De l\u00e0, vous emprunterez une belle piste jusqu&#8217;au col de la Kundschaft (FR-57-0340) situ\u00e9 sur la route foresti\u00e8re de la Kundschaft.<br \/>\nUn raidillon sera \u00e0 franchir avant de parvenir au col de la Melch (nouveau col) o\u00f9 nous partagerons le pain et le fromage.<br \/>\nPour le retour \u00e0 Mouterhouse, vous aurez la possibilit\u00e9 de prendre la route ou une belle piste jusqu&#8217;au parking (Belle vue sur Mouterhouse)<\/span><\/span><\/span><\/p>\n<p>&nbsp;<\/p>\n<h3>ROUTE<\/h3>\n<p>Circuit de 50 km, 4 cols : Weissekreis (FR-57-0317), Widerschall (Fr-57-0370), Kundschaft (FR-57-0340) et Melch (FR-57-0356)<\/p>\n<p align=\"left\"><div id=\"lmm_5497f685\" style=\"width:100%;\" class=\"mapsmarker markermap marker-35\">\n<div id=\"lmm_panel_5497f685\" class=\"lmm-panel\" style=\"background:#efefef;\">\n<div id=\"lmm_panel_api_5497f685\" class=\"lmm-panel-api\"><a href=\"https:\/\/maps.google.com\/maps?daddr=Mouterhouse++Grand-Est%2C+France&amp;t=m&amp;layer=1&amp;doflg=ptk&amp;om=0\" target=\"_blank\" title=\"Obtenir l&#039;itin\u00e9raire\"><img loading=\"lazy\" decoding=\"async\" alt=\"icon-car.png\" src=\"https:\/\/centcols.org\/backup\/wp-content\/plugins\/leaflet-maps-marker\/inc\/img\/icon-car.png\" width=\"14\" height=\"14\" class=\"lmm-panel-api-images\" \/><\/a><\/div><div id=\"lmm_panel_text_5497f685\" class=\"lmm-panel-text\" style=\"font-weight:bold;color:#373737;\">Mouterhouse<\/div><\/div>\n<div id=\"lmm_map_5497f685\" class=\"lmm-map\" style=\"background:#f6f6f6;border:1px solid #ccc;height:480px; overflow:hidden;padding:0;\"><p style=\"font-size:80%;color:#9f9e9e;margin-left:5px;\">chargement de la carte - veuillez patienter...<noscript><br\/><strong>La carte ne peut \u00eatre charg\u00e9e - s'il vous pla\u00eet activer Javascript !<\/strong><br\/><a style=\"text-decoration:none;\" href=\"https:\/\/www.mapsmarker.com\/js-disabled\" target=\"_blank\">&rarr; plus dginformations<\/a><\/noscript><\/p><\/div>\n<div id=\"lmm_geo_tags_5497f685\" class=\"lmm-geo-tags geo\">\n<span class=\"paneltext\">Mouterhouse<\/span>\n<span class=\"latitude\">48.983300<\/span>, <span class=\"longitude\">7.445150<\/span>\n<span class=\"popuptext\"><\/span>\n<\/div>\n<\/div><\/p>\n<h3>Contact<\/h3>\n<p>Ars\u00e8ne Bickel<br \/>\n06 80 73 51 75<br \/>\n<a href=\"&#109;&#97;&#105;l&#116;o&#58;arse&#110;&#101;.b&#105;cke&#108;57&#64;&#111;r&#97;&#110;&#103;&#101;&#46;f&#114;\">ar&#115;&#101;ne.b&#105;c&#107;&#101;&#108;&#53;7&#64;ora&#110;ge&#46;f&#114;<\/a><\/p>\n","protected":false},"excerpt":{"rendered":"<p>Samedi 28 ao\u00fbt 2021, Vosges Col de la Melch (FR-57-0356), nouveau col Copyright, IGN France Rendez-vous 8 h 30 pour le caf\u00e9 et le d\u00e9part group\u00e9 sur le parking situ\u00e9 rue des Bergers \u00e0 c\u00f4t\u00e9 de l&#8217;ancien terrain de football Circuits VTT Circuit d&#8217;environ 2 h 30 \u00e0 3 h 00 cyclable \u00e0 98% Au [&hellip;]<\/p>\n","protected":false},"author":147,"featured_media":0,"comment_status":"closed","ping_status":"closed","sticky":false,"template":"","format":"standard","meta":{"_acf_changed":false,"ub_ctt_via":"","_monsterinsights_skip_tracking":false,"_monsterinsights_sitenote_active":false,"_monsterinsights_sitenote_note":"","_monsterinsights_sitenote_category":0,"footnotes":""},"categories":[442,7],"tags":[],"acf":[],"featured_image_urls":{"full":"","thumbnail":"","medium":"","medium_large":"","large":"","1536x1536":"","2048x2048":"","woocommerce_thumbnail":"","woocommerce_single":"","woocommerce_gallery_thumbnail":""},"post_excerpt_stackable":"<p>Samedi 28 ao\u00fbt 2021, Vosges Col de la Melch (FR-57-0356), nouveau col Copyright, IGN France Rendez-vous 8 h 30 pour le caf\u00e9 et le d\u00e9part group\u00e9 sur le parking situ\u00e9 rue des Bergers \u00e0 c\u00f4t\u00e9 de l&#8217;ancien terrain de football Circuits VTT Circuit d&#8217;environ 2 h 30 \u00e0 3 h 00 cyclable \u00e0 98% Au d\u00e9part, en direction de Baerenthal, vous emprunterez une petite route goudronn\u00e9e en descente passant par le terrain de football et longeant l&#8217;\u00e9tang. Apr\u00e8s ce quart d&#8217;heure d&#8217;\u00e9chauffement, grimp\u00e9e au col du Petit Dunkelthal (FR-57-0299) par une belle piste. Puis, sentier avec un peu de poussage\u2026<\/p>\n","category_list":"<a href=\"https:\/\/centcols.org\/backup\/categorie\/rassemblements\/les-rassemblements-de-2021\/\" rel=\"category tag\">Les rassemblements de 2021<\/a>, <a href=\"https:\/\/centcols.org\/backup\/categorie\/rassemblements\/\" rel=\"category tag\">Rencontres r\u00e9gionales<\/a>","author_info":{"display_name":"Guy Harl\u00e9","author_link":"https:\/\/centcols.org\/backup\/author\/5193\/"},"comments_num":"0 commentaire","featured_image_urls_v2":{"full":"","thumbnail":"","medium":"","medium_large":"","large":"","1536x1536":"","2048x2048":"","woocommerce_thumbnail":"","woocommerce_single":"","woocommerce_gallery_thumbnail":""},"post_excerpt_stackable_v2":"<p>Samedi 28 ao\u00fbt 2021, Vosges Col de la Melch (FR-57-0356), nouveau col Copyright, IGN France Rendez-vous 8 h 30 pour le caf\u00e9 et le d\u00e9part group\u00e9 sur le parking situ\u00e9 rue des Bergers \u00e0 c\u00f4t\u00e9 de l&#8217;ancien terrain de football Circuits VTT Circuit d&#8217;environ 2 h 30 \u00e0 3 h 00 cyclable \u00e0 98% Au d\u00e9part, en direction de Baerenthal, vous emprunterez une petite route goudronn\u00e9e en descente passant par le terrain de football et longeant l&#8217;\u00e9tang. Apr\u00e8s ce quart d&#8217;heure d&#8217;\u00e9chauffement, grimp\u00e9e au col du Petit Dunkelthal (FR-57-0299) par une belle piste. Puis, sentier avec un peu de poussage\u2026<\/p>\n","category_list_v2":"<a href=\"https:\/\/centcols.org\/backup\/categorie\/rassemblements\/les-rassemblements-de-2021\/\" rel=\"category tag\">Les rassemblements de 2021<\/a>, <a href=\"https:\/\/centcols.org\/backup\/categorie\/rassemblements\/\" rel=\"category tag\">Rencontres r\u00e9gionales<\/a>","author_info_v2":{"name":"Guy Harl\u00e9","url":"https:\/\/centcols.org\/backup\/author\/5193\/"},"comments_num_v2":"0 commentaire","featured_image_src":null,"_links":{"self":[{"href":"https:\/\/centcols.org\/backup\/wp-json\/wp\/v2\/posts\/56607"}],"collection":[{"href":"https:\/\/centcols.org\/backup\/wp-json\/wp\/v2\/posts"}],"about":[{"href":"https:\/\/centcols.org\/backup\/wp-json\/wp\/v2\/types\/post"}],"author":[{"embeddable":true,"href":"https:\/\/centcols.org\/backup\/wp-json\/wp\/v2\/users\/147"}],"replies":[{"embeddable":true,"href":"https:\/\/centcols.org\/backup\/wp-json\/wp\/v2\/comments?post=56607"}],"version-history":[{"count":0,"href":"https:\/\/centcols.org\/backup\/wp-json\/wp\/v2\/posts\/56607\/revisions"}],"wp:attachment":[{"href":"https:\/\/centcols.org\/backup\/wp-json\/wp\/v2\/media?parent=56607"}],"wp:term":[{"taxonomy":"category","embeddable":true,"href":"https:\/\/centcols.org\/backup\/wp-json\/wp\/v2\/categories?post=56607"},{"taxonomy":"post_tag","embeddable":true,"href":"https:\/\/centcols.org\/backup\/wp-json\/wp\/v2\/tags?post=56607"}],"curies":[{"name":"wp","href":"https:\/\/api.w.org\/{rel}","templated":true}]}}