{"id":56738,"date":"2020-12-17T19:25:49","date_gmt":"2020-12-17T18:25:49","guid":{"rendered":"https:\/\/centcols.org\/backup\/?p=56738"},"modified":"2020-12-17T19:25:49","modified_gmt":"2020-12-17T18:25:49","slug":"concentration-regionale-pyrenees-2021","status":"publish","type":"post","link":"https:\/\/centcols.org\/backup\/concentration-regionale-pyrenees-2021\/","title":{"rendered":"Pyr\u00e9n\u00e9es, col de Portech, 3 octobre 2021"},"content":{"rendered":"<p>Pyr\u00e9n\u00e9es, Col de Portech (FR-09-0862), au 3 octobre 2021<\/p>\n<div id=\"lmm_aca8d277\" style=\"width:100%;\" class=\"mapsmarker markermap marker-16\">\n<div id=\"lmm_panel_aca8d277\" class=\"lmm-panel\" style=\"background:#efefef;\">\n<div id=\"lmm_panel_api_aca8d277\" class=\"lmm-panel-api\"><a href=\"https:\/\/maps.google.com\/maps?daddr=42.922794,1.126667&amp;t=m&amp;layer=1&amp;doflg=ptk&amp;om=0\" target=\"_blank\" title=\"Obtenir l&#039;itin\u00e9raire\"><img loading=\"lazy\" decoding=\"async\" alt=\"icon-car.png\" src=\"https:\/\/centcols.org\/backup\/wp-content\/plugins\/leaflet-maps-marker\/inc\/img\/icon-car.png\" width=\"14\" height=\"14\" class=\"lmm-panel-api-images\" \/><\/a><\/div><div id=\"lmm_panel_text_aca8d277\" class=\"lmm-panel-text\" style=\"font-weight:bold;color:#373737;\">Col de Portech<\/div><\/div>\n<div id=\"lmm_map_aca8d277\" class=\"lmm-map\" style=\"background:#f6f6f6;border:1px solid #ccc;height:480px; overflow:hidden;padding:0;\"><p style=\"font-size:80%;color:#9f9e9e;margin-left:5px;\">chargement de la carte - veuillez patienter...<noscript><br\/><strong>La carte ne peut \u00eatre charg\u00e9e - s'il vous pla\u00eet activer Javascript !<\/strong><br\/><a style=\"text-decoration:none;\" href=\"https:\/\/www.mapsmarker.com\/js-disabled\" target=\"_blank\">&rarr; plus dginformations<\/a><\/noscript><\/p><\/div>\n<div id=\"lmm_geo_tags_aca8d277\" class=\"lmm-geo-tags geo\">\n<span class=\"paneltext\">Col de Portech<\/span>\n<span class=\"latitude\">42.922794<\/span>, <span class=\"longitude\">1.126667<\/span>\n<span class=\"popuptext\">Col de Portech<\/span>\n<\/div>\n<\/div>\n<h3>Programme<\/h3>\n<p><a href=\"https:\/\/www.alaingillodes.fr\/concentration%20CCC-OCD\/Portech_20\/portech_p.htm\" target=\"_blank\" rel=\"noopener noreferrer\">A voir ici sur le site d&#8217;Alain Gillodes<\/a><\/p>\n<h3>Contact<\/h3>\n<p>Alain Gillodes<br \/>\n05 61 56 74 35 &#8211; 06 78 67 83 62<br \/>\n<a href=\"&#109;&#97;il&#116;o&#58;&#97;&#108;ain.g&#105;l&#108;&#111;d&#101;s&#64;&#111;&#114;ange&#46;&#102;r\">&#97;&#108;a&#105;n.&#103;illodes&#64;&#111;&#114;&#97;&#110;&#103;e&#46;&#102;&#114;<\/a><\/p>\n","protected":false},"excerpt":{"rendered":"<p>Pyr\u00e9n\u00e9es, Col de Portech (FR-09-0862), au 3 octobre 2021 Programme A voir ici sur le site d&#8217;Alain Gillodes Contact Alain Gillodes 05 61 56 74 35 &#8211; 06 78 67 83 62<\/p>\n","protected":false},"author":147,"featured_media":0,"comment_status":"closed","ping_status":"closed","sticky":false,"template":"","format":"standard","meta":{"_acf_changed":false,"ub_ctt_via":"","_monsterinsights_skip_tracking":false,"_monsterinsights_sitenote_active":false,"_monsterinsights_sitenote_note":"","_monsterinsights_sitenote_category":0,"footnotes":""},"categories":[442],"tags":[],"acf":[],"featured_image_urls":{"full":"","thumbnail":"","medium":"","medium_large":"","large":"","1536x1536":"","2048x2048":"","woocommerce_thumbnail":"","woocommerce_single":"","woocommerce_gallery_thumbnail":""},"post_excerpt_stackable":"<p>Pyr\u00e9n\u00e9es, Col de Portech (FR-09-0862), au 3 octobre 2021 Col de Portech chargement de la carte &#8211; veuillez patienter&#8230;La carte ne peut \u00eatre charg\u00e9e &#8211; s&#8217;il vous pla\u00eet activer Javascript !&rarr; plus dginformations Col de Portech 42.922794, 1.126667 Col de Portech Programme A voir ici sur le site d&#8217;Alain Gillodes Contact Alain Gillodes 05 61 56 74 35 &#8211; 06 78 67 83 62 a&#108;a&#105;&#110;.gi&#108;l&#111;&#100;es&#64;&#111;ra&#110;g&#101;.f&#114;<\/p>\n","category_list":"<a href=\"https:\/\/centcols.org\/backup\/categorie\/rassemblements\/les-rassemblements-de-2021\/\" rel=\"category tag\">Les rassemblements de 2021<\/a>","author_info":{"display_name":"Guy Harl\u00e9","author_link":"https:\/\/centcols.org\/backup\/author\/5193\/"},"comments_num":"0 commentaire","featured_image_urls_v2":{"full":"","thumbnail":"","medium":"","medium_large":"","large":"","1536x1536":"","2048x2048":"","woocommerce_thumbnail":"","woocommerce_single":"","woocommerce_gallery_thumbnail":""},"post_excerpt_stackable_v2":"<p>Pyr\u00e9n\u00e9es, Col de Portech (FR-09-0862), au 3 octobre 2021 Col de Portech chargement de la carte &#8211; veuillez patienter&#8230;La carte ne peut \u00eatre charg\u00e9e &#8211; s&#8217;il vous pla\u00eet activer Javascript !&rarr; plus dginformations Col de Portech 42.922794, 1.126667 Col de Portech Programme A voir ici sur le site d&#8217;Alain Gillodes Contact Alain Gillodes 05 61 56 74 35 &#8211; 06 78 67 83 62 a&#108;ain&#46;&#103;illo&#100;es&#64;&#111;r&#97;&#110;&#103;&#101;&#46;fr<\/p>\n","category_list_v2":"<a href=\"https:\/\/centcols.org\/backup\/categorie\/rassemblements\/les-rassemblements-de-2021\/\" rel=\"category tag\">Les rassemblements de 2021<\/a>","author_info_v2":{"name":"Guy Harl\u00e9","url":"https:\/\/centcols.org\/backup\/author\/5193\/"},"comments_num_v2":"0 commentaire","featured_image_src":null,"_links":{"self":[{"href":"https:\/\/centcols.org\/backup\/wp-json\/wp\/v2\/posts\/56738"}],"collection":[{"href":"https:\/\/centcols.org\/backup\/wp-json\/wp\/v2\/posts"}],"about":[{"href":"https:\/\/centcols.org\/backup\/wp-json\/wp\/v2\/types\/post"}],"author":[{"embeddable":true,"href":"https:\/\/centcols.org\/backup\/wp-json\/wp\/v2\/users\/147"}],"replies":[{"embeddable":true,"href":"https:\/\/centcols.org\/backup\/wp-json\/wp\/v2\/comments?post=56738"}],"version-history":[{"count":0,"href":"https:\/\/centcols.org\/backup\/wp-json\/wp\/v2\/posts\/56738\/revisions"}],"wp:attachment":[{"href":"https:\/\/centcols.org\/backup\/wp-json\/wp\/v2\/media?parent=56738"}],"wp:term":[{"taxonomy":"category","embeddable":true,"href":"https:\/\/centcols.org\/backup\/wp-json\/wp\/v2\/categories?post=56738"},{"taxonomy":"post_tag","embeddable":true,"href":"https:\/\/centcols.org\/backup\/wp-json\/wp\/v2\/tags?post=56738"}],"curies":[{"name":"wp","href":"https:\/\/api.w.org\/{rel}","templated":true}]}}