{"id":56741,"date":"2020-12-17T19:23:15","date_gmt":"2020-12-17T18:23:15","guid":{"rendered":"https:\/\/centcols.org\/backup\/?p=56741"},"modified":"2020-12-17T19:32:31","modified_gmt":"2020-12-17T18:32:31","slug":"massif-central-est-2021","status":"publish","type":"post","link":"https:\/\/centcols.org\/backup\/massif-central-est-2021\/","title":{"rendered":"Massif Central Est, col de Pavezin, 26 septembre 2021"},"content":{"rendered":"<p>Dimanche 26 septembre 2021, Massif Central Est<br \/>\nRassemblement au col de Pavezin<\/p>\n<p>Cette ann\u00e9e encore, la Rencontre r\u00e9gionale Massif Central Est, se d\u00e9roulera au col de Pavezin (42-0651) situ\u00e9 dans le d\u00e9partement de la Loire sur les contreforts du Parc r\u00e9gional du Pilat.<br \/>\nC\u2019est ce col qu\u2019avait choisi V\u00e9locio (ap\u00f4tre du cyclotourisme) pour se retrouver avec tous ses amis cyclotouristes au mois de septembre de chaque ann\u00e9e.<br \/>\nCet homme, inventeur du mot cyclotourisme (n\u00e9 \u00e0 Pernes-les-Fontaines en 1853 et d\u00e9c\u00e9d\u00e9 \u00e0 St-Etienne en 1930), \u00e9tait tr\u00e8s appr\u00e9ci\u00e9 de tous les amoureux de la petite reine. L\u2019industrie du cycle st\u00e9phanoise lui doit beaucoup.<br \/>\nC\u2019est pourquoi, le CODEP 42 de la FFCT, en sa m\u00e9moire, organise une concentration annuelle en ce lieu mythique. Nous profiterons de cette organisation pour se joindre \u00e0 elle, le temps d\u2019une matin\u00e9e automnale.<\/p>\n<p><a href=\"https:\/\/centcols.org\/backup\/wp-content\/uploads\/2018\/12\/col-pavezin.jpg\"><img loading=\"lazy\" decoding=\"async\" class=\"alignnone size-medium wp-image-36277\" src=\"https:\/\/centcols.org\/backup\/wp-content\/uploads\/2018\/12\/col-pavezin-500x375.jpg\" alt=\"\" width=\"500\" height=\"375\" srcset=\"https:\/\/centcols.org\/backup\/wp-content\/uploads\/2018\/12\/col-pavezin-500x375.jpg 500w, https:\/\/centcols.org\/backup\/wp-content\/uploads\/2018\/12\/col-pavezin-600x450.jpg 600w, https:\/\/centcols.org\/backup\/wp-content\/uploads\/2018\/12\/col-pavezin-768x576.jpg 768w, https:\/\/centcols.org\/backup\/wp-content\/uploads\/2018\/12\/col-pavezin.jpg 800w\" sizes=\"(max-width: 500px) 100vw, 500px\" \/><\/a><\/p>\n<p>Pour les collectionneurs de cols, dans un p\u00e9rim\u00e8tre assez restreint, une multitude de cols vous attend :<\/p>\n<p>Bient\u00f4t plus de renseignements<\/p>\n<h3>Contact<\/h3>\n<p>Jean-Paul Galambaud<br \/>\n06 70 11 16 36<br \/>\n<a href=\"mai&#108;&#116;o&#58;jpga&#108;&#97;&#109;&#98;a&#117;&#100;&#64;&#111;r&#97;nge&#46;f&#114;\">j&#112;gal&#97;m&#98;aud&#64;o&#114;an&#103;&#101;&#46;fr<\/a><\/p>\n","protected":false},"excerpt":{"rendered":"<p>Dimanche 26 septembre 2021, Massif Central Est Rassemblement au col de Pavezin Cette ann\u00e9e encore, la Rencontre r\u00e9gionale Massif Central Est, se d\u00e9roulera au col de Pavezin (42-0651) situ\u00e9 dans le d\u00e9partement de la Loire sur les contreforts du Parc r\u00e9gional du Pilat. C\u2019est ce col qu\u2019avait choisi V\u00e9locio (ap\u00f4tre du cyclotourisme) pour se retrouver [&hellip;]<\/p>\n","protected":false},"author":147,"featured_media":0,"comment_status":"closed","ping_status":"closed","sticky":false,"template":"","format":"standard","meta":{"_acf_changed":false,"ub_ctt_via":"","_monsterinsights_skip_tracking":false,"_monsterinsights_sitenote_active":false,"_monsterinsights_sitenote_note":"","_monsterinsights_sitenote_category":0,"footnotes":""},"categories":[442],"tags":[],"acf":[],"featured_image_urls":{"full":"","thumbnail":"","medium":"","medium_large":"","large":"","1536x1536":"","2048x2048":"","woocommerce_thumbnail":"","woocommerce_single":"","woocommerce_gallery_thumbnail":""},"post_excerpt_stackable":"<p>Dimanche 26 septembre 2021, Massif Central Est Rassemblement au col de Pavezin Cette ann\u00e9e encore, la Rencontre r\u00e9gionale Massif Central Est, se d\u00e9roulera au col de Pavezin (42-0651) situ\u00e9 dans le d\u00e9partement de la Loire sur les contreforts du Parc r\u00e9gional du Pilat. C\u2019est ce col qu\u2019avait choisi V\u00e9locio (ap\u00f4tre du cyclotourisme) pour se retrouver avec tous ses amis cyclotouristes au mois de septembre de chaque ann\u00e9e. Cet homme, inventeur du mot cyclotourisme (n\u00e9 \u00e0 Pernes-les-Fontaines en 1853 et d\u00e9c\u00e9d\u00e9 \u00e0 St-Etienne en 1930), \u00e9tait tr\u00e8s appr\u00e9ci\u00e9 de tous les amoureux de la petite reine. L\u2019industrie du cycle st\u00e9phanoise lui\u2026<\/p>\n","category_list":"<a href=\"https:\/\/centcols.org\/backup\/categorie\/rassemblements\/les-rassemblements-de-2021\/\" rel=\"category tag\">Les rassemblements de 2021<\/a>","author_info":{"display_name":"Guy Harl\u00e9","author_link":"https:\/\/centcols.org\/backup\/author\/5193\/"},"comments_num":"0 commentaire","featured_image_urls_v2":{"full":"","thumbnail":"","medium":"","medium_large":"","large":"","1536x1536":"","2048x2048":"","woocommerce_thumbnail":"","woocommerce_single":"","woocommerce_gallery_thumbnail":""},"post_excerpt_stackable_v2":"<p>Dimanche 26 septembre 2021, Massif Central Est Rassemblement au col de Pavezin Cette ann\u00e9e encore, la Rencontre r\u00e9gionale Massif Central Est, se d\u00e9roulera au col de Pavezin (42-0651) situ\u00e9 dans le d\u00e9partement de la Loire sur les contreforts du Parc r\u00e9gional du Pilat. C\u2019est ce col qu\u2019avait choisi V\u00e9locio (ap\u00f4tre du cyclotourisme) pour se retrouver avec tous ses amis cyclotouristes au mois de septembre de chaque ann\u00e9e. Cet homme, inventeur du mot cyclotourisme (n\u00e9 \u00e0 Pernes-les-Fontaines en 1853 et d\u00e9c\u00e9d\u00e9 \u00e0 St-Etienne en 1930), \u00e9tait tr\u00e8s appr\u00e9ci\u00e9 de tous les amoureux de la petite reine. L\u2019industrie du cycle st\u00e9phanoise lui\u2026<\/p>\n","category_list_v2":"<a href=\"https:\/\/centcols.org\/backup\/categorie\/rassemblements\/les-rassemblements-de-2021\/\" rel=\"category tag\">Les rassemblements de 2021<\/a>","author_info_v2":{"name":"Guy Harl\u00e9","url":"https:\/\/centcols.org\/backup\/author\/5193\/"},"comments_num_v2":"0 commentaire","featured_image_src":null,"_links":{"self":[{"href":"https:\/\/centcols.org\/backup\/wp-json\/wp\/v2\/posts\/56741"}],"collection":[{"href":"https:\/\/centcols.org\/backup\/wp-json\/wp\/v2\/posts"}],"about":[{"href":"https:\/\/centcols.org\/backup\/wp-json\/wp\/v2\/types\/post"}],"author":[{"embeddable":true,"href":"https:\/\/centcols.org\/backup\/wp-json\/wp\/v2\/users\/147"}],"replies":[{"embeddable":true,"href":"https:\/\/centcols.org\/backup\/wp-json\/wp\/v2\/comments?post=56741"}],"version-history":[{"count":0,"href":"https:\/\/centcols.org\/backup\/wp-json\/wp\/v2\/posts\/56741\/revisions"}],"wp:attachment":[{"href":"https:\/\/centcols.org\/backup\/wp-json\/wp\/v2\/media?parent=56741"}],"wp:term":[{"taxonomy":"category","embeddable":true,"href":"https:\/\/centcols.org\/backup\/wp-json\/wp\/v2\/categories?post=56741"},{"taxonomy":"post_tag","embeddable":true,"href":"https:\/\/centcols.org\/backup\/wp-json\/wp\/v2\/tags?post=56741"}],"curies":[{"name":"wp","href":"https:\/\/api.w.org\/{rel}","templated":true}]}}