{"id":56790,"date":"2020-11-29T16:55:56","date_gmt":"2020-11-29T15:55:56","guid":{"rendered":"https:\/\/centcols.org\/backup\/?p=56790"},"modified":"2021-05-20T18:46:10","modified_gmt":"2021-05-20T16:46:10","slug":"rassemblement-alpes-nord-2021-2","status":"publish","type":"post","link":"https:\/\/centcols.org\/backup\/rassemblement-alpes-nord-2021-2\/","title":{"rendered":"Grand Ouest, Col Saint-Martin et Col de Berjou, 26 juin 2021"},"content":{"rendered":"<p>Samedi 26 juin 2021, Col Saint-Martin (FR-14-0162), Col de Berjou (FR-61-0226)<\/p>\n<p>Pour la premi\u00e8re fois, un rassemblement nous est propos\u00e9 en r\u00e9gion &#8221;Ouest&#8221;. Il n&#8217;est pas n\u00e9cessaire d&#8217;\u00eatre en haute montagne pour participer \u00e0 un moment de convivialit\u00e9!<\/p>\n<h3>Rendez-Vous<\/h3>\n<p>Rendez-vous \u00e0 la gare de Thury Harcourt, sur la voie verte de la vall\u00e9e de l&#8217;Ome pour un d\u00e9part \u00e0 9 h 30.<br \/>\nRassemblement \u00e0 12 h 00 au m\u00eame endroit<\/p>\n<div id=\"lmm_bcf697dc\" style=\"width:100%;\" class=\"mapsmarker markermap marker-37\">\n<div id=\"lmm_panel_bcf697dc\" class=\"lmm-panel\" style=\"background:#efefef;\">\n<div id=\"lmm_panel_api_bcf697dc\" class=\"lmm-panel-api\"><a href=\"https:\/\/maps.google.com\/maps?daddr=Thury-Harcourt+Normandie%2C+France&amp;t=m&amp;layer=1&amp;doflg=ptk&amp;om=0\" target=\"_blank\" title=\"Obtenir l&#039;itin\u00e9raire\"><img loading=\"lazy\" decoding=\"async\" alt=\"icon-car.png\" src=\"https:\/\/centcols.org\/backup\/wp-content\/plugins\/leaflet-maps-marker\/inc\/img\/icon-car.png\" width=\"14\" height=\"14\" class=\"lmm-panel-api-images\" \/><\/a><\/div><div id=\"lmm_panel_text_bcf697dc\" class=\"lmm-panel-text\" style=\"font-weight:bold;color:#373737;\">Thury Harcourt<\/div><\/div>\n<div id=\"lmm_map_bcf697dc\" class=\"lmm-map\" style=\"background:#f6f6f6;border:1px solid #ccc;height:480px; overflow:hidden;padding:0;\"><p style=\"font-size:80%;color:#9f9e9e;margin-left:5px;\">chargement de la carte - veuillez patienter...<noscript><br\/><strong>La carte ne peut \u00eatre charg\u00e9e - s'il vous pla\u00eet activer Javascript !<\/strong><br\/><a style=\"text-decoration:none;\" href=\"https:\/\/www.mapsmarker.com\/js-disabled\" target=\"_blank\">&rarr; plus dginformations<\/a><\/noscript><\/p><\/div>\n<div id=\"lmm_geo_tags_bcf697dc\" class=\"lmm-geo-tags geo\">\n<span class=\"paneltext\">Thury Harcourt<\/span>\n<span class=\"latitude\">48.989272<\/span>, <span class=\"longitude\">-0.481596<\/span>\n<span class=\"popuptext\"><\/span>\n<\/div>\n<\/div>\n<h3>Contact<\/h3>\n<p>Fran\u00e7ois Candau<br \/>\n06 72 79 72 71<br \/>\n<a href=\"&#109;&#97;&#105;&#108;t&#111;&#58;&#102;r&#97;nc&#111;&#105;s&#46;&#99;a&#110;&#100;&#97;&#117;&#49;&#52;&#64;&#103;&#109;a&#105;&#108;.c&#111;m\">f&#114;a&#110;cois&#46;&#99;&#97;&#110;&#100;au&#49;&#52;&#64;g&#109;ai&#108;.&#99;&#111;&#109;<\/a><\/p>\n","protected":false},"excerpt":{"rendered":"<p>Samedi 26 juin 2021, Col Saint-Martin (FR-14-0162), Col de Berjou (FR-61-0226) Pour la premi\u00e8re fois, un rassemblement nous est propos\u00e9 en r\u00e9gion &#8221;Ouest&#8221;. Il n&#8217;est pas n\u00e9cessaire d&#8217;\u00eatre en haute montagne pour participer \u00e0 un moment de convivialit\u00e9! Rendez-Vous Rendez-vous \u00e0 la gare de Thury Harcourt, sur la voie verte de la vall\u00e9e de l&#8217;Ome [&hellip;]<\/p>\n","protected":false},"author":147,"featured_media":0,"comment_status":"closed","ping_status":"closed","sticky":false,"template":"","format":"standard","meta":{"_acf_changed":false,"ub_ctt_via":"","_monsterinsights_skip_tracking":false,"_monsterinsights_sitenote_active":false,"_monsterinsights_sitenote_note":"","_monsterinsights_sitenote_category":0,"footnotes":""},"categories":[442,7],"tags":[],"acf":[],"featured_image_urls":{"full":"","thumbnail":"","medium":"","medium_large":"","large":"","1536x1536":"","2048x2048":"","woocommerce_thumbnail":"","woocommerce_single":"","woocommerce_gallery_thumbnail":""},"post_excerpt_stackable":"<p>Samedi 26 juin 2021, Col Saint-Martin (FR-14-0162), Col de Berjou (FR-61-0226) Pour la premi\u00e8re fois, un rassemblement nous est propos\u00e9 en r\u00e9gion &#8221;Ouest&#8221;. Il n&#8217;est pas n\u00e9cessaire d&#8217;\u00eatre en haute montagne pour participer \u00e0 un moment de convivialit\u00e9! Rendez-Vous Rendez-vous \u00e0 la gare de Thury Harcourt, sur la voie verte de la vall\u00e9e de l&#8217;Ome pour un d\u00e9part \u00e0 9 h 30. Rassemblement \u00e0 12 h 00 au m\u00eame endroit Thury Harcourt chargement de la carte &#8211; veuillez patienter&#8230;La carte ne peut \u00eatre charg\u00e9e &#8211; s&#8217;il vous pla\u00eet activer Javascript !&rarr; plus dginformations Thury Harcourt 48.989272, -0.481596 Contact Fran\u00e7ois Candau\u2026<\/p>\n","category_list":"<a href=\"https:\/\/centcols.org\/backup\/categorie\/rassemblements\/les-rassemblements-de-2021\/\" rel=\"category tag\">Les rassemblements de 2021<\/a>, <a href=\"https:\/\/centcols.org\/backup\/categorie\/rassemblements\/\" rel=\"category tag\">Rencontres r\u00e9gionales<\/a>","author_info":{"display_name":"Guy Harl\u00e9","author_link":"https:\/\/centcols.org\/backup\/author\/5193\/"},"comments_num":"0 commentaire","featured_image_urls_v2":{"full":"","thumbnail":"","medium":"","medium_large":"","large":"","1536x1536":"","2048x2048":"","woocommerce_thumbnail":"","woocommerce_single":"","woocommerce_gallery_thumbnail":""},"post_excerpt_stackable_v2":"<p>Samedi 26 juin 2021, Col Saint-Martin (FR-14-0162), Col de Berjou (FR-61-0226) Pour la premi\u00e8re fois, un rassemblement nous est propos\u00e9 en r\u00e9gion &#8221;Ouest&#8221;. Il n&#8217;est pas n\u00e9cessaire d&#8217;\u00eatre en haute montagne pour participer \u00e0 un moment de convivialit\u00e9! Rendez-Vous Rendez-vous \u00e0 la gare de Thury Harcourt, sur la voie verte de la vall\u00e9e de l&#8217;Ome pour un d\u00e9part \u00e0 9 h 30. Rassemblement \u00e0 12 h 00 au m\u00eame endroit Thury Harcourt chargement de la carte &#8211; veuillez patienter&#8230;La carte ne peut \u00eatre charg\u00e9e &#8211; s&#8217;il vous pla\u00eet activer Javascript !&rarr; plus dginformations Thury Harcourt 48.989272, -0.481596 Contact Fran\u00e7ois Candau\u2026<\/p>\n","category_list_v2":"<a href=\"https:\/\/centcols.org\/backup\/categorie\/rassemblements\/les-rassemblements-de-2021\/\" rel=\"category tag\">Les rassemblements de 2021<\/a>, <a href=\"https:\/\/centcols.org\/backup\/categorie\/rassemblements\/\" rel=\"category tag\">Rencontres r\u00e9gionales<\/a>","author_info_v2":{"name":"Guy Harl\u00e9","url":"https:\/\/centcols.org\/backup\/author\/5193\/"},"comments_num_v2":"0 commentaire","featured_image_src":null,"_links":{"self":[{"href":"https:\/\/centcols.org\/backup\/wp-json\/wp\/v2\/posts\/56790"}],"collection":[{"href":"https:\/\/centcols.org\/backup\/wp-json\/wp\/v2\/posts"}],"about":[{"href":"https:\/\/centcols.org\/backup\/wp-json\/wp\/v2\/types\/post"}],"author":[{"embeddable":true,"href":"https:\/\/centcols.org\/backup\/wp-json\/wp\/v2\/users\/147"}],"replies":[{"embeddable":true,"href":"https:\/\/centcols.org\/backup\/wp-json\/wp\/v2\/comments?post=56790"}],"version-history":[{"count":0,"href":"https:\/\/centcols.org\/backup\/wp-json\/wp\/v2\/posts\/56790\/revisions"}],"wp:attachment":[{"href":"https:\/\/centcols.org\/backup\/wp-json\/wp\/v2\/media?parent=56790"}],"wp:term":[{"taxonomy":"category","embeddable":true,"href":"https:\/\/centcols.org\/backup\/wp-json\/wp\/v2\/categories?post=56790"},{"taxonomy":"post_tag","embeddable":true,"href":"https:\/\/centcols.org\/backup\/wp-json\/wp\/v2\/tags?post=56790"}],"curies":[{"name":"wp","href":"https:\/\/api.w.org\/{rel}","templated":true}]}}