{"id":56831,"date":"2020-12-11T11:23:45","date_gmt":"2020-12-11T10:23:45","guid":{"rendered":"https:\/\/centcols.org\/backup\/?p=56831"},"modified":"2022-01-14T16:59:40","modified_gmt":"2022-01-14T15:59:40","slug":"alpes-sud-2021","status":"publish","type":"post","link":"https:\/\/centcols.org\/backup\/alpes-sud-2021\/","title":{"rendered":"Alpes du Sud, col du Noyer, 28 ao\u00fbt"},"content":{"rendered":"<p>Alpes Sud, Col du Noyer (FR-05-1664)<\/p>\n<h3>Accueil<\/h3>\n<p>A partir de au col \u00e0 partir de 11 h 30 pour le pot de l&#8217;amiti\u00e9<\/p>\n<div id=\"lmm_30d16420\" style=\"width:100%;\" class=\"mapsmarker markermap marker-41\">\n<div id=\"lmm_panel_30d16420\" class=\"lmm-panel\" style=\"background:#efefef;\">\n<div id=\"lmm_panel_api_30d16420\" class=\"lmm-panel-api\"><a href=\"https:\/\/maps.google.com\/maps?daddr=Le+Noyer+Provence-Alpes-C%C3%B4te+d%5C%26%23039%3BAzur%2C+France&amp;t=m&amp;layer=1&amp;doflg=ptk&amp;om=0\" target=\"_blank\" title=\"Obtenir l&#039;itin\u00e9raire\"><img loading=\"lazy\" decoding=\"async\" alt=\"icon-car.png\" src=\"https:\/\/centcols.org\/backup\/wp-content\/plugins\/leaflet-maps-marker\/inc\/img\/icon-car.png\" width=\"14\" height=\"14\" class=\"lmm-panel-api-images\" \/><\/a><\/div><div id=\"lmm_panel_text_30d16420\" class=\"lmm-panel-text\" style=\"font-weight:bold;color:#373737;\">Col du Noyer<\/div><\/div>\n<div id=\"lmm_map_30d16420\" class=\"lmm-map\" style=\"background:#f6f6f6;border:1px solid #ccc;height:480px; overflow:hidden;padding:0;\"><p style=\"font-size:80%;color:#9f9e9e;margin-left:5px;\">chargement de la carte - veuillez patienter...<noscript><br\/><strong>La carte ne peut \u00eatre charg\u00e9e - s'il vous pla\u00eet activer Javascript !<\/strong><br\/><a style=\"text-decoration:none;\" href=\"https:\/\/www.mapsmarker.com\/js-disabled\" target=\"_blank\">&rarr; plus dginformations<\/a><\/noscript><\/p><\/div>\n<div id=\"lmm_geo_tags_30d16420\" class=\"lmm-geo-tags geo\">\n<span class=\"paneltext\">Col du Noyer<\/span>\n<span class=\"latitude\">44.692454<\/span>, <span class=\"longitude\">5.984459<\/span>\n<span class=\"popuptext\"><\/span>\n<\/div>\n<\/div>\n<h3>Contact<\/h3>\n<p>Bernard Henry<br \/>\n<span style=\"font-family: Times New Roman, serif;\"><span style=\"font-size: medium;\"><span style=\"color: #000000;\"><span style=\"font-family: Helvetica, serif;\"><span style=\"font-size: small;\"><span lang=\"en-GB\">+33 4 92 44 09 02\u00a0 &#8211;\u00a0 +33 6 08 74 29 59<br \/>\n<\/span><\/span><\/span><\/span><\/span><\/span><span style=\"font-family: Times New Roman, serif;\"><span style=\"font-size: medium;\"><span style=\"color: #0563c1;\"><u><a href=\"\/D:\/100%20Cols\/Concentrations%20r%C3%A9gionales\/2021\/bernard.henry05@orange.fr\"><span style=\"font-family: Helvetica, serif;\"><span style=\"font-size: small;\"><span lang=\"en-GB\"><a href=\"&#109;a&#105;lto&#58;bern&#97;rd&#46;h&#101;&#110;ry0&#53;&#64;&#111;&#114;a&#110;ge&#46;&#102;&#114;\">b&#101;r&#110;&#97;&#114;&#100;&#46;&#104;&#101;&#110;&#114;&#121;&#48;5&#64;o&#114;&#97;&#110;&#103;e.&#102;&#114;<\/a><\/span><\/span><\/span><\/a><\/u><\/span><\/span><\/span><\/p>\n<p>Jean-Paul Zuanon<br \/>\n<span style=\"font-family: Times New Roman, serif;\"><span style=\"font-size: medium;\"><span style=\"color: #000000;\"><span style=\"font-family: Helvetica, serif;\"><span style=\"font-size: small;\"><span lang=\"en-GB\">+33 4 76 30 49 21\u00a0 &#8211;\u00a0 +33 6 23 95 24 31<br \/>\n<\/span><\/span><\/span><\/span><\/span><\/span><span style=\"font-family: Times New Roman, serif;\"><span style=\"font-size: medium;\"><span style=\"color: #0563c1;\"><u><a href=\"\/D:\/100%20Cols\/Concentrations%20r%C3%A9gionales\/2021\/jpmn.zuanon@orange.fr\"><span style=\"font-family: Helvetica, serif;\"><span style=\"font-size: small;\"><span lang=\"en-GB\"><a href=\"m&#97;&#105;l&#116;&#111;:jp&#109;n.&#122;&#117;&#97;&#110;on&#64;or&#97;n&#103;&#101;&#46;&#102;&#114;\">jpmn.&#122;&#117;&#97;&#110;o&#110;&#64;&#111;&#114;&#97;&#110;&#103;&#101;.fr<\/a><\/span><\/span><\/span><\/a><\/u><\/span><\/span><\/span><\/p>\n<p><span style=\"font-family: Times New Roman, serif;\"><span style=\"font-size: medium;\"><span style=\"color: #000000;\"><span style=\"font-family: Helvetica, serif;\"><span style=\"font-size: small;\"><span lang=\"en-GB\">\u00a0<\/span><\/span><\/span><\/span><\/span><\/span><\/p>\n<p><span style=\"font-family: Times New Roman, serif;\"><span style=\"font-size: medium;\"><span style=\"color: #000000;\"><span style=\"font-family: Helvetica, serif;\"><span style=\"font-size: small;\"><span lang=\"en-GB\">\u00a0<\/span><\/span><\/span><\/span><\/span><\/span><\/p>\n","protected":false},"excerpt":{"rendered":"<p>Alpes Sud, Col du Noyer (FR-05-1664) Accueil A partir de au col \u00e0 partir de 11 h 30 pour le pot de l&#8217;amiti\u00e9 Contact Bernard Henry +33 4 92 44 09 02\u00a0 &#8211;\u00a0 +33 6 08 74 29 59 Jean-Paul Zuanon +33 4 76 30 49 21\u00a0 &#8211;\u00a0 +33 6 23 95 24 31 \u00a0 [&hellip;]<\/p>\n","protected":false},"author":147,"featured_media":0,"comment_status":"closed","ping_status":"closed","sticky":false,"template":"","format":"standard","meta":{"_acf_changed":false,"ub_ctt_via":"","_monsterinsights_skip_tracking":false,"_monsterinsights_sitenote_active":false,"_monsterinsights_sitenote_note":"","_monsterinsights_sitenote_category":0,"footnotes":""},"categories":[442,7],"tags":[],"acf":[],"featured_image_urls":{"full":"","thumbnail":"","medium":"","medium_large":"","large":"","1536x1536":"","2048x2048":"","woocommerce_thumbnail":"","woocommerce_single":"","woocommerce_gallery_thumbnail":""},"post_excerpt_stackable":"<p>Alpes Sud, Col du Noyer (FR-05-1664) Accueil A partir de au col \u00e0 partir de 11 h 30 pour le pot de l&#8217;amiti\u00e9 Col du Noyer chargement de la carte &#8211; veuillez patienter&#8230;La carte ne peut \u00eatre charg\u00e9e &#8211; s&#8217;il vous pla\u00eet activer Javascript !&rarr; plus dginformations Col du Noyer 44.692454, 5.984459 Contact Bernard Henry +33 4 92 44 09 02\u00a0 &#8211;\u00a0 +33 6 08 74 29 59 &#98;e&#114;&#110;a&#114;d.&#104;&#101;n&#114;y&#48;&#53;&#64;o&#114;&#97;ng&#101;&#46;f&#114; Jean-Paul Zuanon +33 4 76 30 49 21\u00a0 &#8211;\u00a0 +33 6 23 95 24 31 &#106;&#112;&#109;n.z&#117;an&#111;n&#64;or&#97;n&#103;&#101;.fr \u00a0 \u00a0<\/p>\n","category_list":"<a href=\"https:\/\/centcols.org\/backup\/categorie\/rassemblements\/les-rassemblements-de-2021\/\" rel=\"category tag\">Les rassemblements de 2021<\/a>, <a href=\"https:\/\/centcols.org\/backup\/categorie\/rassemblements\/\" rel=\"category tag\">Rencontres r\u00e9gionales<\/a>","author_info":{"display_name":"Guy Harl\u00e9","author_link":"https:\/\/centcols.org\/backup\/author\/5193\/"},"comments_num":"0 commentaire","featured_image_urls_v2":{"full":"","thumbnail":"","medium":"","medium_large":"","large":"","1536x1536":"","2048x2048":"","woocommerce_thumbnail":"","woocommerce_single":"","woocommerce_gallery_thumbnail":""},"post_excerpt_stackable_v2":"<p>Alpes Sud, Col du Noyer (FR-05-1664) Accueil A partir de au col \u00e0 partir de 11 h 30 pour le pot de l&#8217;amiti\u00e9 Col du Noyer chargement de la carte &#8211; veuillez patienter&#8230;La carte ne peut \u00eatre charg\u00e9e &#8211; s&#8217;il vous pla\u00eet activer Javascript !&rarr; plus dginformations Col du Noyer 44.692454, 5.984459 Contact Bernard Henry +33 4 92 44 09 02\u00a0 &#8211;\u00a0 +33 6 08 74 29 59 berna&#114;d&#46;&#104;e&#110;r&#121;05&#64;&#111;&#114;a&#110;g&#101;&#46;&#102;r Jean-Paul Zuanon +33 4 76 30 49 21\u00a0 &#8211;\u00a0 +33 6 23 95 24 31 jpmn&#46;z&#117;a&#110;on&#64;or&#97;&#110;&#103;e.f&#114; \u00a0 \u00a0<\/p>\n","category_list_v2":"<a href=\"https:\/\/centcols.org\/backup\/categorie\/rassemblements\/les-rassemblements-de-2021\/\" rel=\"category tag\">Les rassemblements de 2021<\/a>, <a href=\"https:\/\/centcols.org\/backup\/categorie\/rassemblements\/\" rel=\"category tag\">Rencontres r\u00e9gionales<\/a>","author_info_v2":{"name":"Guy Harl\u00e9","url":"https:\/\/centcols.org\/backup\/author\/5193\/"},"comments_num_v2":"0 commentaire","featured_image_src":null,"_links":{"self":[{"href":"https:\/\/centcols.org\/backup\/wp-json\/wp\/v2\/posts\/56831"}],"collection":[{"href":"https:\/\/centcols.org\/backup\/wp-json\/wp\/v2\/posts"}],"about":[{"href":"https:\/\/centcols.org\/backup\/wp-json\/wp\/v2\/types\/post"}],"author":[{"embeddable":true,"href":"https:\/\/centcols.org\/backup\/wp-json\/wp\/v2\/users\/147"}],"replies":[{"embeddable":true,"href":"https:\/\/centcols.org\/backup\/wp-json\/wp\/v2\/comments?post=56831"}],"version-history":[{"count":0,"href":"https:\/\/centcols.org\/backup\/wp-json\/wp\/v2\/posts\/56831\/revisions"}],"wp:attachment":[{"href":"https:\/\/centcols.org\/backup\/wp-json\/wp\/v2\/media?parent=56831"}],"wp:term":[{"taxonomy":"category","embeddable":true,"href":"https:\/\/centcols.org\/backup\/wp-json\/wp\/v2\/categories?post=56831"},{"taxonomy":"post_tag","embeddable":true,"href":"https:\/\/centcols.org\/backup\/wp-json\/wp\/v2\/tags?post=56831"}],"curies":[{"name":"wp","href":"https:\/\/api.w.org\/{rel}","templated":true}]}}