{"id":57096,"date":"2021-03-26T09:45:40","date_gmt":"2021-03-26T08:45:40","guid":{"rendered":"https:\/\/centcols.org\/backup\/?p=57096"},"modified":"2023-01-06T18:22:16","modified_gmt":"2023-01-06T17:22:16","slug":"cyclanet64","status":"publish","type":"post","link":"https:\/\/centcols.org\/backup\/cyclanet64\/","title":{"rendered":"Publication Cycl@net N\u00b064 de la FFCT, mars 2021"},"content":{"rendered":"<p>On parle du Club des cent Cols dans la brochure Cycl@net n\u00b064 de mars 2021 de la FFCT, \u00e0 propos du site veloenfrance.fr maintenant enrichi des cols cyclables reconnus par notre club.<\/p>\n<p><a href=\"http:\/\/link.newsletters.ffvelo.fr\/T\/OFSYS\/SM3\/1469\/2\/S\/F\/17265511\/307592\/Nk1UZvJA.html\" target=\"_blank\" rel=\"noopener\">Acc\u00e9der \u00e0 Cyl@net<\/a><\/p>\n<p>\u00a0<\/p>\n\n\n<p>&nbsp;<\/p>\n","protected":false},"excerpt":{"rendered":"<p>On parle du Club des cent Cols dans la brochure Cycl@net n\u00b064 de mars 2021 de la FFCT, \u00e0 propos du site veloenfrance.fr maintenant enrichi des cols cyclables reconnus par notre club. Acc\u00e9der \u00e0 Cyl@net \u00a0 &nbsp;<\/p>\n","protected":false},"author":147,"featured_media":0,"comment_status":"closed","ping_status":"closed","sticky":false,"template":"","format":"standard","meta":{"_acf_changed":false,"ub_ctt_via":"","_monsterinsights_skip_tracking":false,"_monsterinsights_sitenote_active":false,"_monsterinsights_sitenote_note":"","_monsterinsights_sitenote_category":0,"footnotes":""},"categories":[471],"tags":[],"acf":[],"featured_image_urls":{"full":"","thumbnail":"","medium":"","medium_large":"","large":"","1536x1536":"","2048x2048":"","woocommerce_thumbnail":"","woocommerce_single":"","woocommerce_gallery_thumbnail":""},"post_excerpt_stackable":"<p>On parle du Club des cent Cols dans la brochure Cycl@net n\u00b064 de mars 2021 de la FFCT, \u00e0 propos du site veloenfrance.fr maintenant enrichi des cols cyclables reconnus par notre club. Acc\u00e9der \u00e0 Cyl@net \u00a0 &nbsp;<\/p>\n","category_list":"<a href=\"https:\/\/centcols.org\/backup\/categorie\/articles-de-presse\/2021\/\" rel=\"category tag\">2021<\/a>","author_info":{"display_name":"Guy Harl\u00e9","author_link":"https:\/\/centcols.org\/backup\/author\/5193\/"},"comments_num":"0 commentaire","featured_image_urls_v2":{"full":"","thumbnail":"","medium":"","medium_large":"","large":"","1536x1536":"","2048x2048":"","woocommerce_thumbnail":"","woocommerce_single":"","woocommerce_gallery_thumbnail":""},"post_excerpt_stackable_v2":"<p>On parle du Club des cent Cols dans la brochure Cycl@net n\u00b064 de mars 2021 de la FFCT, \u00e0 propos du site veloenfrance.fr maintenant enrichi des cols cyclables reconnus par notre club. Acc\u00e9der \u00e0 Cyl@net \u00a0 &nbsp;<\/p>\n","category_list_v2":"<a href=\"https:\/\/centcols.org\/backup\/categorie\/articles-de-presse\/2021\/\" rel=\"category tag\">2021<\/a>","author_info_v2":{"name":"Guy Harl\u00e9","url":"https:\/\/centcols.org\/backup\/author\/5193\/"},"comments_num_v2":"0 commentaire","featured_image_src":null,"_links":{"self":[{"href":"https:\/\/centcols.org\/backup\/wp-json\/wp\/v2\/posts\/57096"}],"collection":[{"href":"https:\/\/centcols.org\/backup\/wp-json\/wp\/v2\/posts"}],"about":[{"href":"https:\/\/centcols.org\/backup\/wp-json\/wp\/v2\/types\/post"}],"author":[{"embeddable":true,"href":"https:\/\/centcols.org\/backup\/wp-json\/wp\/v2\/users\/147"}],"replies":[{"embeddable":true,"href":"https:\/\/centcols.org\/backup\/wp-json\/wp\/v2\/comments?post=57096"}],"version-history":[{"count":0,"href":"https:\/\/centcols.org\/backup\/wp-json\/wp\/v2\/posts\/57096\/revisions"}],"wp:attachment":[{"href":"https:\/\/centcols.org\/backup\/wp-json\/wp\/v2\/media?parent=57096"}],"wp:term":[{"taxonomy":"category","embeddable":true,"href":"https:\/\/centcols.org\/backup\/wp-json\/wp\/v2\/categories?post=57096"},{"taxonomy":"post_tag","embeddable":true,"href":"https:\/\/centcols.org\/backup\/wp-json\/wp\/v2\/tags?post=57096"}],"curies":[{"name":"wp","href":"https:\/\/api.w.org\/{rel}","templated":true}]}}