{"id":57348,"date":"2021-05-03T18:58:43","date_gmt":"2021-05-03T16:58:43","guid":{"rendered":"https:\/\/centcols.org\/backup\/?p=57348"},"modified":"2021-05-26T20:15:14","modified_gmt":"2021-05-26T18:15:14","slug":"cent-cols-routiers-en-foret-noire","status":"publish","type":"post","link":"https:\/\/centcols.org\/backup\/cent-cols-routiers-en-foret-noire\/","title":{"rendered":"Cent cols routiers en For\u00eat Noire"},"content":{"rendered":"\n<h2>Pr\u00e9sentation<\/h2>\n\n\n\n<p>Circuit routier de 860 km au d\u00e9part de Baden-Baden, en For\u00eat Noire (Allemagne), comprenant une d\u00e9nivellation de 20 800 m et le passage de 107 cols, plus 9 en option.<\/p>\n\n\n\n<p>Trac\u00e9 par Alain Brault (CC 3693)<\/p>\n\n\n\n<p><a href=\"\/rando_perm\/inscription.php?rando=fnr\" target=\"_blank\" rel=\"noreferrer noopener\">Bulletin d\u2019inscription<\/a><\/p>\n\n\n<h2>Parcours<\/h2>\n<p><iframe loading=\"lazy\" src=\"\/rando_perm\/carto\/mbtrp.php?rp=fnr\" width=\"800\" height=\"600\"><\/iframe><\/p>\n<p>Des fichiers de g\u00e9olocalisation (GPX) sont mis \u00e0 disposition des inscrits.<\/p>\n<p style=\"text-align: justify;\"><a class=\"fancybox\" href=\"\/rando_perm\/fnr\/fnr-profil.png\" rel=\"noopener noreferrer\">Profil<\/a><\/p>\n\n\n<h2>Th\u00e8me<\/h2>\n\n\n\n<p>Le club des Cent Cols, fond\u00e9 en 1972, affili\u00e9 \u00e0 la F\u00e9d\u00e9ration Fran\u00e7aise de V\u00e9lo sous le n\u00b0 6384, vous propose cette randonn\u00e9e permanente bas\u00e9e sur un th\u00e8me simple&nbsp;: Cent cols<\/p>\n\n\n\n<p>Cent cols, soit pour vous permettre d\u2019int\u00e9grer la Confr\u00e9rie du Club des Cent Cols, soit pour vous permettre de progresser dans le \u00ab&nbsp;Tableau d\u2019Honneur&nbsp;\u00bb de la Confr\u00e9rie, de toute fa\u00e7on pour vous faire d\u00e9couvrir ou red\u00e9couvrir la For\u00eat-Noire et les plaisirs de la route en moyenne montagne.<\/p>\n\n\n\n<p>Cent cols qui vous permettront de r\u00e9aliser une randonn\u00e9e cycliste routi\u00e8re pour partir \u00e0 la d\u00e9couverte de la For\u00eat-Noire avec des paysages, des villages de charme, des lacs et des sommets de renom.<\/p>\n\n\n\n<h2>Contr\u00f4les<\/h2>\n\n\n\n<p>Dix contr\u00f4les sont obligatoires&nbsp;: ils seront effectu\u00e9s en des points de parcours choisis par le randonneur lui-m\u00eame, un contr\u00f4le \u00e9tant effectu\u00e9 dans chaque secteur (les num\u00e9ros de secteurs sont \u00e0 reporter sur la carte de route).<\/p>\n\n\n\n<p>* Baden \u2013 Oppenau<\/p>\n\n\n\n<p>* Oppenau \u2013 Wolfach<\/p>\n\n\n\n<p>* Wolfach &#8211; Sankt Georgen<\/p>\n\n\n\n<p>* Sankt Georgen &#8211; Titisee<\/p>\n\n\n\n<p>* Titisee &#8211; Todtmoos<\/p>\n\n\n\n<p>* Todtmoos \u2013 L\u00f6rrach<\/p>\n\n\n\n<p>* L\u00f6rrach &#8211; Sch\u00f6nau im Schwarzwald<\/p>\n\n\n\n<p>* Sch\u00f6nau im Schwartzwald &#8211; Sankt Peter<\/p>\n\n\n\n<p>* Sankt Peter \u2013 Biberach<\/p>\n\n\n\n<p>* Biberach \u2013 Baden<\/p>\n\n\n\n<h2>Principaux cols remarquables<\/h2>\n\n\n\n<p>Gr\u00fcblesattel&nbsp;DE-BW-1419<\/p>\n\n\n\n<p>Feldbergpass DE-BW-1231<\/p>\n\n\n\n<p>Kandelpass DE-BW-1204<\/p>\n\n\n\n<p>Wiedener Eck DE-BW-1035<\/p>\n\n\n\n<p>Grieshabereck&nbsp;DE-BW-1010<\/p>\n\n\n\n<p>Passh\u00f6he Rotkreuz DE-BW-1000<\/p>\n\n\n\n<p>Kohlgrube DE-BW-0998<\/p>\n\n\n\n<p>Wilhelmsh\u00f6he DE-BW-0975<\/p>\n\n\n\n<h2>R\u00e8gle du jeu des randonn\u00e9es permanentes<\/h2>\n\n\n\n<p>Tout participant \u00e0 cette randonn\u00e9e permanente s\u2019engage \u00e0 respecter la <a href=\"https:\/\/centcols.org\/backup\/rdj-randonnees-permanentes\/\">r\u00e8gle du jeu<\/a> la r\u00e9gissant.<\/p>\n\n\n\n<h2>Pour plus d&#8217;information<\/h2>\n\n\n\n<h3 class=\"wp-block-heading\">S&#8217;adresser au responsable des randonn\u00e9es permanentes<\/h3>\n\n\n\n<p>Jean-Marc CLEMENT<br>10 rue de Normandie<br>31120 Portet sur Garonne<br>FRANCE<\/p>\n\n\n\n<p>T\u00e9l : +33 (0)5 61 76 30 12<br>E-mail : <a href=\"mailto:randos@centcols.net\">randos@centcols.net<\/a><\/p>\n\n\n\n<p><strong>Attention : Veuillez envoyer vos cartes de route \u00e0 homologuer ainsi que vos cartes postales et vos r\u00e9cits de voyage uniquement au responsable actuel, quoi que vous trouviez comme ancienne information (donc ne pas \u00e9crire \u00e0 Roger Colombo, Bernard Pommel, Jean-Marc Lef\u00e8vre ou Roland Grimaud \u2020).<\/strong><\/p>\n","protected":false},"excerpt":{"rendered":"<p>Pr\u00e9sentation Circuit routier de 860 km au d\u00e9part de Baden-Baden, en For\u00eat Noire (Allemagne), comprenant une d\u00e9nivellation de 20 800 m et le passage de 107 cols, plus 9 en option. Trac\u00e9 par Alain Brault (CC 3693) Bulletin d\u2019inscription Parcours Des fichiers de g\u00e9olocalisation (GPX) sont mis \u00e0 disposition des inscrits. Profil Th\u00e8me Le club [&hellip;]<\/p>\n","protected":false},"author":16,"featured_media":0,"comment_status":"closed","ping_status":"closed","sticky":false,"template":"","format":"standard","meta":{"_acf_changed":false,"ub_ctt_via":"","_monsterinsights_skip_tracking":false,"_monsterinsights_sitenote_active":false,"_monsterinsights_sitenote_note":"","_monsterinsights_sitenote_category":0,"footnotes":""},"categories":[39],"tags":[],"acf":[],"featured_image_urls":{"full":"","thumbnail":"","medium":"","medium_large":"","large":"","1536x1536":"","2048x2048":"","woocommerce_thumbnail":"","woocommerce_single":"","woocommerce_gallery_thumbnail":""},"post_excerpt_stackable":"<p>Pr\u00e9sentation Circuit routier de 860 km au d\u00e9part de Baden-Baden, en For\u00eat Noire (Allemagne), comprenant une d\u00e9nivellation de 20 800 m et le passage de 107 cols, plus 9 en option. Trac\u00e9 par Alain Brault (CC 3693) Bulletin d\u2019inscription Parcours Des fichiers de g\u00e9olocalisation (GPX) sont mis \u00e0 disposition des inscrits. Profil Th\u00e8me Le club des Cent Cols, fond\u00e9 en 1972, affili\u00e9 \u00e0 la F\u00e9d\u00e9ration Fran\u00e7aise de V\u00e9lo sous le n\u00b0 6384, vous propose cette randonn\u00e9e permanente bas\u00e9e sur un th\u00e8me simple&nbsp;: Cent cols Cent cols, soit pour vous permettre d\u2019int\u00e9grer la Confr\u00e9rie du Club des Cent Cols, soit pour\u2026<\/p>\n","category_list":"<a href=\"https:\/\/centcols.org\/backup\/categorie\/randonnees-permanentes\/\" rel=\"category tag\">Randonn\u00e9es permanentes<\/a>","author_info":{"display_name":"Daniel Bossard","author_link":"https:\/\/centcols.org\/backup\/author\/6053\/"},"comments_num":"0 commentaire","featured_image_urls_v2":{"full":"","thumbnail":"","medium":"","medium_large":"","large":"","1536x1536":"","2048x2048":"","woocommerce_thumbnail":"","woocommerce_single":"","woocommerce_gallery_thumbnail":""},"post_excerpt_stackable_v2":"<p>Pr\u00e9sentation Circuit routier de 860 km au d\u00e9part de Baden-Baden, en For\u00eat Noire (Allemagne), comprenant une d\u00e9nivellation de 20 800 m et le passage de 107 cols, plus 9 en option. Trac\u00e9 par Alain Brault (CC 3693) Bulletin d\u2019inscription Parcours Des fichiers de g\u00e9olocalisation (GPX) sont mis \u00e0 disposition des inscrits. Profil Th\u00e8me Le club des Cent Cols, fond\u00e9 en 1972, affili\u00e9 \u00e0 la F\u00e9d\u00e9ration Fran\u00e7aise de V\u00e9lo sous le n\u00b0 6384, vous propose cette randonn\u00e9e permanente bas\u00e9e sur un th\u00e8me simple&nbsp;: Cent cols Cent cols, soit pour vous permettre d\u2019int\u00e9grer la Confr\u00e9rie du Club des Cent Cols, soit pour\u2026<\/p>\n","category_list_v2":"<a href=\"https:\/\/centcols.org\/backup\/categorie\/randonnees-permanentes\/\" rel=\"category tag\">Randonn\u00e9es permanentes<\/a>","author_info_v2":{"name":"Daniel Bossard","url":"https:\/\/centcols.org\/backup\/author\/6053\/"},"comments_num_v2":"0 commentaire","featured_image_src":null,"_links":{"self":[{"href":"https:\/\/centcols.org\/backup\/wp-json\/wp\/v2\/posts\/57348"}],"collection":[{"href":"https:\/\/centcols.org\/backup\/wp-json\/wp\/v2\/posts"}],"about":[{"href":"https:\/\/centcols.org\/backup\/wp-json\/wp\/v2\/types\/post"}],"author":[{"embeddable":true,"href":"https:\/\/centcols.org\/backup\/wp-json\/wp\/v2\/users\/16"}],"replies":[{"embeddable":true,"href":"https:\/\/centcols.org\/backup\/wp-json\/wp\/v2\/comments?post=57348"}],"version-history":[{"count":0,"href":"https:\/\/centcols.org\/backup\/wp-json\/wp\/v2\/posts\/57348\/revisions"}],"wp:attachment":[{"href":"https:\/\/centcols.org\/backup\/wp-json\/wp\/v2\/media?parent=57348"}],"wp:term":[{"taxonomy":"category","embeddable":true,"href":"https:\/\/centcols.org\/backup\/wp-json\/wp\/v2\/categories?post=57348"},{"taxonomy":"post_tag","embeddable":true,"href":"https:\/\/centcols.org\/backup\/wp-json\/wp\/v2\/tags?post=57348"}],"curies":[{"name":"wp","href":"https:\/\/api.w.org\/{rel}","templated":true}]}}