{"id":57433,"date":"2021-06-06T16:15:39","date_gmt":"2021-06-06T14:15:39","guid":{"rendered":"https:\/\/centcols.org\/backup\/?p=57433"},"modified":"2023-05-21T09:31:56","modified_gmt":"2023-05-21T07:31:56","slug":"sejour-ete-2021-meolans-revel","status":"publish","type":"post","link":"https:\/\/centcols.org\/backup\/sejour-ete-2021-meolans-revel\/","title":{"rendered":"S\u00e9jour d&#8217;\u00e9t\u00e9 \u00e0 M\u00e9olans-Revel, 04 au 11 septembre 2021"},"content":{"rendered":"<p><span style=\"color: #808080;\">Ont contribu\u00e9 \u00e0 cette page de pr\u00e9sentation du s\u00e9jour Enrico Alberini, Christophe Badonnel, Bernard Giraudeau et les responsables informatiques.<\/span><\/p>\n<div id=\"attachment_57491\" style=\"width: 1210px\" class=\"wp-caption aligncenter\"><img loading=\"lazy\" decoding=\"async\" aria-describedby=\"caption-attachment-57491\" class=\"wp-image-57491 size-large\" src=\"https:\/\/centcols.org\/backup\/wp-content\/uploads\/2021\/05\/barcelonette1-2-1200x900.jpg\" alt=\"Barcelonnette depuis le Belv\u00e8d\u00e8re (\u00a9 Kris Claeys\" width=\"1200\" height=\"900\" srcset=\"https:\/\/centcols.org\/backup\/wp-content\/uploads\/2021\/05\/barcelonette1-2-1200x900.jpg 1200w, https:\/\/centcols.org\/backup\/wp-content\/uploads\/2021\/05\/barcelonette1-2-500x375.jpg 500w, https:\/\/centcols.org\/backup\/wp-content\/uploads\/2021\/05\/barcelonette1-2-768x576.jpg 768w, https:\/\/centcols.org\/backup\/wp-content\/uploads\/2021\/05\/barcelonette1-2-1536x1152.jpg 1536w, https:\/\/centcols.org\/backup\/wp-content\/uploads\/2021\/05\/barcelonette1-2-600x450.jpg 600w, https:\/\/centcols.org\/backup\/wp-content\/uploads\/2021\/05\/barcelonette1-2.jpg 1365w\" sizes=\"(max-width: 1200px) 100vw, 1200px\" \/><p id=\"caption-attachment-57491\" class=\"wp-caption-text\">Barcelonnette depuis le Belv\u00e8d\u00e8re (\u00a9 Kris Claeys)<\/p><\/div>\n<p><img loading=\"lazy\" decoding=\"async\" class=\"aligncenter wp-image-57479 size-large\" src=\"https:\/\/centcols.org\/backup\/wp-content\/uploads\/2021\/05\/barcelonette2-1200x900.jpg\" alt=\"\" width=\"1200\" height=\"900\" srcset=\"https:\/\/centcols.org\/backup\/wp-content\/uploads\/2021\/05\/barcelonette2-1200x900.jpg 1200w, https:\/\/centcols.org\/backup\/wp-content\/uploads\/2021\/05\/barcelonette2-500x375.jpg 500w, https:\/\/centcols.org\/backup\/wp-content\/uploads\/2021\/05\/barcelonette2-768x576.jpg 768w, https:\/\/centcols.org\/backup\/wp-content\/uploads\/2021\/05\/barcelonette2-1536x1152.jpg 1536w, https:\/\/centcols.org\/backup\/wp-content\/uploads\/2021\/05\/barcelonette2-600x450.jpg 600w, https:\/\/centcols.org\/backup\/wp-content\/uploads\/2021\/05\/barcelonette2.jpg 1365w\" sizes=\"(max-width: 1200px) 100vw, 1200px\" \/><\/p>\n<p><span style=\"color: #000000;\"><br \/>\nLe s\u00e9jour d\u2019\u00e9t\u00e9 2021 se d\u00e9roulera du 04 au 11 septembre dans le d\u00e9partement des Alpes de Haute Provence, plus pr\u00e9cis\u00e9ment \u00e0 M\u00e9olans-Revel. Il a \u00e9t\u00e9 pr\u00e9par\u00e9 par une petite \u00e9quipe locale : Paulette Autric, Robert Yonnet et Philippe Fee.<br \/>\n<\/span><\/p>\n<div id=\"lmm_b364f32c\" style=\"width:100%;\" class=\"mapsmarker markermap marker-44\">\n<div id=\"lmm_panel_b364f32c\" class=\"lmm-panel\" style=\"background:#efefef;\">\n<div id=\"lmm_panel_api_b364f32c\" class=\"lmm-panel-api\"><a href=\"https:\/\/maps.google.com\/maps?daddr=Village+Vacances+Cap+France+Lou+Rioclar&amp;t=m&amp;layer=1&amp;doflg=ptk&amp;om=0\" target=\"_blank\" title=\"Obtenir l&#039;itin\u00e9raire\"><img loading=\"lazy\" decoding=\"async\" alt=\"icon-car.png\" src=\"https:\/\/centcols.org\/backup\/wp-content\/plugins\/leaflet-maps-marker\/inc\/img\/icon-car.png\" width=\"14\" height=\"14\" class=\"lmm-panel-api-images\" \/><\/a><\/div><div id=\"lmm_panel_text_b364f32c\" class=\"lmm-panel-text\" style=\"font-weight:bold;color:#373737;\">M\u00e9olans-Revel<\/div><\/div>\n<div id=\"lmm_map_b364f32c\" class=\"lmm-map\" style=\"background:#f6f6f6;border:1px solid #ccc;height:480px; overflow:hidden;padding:0;\"><p style=\"font-size:80%;color:#9f9e9e;margin-left:5px;\">chargement de la carte - veuillez patienter...<noscript><br\/><strong>La carte ne peut \u00eatre charg\u00e9e - s'il vous pla\u00eet activer Javascript !<\/strong><br\/><a style=\"text-decoration:none;\" href=\"https:\/\/www.mapsmarker.com\/js-disabled\" target=\"_blank\">&rarr; plus dginformations<\/a><\/noscript><\/p><\/div>\n<div id=\"lmm_geo_tags_b364f32c\" class=\"lmm-geo-tags geo\">\n<span class=\"paneltext\">M\u00e9olans-Revel<\/span>\n<span class=\"latitude\">44.409505<\/span>, <span class=\"longitude\">6.523122<\/span>\n<span class=\"popuptext\"><\/span>\n<\/div>\n<\/div>\n<p><span style=\"color: #000000;\">M\u00e9olans-Revel est situ\u00e9 \u00e0 proximit\u00e9 de Barcelonnette dans la vall\u00e9e de l&#8217;Ubaye.<br \/>\n<\/span><\/p>\n<p><span style=\"color: #000000;\">Nous s\u00e9journerons dans le village vacances Cap France, Lou Riouclar situ\u00e9 \u00e0 1270 m\u00e8tres.<\/span><\/p>\n<p><span style=\"color: #000000;\">Vous trouverez ci-dessous les rubriques :<\/span><\/p>\n<ul>\n<li><span style=\"color: #000000;\">Pr\u00e9sentation de la r\u00e9gion<\/span><\/li>\n<li>Les circuits, <a href=\"\/membres\/cctours\/tours.php?lieu=M\u00e9olans&amp;an=2021&amp;genre=R\" target=\"_blank\" rel=\"noopener\">routiers<\/a> et <a href=\"\/membres\/cctours\/tours.php?lieu=M\u00e9olans&amp;an=2021&amp;genre=V\" target=\"_blank\" rel=\"noopener\">VTT<\/a><\/li>\n<li><span style=\"color: #000000;\">H\u00e9bergement<\/span><\/li>\n<li><span style=\"color: #000000;\">Note du Conseil d&#8217;Administration<\/span><\/li>\n<li><span style=\"color: #000000;\">Inscriptions<\/span><\/li>\n<li><span style=\"color: #000000;\">Autres activit\u00e9s ou visites\u00a0 \u00a0<\/span><\/li>\n<\/ul>\n<p><span style=\"color: #ff0000;\"><strong>Quelques \u00e9l\u00e9ments pour l&#8217;arriv\u00e9e, le s\u00e9jour et les consignes COVID-19 :<\/strong><\/span><\/p>\n<p><strong><u>Attention COVID-19 :<\/u><\/strong><\/p>\n<p>Conditions d&#8217;acc\u00e8s \u00e0 l&#8217;\u00e9tablissement : pour l&#8217;instant, aucune condition n&#8217;est requise par l&#8217;\u00e9tablissement qui nous accueille (test PCR ou certificat de vaccination).<\/p>\n<p><span style=\"color: #ff0000;\">Le directeur du centre m&#8217;a inform\u00e9 ce jour qu&#8217;\u00e0 partir du 07 ao\u00fbt, la pr\u00e9sentation du pass sanitaire sera demand\u00e9 pour acc\u00e9der \u00e0 son \u00e9tablissement.<\/span><\/p>\n<p><span style=\"color: #ff0000;\">Le 04 septembre 2021, \u00e0 votre arriv\u00e9e, l&#8217;h\u00e9bergeur contr\u00f4lera votre pass sanitaire.<\/span><\/p>\n<p><span style=\"color: #ff0000;\">Quelles sont les preuves ? (sources gouvernementales)<\/span><\/p>\n<p><span style=\"color: #ff0000;\">1 la vaccination, \u00e0 la condition que les personnes disposent d&#8217;un sch\u00e9ma vaccinal complet et du d\u00e9lai n\u00e9cessaire post injection finale, soit :\u00a0 <\/span><\/p>\n<ul>\n<li><span style=\"color: #ff0000;\">7 jours apr\u00e8s la deuxi\u00e8me injection pour les vaccins \u00e0 double injection (Pfizer, Moderna, AstraZeneca);<\/span><\/li>\n<li><span style=\"color: #ff0000;\">4 semaines apr\u00e8s l&#8217;injection pour les vaccins avec une seule injection (Johnson \u00a7 Johnson de Janssen);<\/span><\/li>\n<li><span style=\"color: #ff0000;\">7 jours apr\u00e8s l&#8217;injection pour les vaccins chez les personnes ayant eu un ant\u00e9c\u00e9dent de Covid (une seule injection)<\/span><\/li>\n<\/ul>\n<p><span style=\"color: #ff0000;\">2 la preuve d&#8217;un test n\u00e9gatif de moins de 48 heures.<\/span><\/p>\n<p><span style=\"color: #ff0000;\">Le contr\u00f4le du pass sanitaire se fera uniquement lors de votre arriv\u00e9e et le test PCR restera valable pour toute la dur\u00e9e de votre s\u00e9jour.<\/span><\/p>\n<p>Le port du masque est obligatoire dans l&#8217;enceinte du village vacances, veillez \u00e0 vous en munir en nombre suffisant pour le s\u00e9jour.<\/p>\n<p><strong><u>V\u00e9locistes :<br \/>\n<\/u><\/strong><strong>Cycle Ubaye Sport<br \/>\n<\/strong>ZAC du Pont Long<br \/>\n04400 Barcelonnette<br \/>\n<a href=\"https:\/\/www.google.com\/search?sxsrf=ALeKk02tt83ZcWn0siBzv6sRSzKetPxvGA%3A1592830042786&amp;ei=WqjwXqrEL4Oca4bJosgG&amp;q=loisir+vtt+pollionnay&amp;oq=loisir+vtt+pollionnay&amp;gs_lcp=CgZwc3ktYWIQARgAMgIIADIGCAAQFhAeMgYIABAWEB4yAggmOgQIIxAnOgQIABBDOgUIABCDAToFCAAQsQM6BwgAEBQQhwI6BggAEAoQQzoHCAAQQxCLAzoFCAAQiwM6CAgAEIMBEIsDOgoIABCxAxBDEIsDOgoIABAUEIcCEIsDUIiZDVjFxQ1gt-ENaABwAHgAgAG2AYgB5BCSAQQxNC43mAEAoAEBqgEHZ3dzLXdpergBAg&amp;sclient=psy-ab\">04 92 34 36 15<\/a><br \/>\nouvert du mardi au samedi 08h00 &#8211; 12h00 et 14h00 &#8211; 19h00<\/p>\n","protected":false},"excerpt":{"rendered":"<p>Ont contribu\u00e9 \u00e0 cette page de pr\u00e9sentation du s\u00e9jour Enrico Alberini, Christophe Badonnel, Bernard Giraudeau et les responsables informatiques. Le s\u00e9jour d\u2019\u00e9t\u00e9 2021 se d\u00e9roulera du 04 au 11 septembre dans le d\u00e9partement des Alpes de Haute Provence, plus pr\u00e9cis\u00e9ment \u00e0 M\u00e9olans-Revel. Il a \u00e9t\u00e9 pr\u00e9par\u00e9 par une petite \u00e9quipe locale : Paulette Autric, Robert [&hellip;]<\/p>\n","protected":false},"author":75,"featured_media":0,"comment_status":"closed","ping_status":"closed","sticky":false,"template":"","format":"standard","meta":{"_acf_changed":false,"ub_ctt_via":"","_monsterinsights_skip_tracking":false,"_monsterinsights_sitenote_active":false,"_monsterinsights_sitenote_note":"","_monsterinsights_sitenote_category":0,"footnotes":""},"categories":[35],"tags":[],"acf":[],"featured_image_urls":{"full":"","thumbnail":"","medium":"","medium_large":"","large":"","1536x1536":"","2048x2048":"","woocommerce_thumbnail":"","woocommerce_single":"","woocommerce_gallery_thumbnail":""},"post_excerpt_stackable":"<p>Ont contribu\u00e9 \u00e0 cette page de pr\u00e9sentation du s\u00e9jour Enrico Alberini, Christophe Badonnel, Bernard Giraudeau et les responsables informatiques. Barcelonnette depuis le Belv\u00e8d\u00e8re (\u00a9 Kris Claeys) Le s\u00e9jour d\u2019\u00e9t\u00e9 2021 se d\u00e9roulera du 04 au 11 septembre dans le d\u00e9partement des Alpes de Haute Provence, plus pr\u00e9cis\u00e9ment \u00e0 M\u00e9olans-Revel. Il a \u00e9t\u00e9 pr\u00e9par\u00e9 par une petite \u00e9quipe locale : Paulette Autric, Robert Yonnet et Philippe Fee. M\u00e9olans-Revel chargement de la carte &#8211; veuillez patienter&#8230;La carte ne peut \u00eatre charg\u00e9e &#8211; s&#8217;il vous pla\u00eet activer Javascript !&rarr; plus dginformations M\u00e9olans-Revel 44.409505, 6.523122 M\u00e9olans-Revel est situ\u00e9 \u00e0 proximit\u00e9 de Barcelonnette dans la\u2026<\/p>\n","category_list":"<a href=\"https:\/\/centcols.org\/backup\/categorie\/sejours\/\" rel=\"category tag\">S\u00e9jours<\/a>","author_info":{"display_name":"Christophe Badonnel","author_link":"https:\/\/centcols.org\/backup\/author\/5799\/"},"comments_num":"0 commentaire","featured_image_urls_v2":{"full":"","thumbnail":"","medium":"","medium_large":"","large":"","1536x1536":"","2048x2048":"","woocommerce_thumbnail":"","woocommerce_single":"","woocommerce_gallery_thumbnail":""},"post_excerpt_stackable_v2":"<p>Ont contribu\u00e9 \u00e0 cette page de pr\u00e9sentation du s\u00e9jour Enrico Alberini, Christophe Badonnel, Bernard Giraudeau et les responsables informatiques. Barcelonnette depuis le Belv\u00e8d\u00e8re (\u00a9 Kris Claeys) Le s\u00e9jour d\u2019\u00e9t\u00e9 2021 se d\u00e9roulera du 04 au 11 septembre dans le d\u00e9partement des Alpes de Haute Provence, plus pr\u00e9cis\u00e9ment \u00e0 M\u00e9olans-Revel. Il a \u00e9t\u00e9 pr\u00e9par\u00e9 par une petite \u00e9quipe locale : Paulette Autric, Robert Yonnet et Philippe Fee. M\u00e9olans-Revel chargement de la carte &#8211; veuillez patienter&#8230;La carte ne peut \u00eatre charg\u00e9e &#8211; s&#8217;il vous pla\u00eet activer Javascript !&rarr; plus dginformations M\u00e9olans-Revel 44.409505, 6.523122 M\u00e9olans-Revel est situ\u00e9 \u00e0 proximit\u00e9 de Barcelonnette dans la\u2026<\/p>\n","category_list_v2":"<a href=\"https:\/\/centcols.org\/backup\/categorie\/sejours\/\" rel=\"category tag\">S\u00e9jours<\/a>","author_info_v2":{"name":"Christophe Badonnel","url":"https:\/\/centcols.org\/backup\/author\/5799\/"},"comments_num_v2":"0 commentaire","featured_image_src":null,"_links":{"self":[{"href":"https:\/\/centcols.org\/backup\/wp-json\/wp\/v2\/posts\/57433"}],"collection":[{"href":"https:\/\/centcols.org\/backup\/wp-json\/wp\/v2\/posts"}],"about":[{"href":"https:\/\/centcols.org\/backup\/wp-json\/wp\/v2\/types\/post"}],"author":[{"embeddable":true,"href":"https:\/\/centcols.org\/backup\/wp-json\/wp\/v2\/users\/75"}],"replies":[{"embeddable":true,"href":"https:\/\/centcols.org\/backup\/wp-json\/wp\/v2\/comments?post=57433"}],"version-history":[{"count":0,"href":"https:\/\/centcols.org\/backup\/wp-json\/wp\/v2\/posts\/57433\/revisions"}],"wp:attachment":[{"href":"https:\/\/centcols.org\/backup\/wp-json\/wp\/v2\/media?parent=57433"}],"wp:term":[{"taxonomy":"category","embeddable":true,"href":"https:\/\/centcols.org\/backup\/wp-json\/wp\/v2\/categories?post=57433"},{"taxonomy":"post_tag","embeddable":true,"href":"https:\/\/centcols.org\/backup\/wp-json\/wp\/v2\/tags?post=57433"}],"curies":[{"name":"wp","href":"https:\/\/api.w.org\/{rel}","templated":true}]}}