{"id":58922,"date":"2021-07-10T08:10:55","date_gmt":"2021-07-10T06:10:55","guid":{"rendered":"https:\/\/centcols.org\/backup\/?p=58922"},"modified":"2023-05-21T09:19:42","modified_gmt":"2023-05-21T07:19:42","slug":"sejour-automne-2021-sainte-maxime","status":"publish","type":"post","link":"https:\/\/centcols.org\/backup\/sejour-automne-2021-sainte-maxime\/","title":{"rendered":"S\u00e9jour d&#8217;automne et Assembl\u00e9e G\u00e9n\u00e9rale \u00e0 Sainte-Maxime (Var), 10 au 14 novembre 2021"},"content":{"rendered":"<p><span style=\"color: #808080;\">Ont contribu\u00e9 \u00e0 cette page de pr\u00e9sentation du s\u00e9jour les responsables informatiques, Bernard Giraudeau, Enrico Alberini et Christophe Badonnel<\/span><\/p>\n<div id=\"lmm_d4bb1be8\" style=\"width:100%;\" class=\"mapsmarker markermap marker-45\">\n<div id=\"lmm_panel_d4bb1be8\" class=\"lmm-panel\" style=\"background:#efefef;\">\n<div id=\"lmm_panel_api_d4bb1be8\" class=\"lmm-panel-api\"><a href=\"https:\/\/maps.google.com\/maps?daddr=VVF+Club+Intense+Golfe+de+Saint-Tropez&amp;t=m&amp;layer=1&amp;doflg=ptk&amp;om=0\" target=\"_blank\" title=\"Obtenir l&#039;itin\u00e9raire\"><img loading=\"lazy\" decoding=\"async\" alt=\"icon-car.png\" src=\"https:\/\/centcols.org\/backup\/wp-content\/plugins\/leaflet-maps-marker\/inc\/img\/icon-car.png\" width=\"14\" height=\"14\" class=\"lmm-panel-api-images\" \/><\/a><\/div><div id=\"lmm_panel_text_d4bb1be8\" class=\"lmm-panel-text\" style=\"font-weight:bold;color:#373737;\"> Sainte-Maxime<\/div><\/div>\n<div id=\"lmm_map_d4bb1be8\" class=\"lmm-map\" style=\"background:#f6f6f6;border:1px solid #ccc;height:480px; overflow:hidden;padding:0;\"><p style=\"font-size:80%;color:#9f9e9e;margin-left:5px;\">chargement de la carte - veuillez patienter...<noscript><br\/><strong>La carte ne peut \u00eatre charg\u00e9e - s'il vous pla\u00eet activer Javascript !<\/strong><br\/><a style=\"text-decoration:none;\" href=\"https:\/\/www.mapsmarker.com\/js-disabled\" target=\"_blank\">&rarr; plus dginformations<\/a><\/noscript><\/p><\/div>\n<div id=\"lmm_geo_tags_d4bb1be8\" class=\"lmm-geo-tags geo\">\n<span class=\"paneltext\"> Sainte-Maxime<\/span>\n<span class=\"latitude\">43.321267<\/span>, <span class=\"longitude\">6.662419<\/span>\n<span class=\"popuptext\"><\/span>\n<\/div>\n<\/div>\n<p><span style=\"color: #000000;\">Vous trouverez ci-dessous les rubriques :<\/span><\/p>\n<ul>\n<li><span style=\"color: #000000;\">Pr\u00e9sentation de la r\u00e9gion<\/span><\/li>\n<li>Les circuits, <a href=\"\/membres\/cctours\/tours.php?lieu=Ste-Maxime&amp;an=2021&amp;genre=R\" target=\"_blank\" rel=\"noopener\" data-wplink-url-error=\"true\">routiers<\/a> et <a href=\"\/membres\/cctours\/tours.php?lieu=Ste-Maxime&amp;an=2021&amp;genre=V\" target=\"_blank\" rel=\"noopener\">VTT<\/a><\/li>\n<li><span style=\"color: #000000;\">H\u00e9bergement<\/span><\/li>\n<li><span style=\"color: #000000;\">Note du Conseil d&#8217;Administration<\/span><\/li>\n<li><span style=\"color: #000000;\">Inscriptions<\/span><\/li>\n<li><span style=\"color: #000000;\">Autres activit\u00e9s ou visites\u00a0 \u00a0<\/span><\/li>\n<\/ul>\n","protected":false},"excerpt":{"rendered":"<p>Ont contribu\u00e9 \u00e0 cette page de pr\u00e9sentation du s\u00e9jour les responsables informatiques, Bernard Giraudeau, Enrico Alberini et Christophe Badonnel Vous trouverez ci-dessous les rubriques : Pr\u00e9sentation de la r\u00e9gion Les circuits, routiers et VTT H\u00e9bergement Note du Conseil d&#8217;Administration Inscriptions Autres activit\u00e9s ou visites\u00a0 \u00a0<\/p>\n","protected":false},"author":75,"featured_media":0,"comment_status":"closed","ping_status":"closed","sticky":false,"template":"","format":"standard","meta":{"_acf_changed":false,"ub_ctt_via":"","_monsterinsights_skip_tracking":false,"_monsterinsights_sitenote_active":false,"_monsterinsights_sitenote_note":"","_monsterinsights_sitenote_category":0,"footnotes":""},"categories":[35],"tags":[],"acf":[],"featured_image_urls":{"full":"","thumbnail":"","medium":"","medium_large":"","large":"","1536x1536":"","2048x2048":"","woocommerce_thumbnail":"","woocommerce_single":"","woocommerce_gallery_thumbnail":""},"post_excerpt_stackable":"<p>Ont contribu\u00e9 \u00e0 cette page de pr\u00e9sentation du s\u00e9jour les responsables informatiques, Bernard Giraudeau, Enrico Alberini et Christophe Badonnel Sainte-Maxime chargement de la carte &#8211; veuillez patienter&#8230;La carte ne peut \u00eatre charg\u00e9e &#8211; s&#8217;il vous pla\u00eet activer Javascript !&rarr; plus dginformations Sainte-Maxime 43.321267, 6.662419 Vous trouverez ci-dessous les rubriques : Pr\u00e9sentation de la r\u00e9gion Les circuits, routiers et VTT H\u00e9bergement Note du Conseil d&#8217;Administration Inscriptions Autres activit\u00e9s ou visites\u00a0 \u00a0<\/p>\n","category_list":"<a href=\"https:\/\/centcols.org\/backup\/categorie\/sejours\/\" rel=\"category tag\">S\u00e9jours<\/a>","author_info":{"display_name":"Christophe Badonnel","author_link":"https:\/\/centcols.org\/backup\/author\/5799\/"},"comments_num":"0 commentaire","featured_image_urls_v2":{"full":"","thumbnail":"","medium":"","medium_large":"","large":"","1536x1536":"","2048x2048":"","woocommerce_thumbnail":"","woocommerce_single":"","woocommerce_gallery_thumbnail":""},"post_excerpt_stackable_v2":"<p>Ont contribu\u00e9 \u00e0 cette page de pr\u00e9sentation du s\u00e9jour les responsables informatiques, Bernard Giraudeau, Enrico Alberini et Christophe Badonnel Sainte-Maxime chargement de la carte &#8211; veuillez patienter&#8230;La carte ne peut \u00eatre charg\u00e9e &#8211; s&#8217;il vous pla\u00eet activer Javascript !&rarr; plus dginformations Sainte-Maxime 43.321267, 6.662419 Vous trouverez ci-dessous les rubriques : Pr\u00e9sentation de la r\u00e9gion Les circuits, routiers et VTT H\u00e9bergement Note du Conseil d&#8217;Administration Inscriptions Autres activit\u00e9s ou visites\u00a0 \u00a0<\/p>\n","category_list_v2":"<a href=\"https:\/\/centcols.org\/backup\/categorie\/sejours\/\" rel=\"category tag\">S\u00e9jours<\/a>","author_info_v2":{"name":"Christophe Badonnel","url":"https:\/\/centcols.org\/backup\/author\/5799\/"},"comments_num_v2":"0 commentaire","featured_image_src":null,"_links":{"self":[{"href":"https:\/\/centcols.org\/backup\/wp-json\/wp\/v2\/posts\/58922"}],"collection":[{"href":"https:\/\/centcols.org\/backup\/wp-json\/wp\/v2\/posts"}],"about":[{"href":"https:\/\/centcols.org\/backup\/wp-json\/wp\/v2\/types\/post"}],"author":[{"embeddable":true,"href":"https:\/\/centcols.org\/backup\/wp-json\/wp\/v2\/users\/75"}],"replies":[{"embeddable":true,"href":"https:\/\/centcols.org\/backup\/wp-json\/wp\/v2\/comments?post=58922"}],"version-history":[{"count":0,"href":"https:\/\/centcols.org\/backup\/wp-json\/wp\/v2\/posts\/58922\/revisions"}],"wp:attachment":[{"href":"https:\/\/centcols.org\/backup\/wp-json\/wp\/v2\/media?parent=58922"}],"wp:term":[{"taxonomy":"category","embeddable":true,"href":"https:\/\/centcols.org\/backup\/wp-json\/wp\/v2\/categories?post=58922"},{"taxonomy":"post_tag","embeddable":true,"href":"https:\/\/centcols.org\/backup\/wp-json\/wp\/v2\/tags?post=58922"}],"curies":[{"name":"wp","href":"https:\/\/api.w.org\/{rel}","templated":true}]}}