{"id":59118,"date":"2021-07-16T16:43:35","date_gmt":"2021-07-16T14:43:35","guid":{"rendered":"https:\/\/centcols.org\/backup\/?p=59118"},"modified":"2021-11-09T17:47:45","modified_gmt":"2021-11-09T16:47:45","slug":"ag-2021","status":"publish","type":"post","link":"https:\/\/centcols.org\/backup\/ag-2021\/","title":{"rendered":"Assembl\u00e9e G\u00e9n\u00e9rale du Club des Cent Cols, Sainte-Maxime (Var) le 13 novembre 2021"},"content":{"rendered":"<h2>Assembl\u00e9e g\u00e9n\u00e9rale 2021<\/h2>\n<p>L&#8217;Assembl\u00e9e g\u00e9n\u00e9rale 2021 se tiendra \u00e0 Sainte-Maxime le samedi 13 novembre 2021 \u00e0 14 h 30<\/p>\n<p>Pour participer au s\u00e9jour qui lui est associ\u00e9, rendez-vous sur la page <strong><a href=\"https:\/\/centcols.org\/backup\/categorie\/sejours\/\" target=\"_blank\" rel=\"noopener noreferrer\">S\u00e9jours<\/a><\/strong>\u00a0du site<\/p>\n<p>VVF &#8220;Club intense Golfe de Saint-Tropez &#8211; Sainte-Maxime&#8221;<br \/>\n64 chemin de la Vierge Noire<br \/>\n83120 Sainte-Maxime<br \/>\nT\u00e9l : +33 (0) 4 94 55 04 00<br \/>\n<a href=\"https:\/\/www.vvf-villages.fr\/villages-vacances\/vacances-sainte-maxime-vvf-villages.html\" target=\"_blank\" rel=\"noopener\">https:\/\/www.vvf-villages.fr\/villages-vacances\/vacances-sainte-maxime-vvf-villages.html<\/a><\/p>\n<div id=\"lmm_d60c5bf1\" style=\"width:100%;\" class=\"mapsmarker markermap marker-45\">\n<div id=\"lmm_panel_d60c5bf1\" class=\"lmm-panel\" style=\"background:#efefef;\">\n<div id=\"lmm_panel_api_d60c5bf1\" class=\"lmm-panel-api\"><a href=\"https:\/\/maps.google.com\/maps?daddr=VVF+Club+Intense+Golfe+de+Saint-Tropez&amp;t=m&amp;layer=1&amp;doflg=ptk&amp;om=0\" target=\"_blank\" title=\"Obtenir l&#039;itin\u00e9raire\"><img loading=\"lazy\" decoding=\"async\" alt=\"icon-car.png\" src=\"https:\/\/centcols.org\/backup\/wp-content\/plugins\/leaflet-maps-marker\/inc\/img\/icon-car.png\" width=\"14\" height=\"14\" class=\"lmm-panel-api-images\" \/><\/a><\/div><div id=\"lmm_panel_text_d60c5bf1\" class=\"lmm-panel-text\" style=\"font-weight:bold;color:#373737;\"> Sainte-Maxime<\/div><\/div>\n<div id=\"lmm_map_d60c5bf1\" class=\"lmm-map\" style=\"background:#f6f6f6;border:1px solid #ccc;height:480px; overflow:hidden;padding:0;\"><p style=\"font-size:80%;color:#9f9e9e;margin-left:5px;\">chargement de la carte - veuillez patienter...<noscript><br\/><strong>La carte ne peut \u00eatre charg\u00e9e - s'il vous pla\u00eet activer Javascript !<\/strong><br\/><a style=\"text-decoration:none;\" href=\"https:\/\/www.mapsmarker.com\/js-disabled\" target=\"_blank\">&rarr; plus dginformations<\/a><\/noscript><\/p><\/div>\n<div id=\"lmm_geo_tags_d60c5bf1\" class=\"lmm-geo-tags geo\">\n<span class=\"paneltext\"> Sainte-Maxime<\/span>\n<span class=\"latitude\">43.321267<\/span>, <span class=\"longitude\">6.662419<\/span>\n<span class=\"popuptext\"><\/span>\n<\/div>\n<\/div>\n","protected":false},"excerpt":{"rendered":"<p>Assembl\u00e9e g\u00e9n\u00e9rale 2021 L&#8217;Assembl\u00e9e g\u00e9n\u00e9rale 2021 se tiendra \u00e0 Sainte-Maxime le samedi 13 novembre 2021 \u00e0 14 h 30 Pour participer au s\u00e9jour qui lui est associ\u00e9, rendez-vous sur la page S\u00e9jours\u00a0du site VVF &#8220;Club intense Golfe de Saint-Tropez &#8211; Sainte-Maxime&#8221; 64 chemin de la Vierge Noire 83120 Sainte-Maxime T\u00e9l : +33 (0) 4 94 [&hellip;]<\/p>\n","protected":false},"author":147,"featured_media":0,"comment_status":"closed","ping_status":"closed","sticky":false,"template":"","format":"standard","meta":{"_acf_changed":false,"ub_ctt_via":"","_monsterinsights_skip_tracking":false,"_monsterinsights_sitenote_active":false,"_monsterinsights_sitenote_note":"","_monsterinsights_sitenote_category":0,"footnotes":""},"categories":[14],"tags":[],"acf":[],"featured_image_urls":{"full":"","thumbnail":"","medium":"","medium_large":"","large":"","1536x1536":"","2048x2048":"","woocommerce_thumbnail":"","woocommerce_single":"","woocommerce_gallery_thumbnail":""},"post_excerpt_stackable":"<p>Assembl\u00e9e g\u00e9n\u00e9rale 2021 L&#8217;Assembl\u00e9e g\u00e9n\u00e9rale 2021 se tiendra \u00e0 Sainte-Maxime le samedi 13 novembre 2021 \u00e0 14 h 30 Pour participer au s\u00e9jour qui lui est associ\u00e9, rendez-vous sur la page S\u00e9jours\u00a0du site VVF &#8220;Club intense Golfe de Saint-Tropez &#8211; Sainte-Maxime&#8221; 64 chemin de la Vierge Noire 83120 Sainte-Maxime T\u00e9l : +33 (0) 4 94 55 04 00 https:\/\/www.vvf-villages.fr\/villages-vacances\/vacances-sainte-maxime-vvf-villages.html Sainte-Maxime chargement de la carte &#8211; veuillez patienter&#8230;La carte ne peut \u00eatre charg\u00e9e &#8211; s&#8217;il vous pla\u00eet activer Javascript !&rarr; plus dginformations Sainte-Maxime 43.321267, 6.662419<\/p>\n","category_list":"<a href=\"https:\/\/centcols.org\/backup\/categorie\/assemblees-generales\/\" rel=\"category tag\">Assembl\u00e9es g\u00e9n\u00e9rales<\/a>","author_info":{"display_name":"Guy Harl\u00e9","author_link":"https:\/\/centcols.org\/backup\/author\/5193\/"},"comments_num":"0 commentaire","featured_image_urls_v2":{"full":"","thumbnail":"","medium":"","medium_large":"","large":"","1536x1536":"","2048x2048":"","woocommerce_thumbnail":"","woocommerce_single":"","woocommerce_gallery_thumbnail":""},"post_excerpt_stackable_v2":"<p>Assembl\u00e9e g\u00e9n\u00e9rale 2021 L&#8217;Assembl\u00e9e g\u00e9n\u00e9rale 2021 se tiendra \u00e0 Sainte-Maxime le samedi 13 novembre 2021 \u00e0 14 h 30 Pour participer au s\u00e9jour qui lui est associ\u00e9, rendez-vous sur la page S\u00e9jours\u00a0du site VVF &#8220;Club intense Golfe de Saint-Tropez &#8211; Sainte-Maxime&#8221; 64 chemin de la Vierge Noire 83120 Sainte-Maxime T\u00e9l : +33 (0) 4 94 55 04 00 https:\/\/www.vvf-villages.fr\/villages-vacances\/vacances-sainte-maxime-vvf-villages.html Sainte-Maxime chargement de la carte &#8211; veuillez patienter&#8230;La carte ne peut \u00eatre charg\u00e9e &#8211; s&#8217;il vous pla\u00eet activer Javascript !&rarr; plus dginformations Sainte-Maxime 43.321267, 6.662419<\/p>\n","category_list_v2":"<a href=\"https:\/\/centcols.org\/backup\/categorie\/assemblees-generales\/\" rel=\"category tag\">Assembl\u00e9es g\u00e9n\u00e9rales<\/a>","author_info_v2":{"name":"Guy Harl\u00e9","url":"https:\/\/centcols.org\/backup\/author\/5193\/"},"comments_num_v2":"0 commentaire","featured_image_src":null,"_links":{"self":[{"href":"https:\/\/centcols.org\/backup\/wp-json\/wp\/v2\/posts\/59118"}],"collection":[{"href":"https:\/\/centcols.org\/backup\/wp-json\/wp\/v2\/posts"}],"about":[{"href":"https:\/\/centcols.org\/backup\/wp-json\/wp\/v2\/types\/post"}],"author":[{"embeddable":true,"href":"https:\/\/centcols.org\/backup\/wp-json\/wp\/v2\/users\/147"}],"replies":[{"embeddable":true,"href":"https:\/\/centcols.org\/backup\/wp-json\/wp\/v2\/comments?post=59118"}],"version-history":[{"count":0,"href":"https:\/\/centcols.org\/backup\/wp-json\/wp\/v2\/posts\/59118\/revisions"}],"wp:attachment":[{"href":"https:\/\/centcols.org\/backup\/wp-json\/wp\/v2\/media?parent=59118"}],"wp:term":[{"taxonomy":"category","embeddable":true,"href":"https:\/\/centcols.org\/backup\/wp-json\/wp\/v2\/categories?post=59118"},{"taxonomy":"post_tag","embeddable":true,"href":"https:\/\/centcols.org\/backup\/wp-json\/wp\/v2\/tags?post=59118"}],"curies":[{"name":"wp","href":"https:\/\/api.w.org\/{rel}","templated":true}]}}