





{"id":62038,"date":"2021-12-14T12:09:12","date_gmt":"2021-12-14T11:09:12","guid":{"rendered":"https:\/\/centcols.org\/backup\/?p=62038"},"modified":"2023-12-16T18:52:13","modified_gmt":"2023-12-16T17:52:13","slug":"lens-suisse-samedi-06-aout-2022-sortie-vtt","status":"publish","type":"post","link":"https:\/\/centcols.org\/backup\/lens-suisse-samedi-06-aout-2022-sortie-vtt\/","title":{"rendered":"Lens, Suisse, Samedi 06 ao\u00fbt 2022, Sortie VTT"},"content":{"rendered":"\n<p>D\u00e9part&nbsp;: Lens<\/p>\n\n\n\n<p>Rendez-vous&nbsp;: parking du cimeti\u00e8re, \u00e0 9h30 pour le caf\u00e9, <strong>d\u00e9part \u00e0 10h00.<\/strong><\/p>\n\n\n\n<p>28 km, 1100 m de d\u00e9nivel\u00e9, 3 cols&nbsp;: <\/p>\n\n\n\n<p>Les Golettes CH-VS-1161<br>Pas de l\u2019Ours CH-VS-1520<br>Col de P\u00e9pinet CH-VS-2278<br><strong>La sortie n\u2019a lieu que par beau temps.<\/strong><\/p>\n\n\n\n<figure class=\"wp-block-image size-large\"><img loading=\"lazy\" decoding=\"async\" width=\"527\" height=\"334\" src=\"https:\/\/centcols.org\/backup\/wp-content\/uploads\/2021\/12\/image-1.png\" alt=\"\" class=\"wp-image-62039\" srcset=\"https:\/\/centcols.org\/backup\/wp-content\/uploads\/2021\/12\/image-1.png 527w, https:\/\/centcols.org\/backup\/wp-content\/uploads\/2021\/12\/image-1-500x317.png 500w\" sizes=\"(max-width: 527px) 100vw, 527px\" \/><\/figure>\n\n\n\n\n\n\t\t\t\t<div id=\"map_ol3js_1\" class=\"map undefined\" data-map_name=\"undefined\" data-map=\"map_ol3js_1\" style=\"width:95%; max-width:100%; height:450px; display:block; overflow:hidden;border:thin solid blue;\" >\n\t\t\t\t  <div id=\"map_ol3js_1_popup\" class=\"ol-popup\" >\n\t\t\t\t\t<a href=\"#\" id=\"map_ol3js_1_popup-closer\" class=\"ol-popup-closer\"><\/a>\n\t\t\t\t\t<div id=\"map_ol3js_1_popup-content\" ><\/div>\n\t\t\t\t  <\/div>\n\t\t\t\t<\/div>\n\t\t\t\n\t\t\t\t<link rel=\"stylesheet\" href=\"https:\/\/centcols.org\/backup\/wp-content\/plugins\/osm\/js\/OL\/7.1.0\/ol.css?ver=7.1.0\" type=\"text\/css\">\n\t\t\t\t<link rel=\"stylesheet\" href=\"https:\/\/centcols.org\/backup\/wp-content\/plugins\/osm\/css\/osm_map_v3.css?ver=1.0.0\" type=\"text\/css\">\n\t\t\t\t<link rel=\"stylesheet\" href=\"https:\/\/centcols.org\/backup\/wp-content\/plugins\/osm\/css\/osm_map.css?ver=1.0.0\" type=\"text\/css\">\n\t\t\t\t<!-- The line below is only needed for old environments like Internet Explorer and Android 4.x -->\n                                <script src=\"https:\/\/centcols.org\/backup\/wp-content\/plugins\/osm\/js\/polyfill\/v2\/polyfill.min.js?features=requestAnimationFrame,Element.prototype.classList,URL\"><\/script>\n\n\t\t\t\t<script src=\"https:\/\/centcols.org\/backup\/wp-content\/plugins\/osm\/js\/OL\/7.1.0\/ol.js?ver=7.1.0\" type=\"text\/javascript\"><\/script>\n\t\t\t\t<script src=\"https:\/\/centcols.org\/backup\/wp-content\/plugins\/osm\/js\/osm-v3-plugin-lib.js?ver=1.0.0\" type=\"text\/javascript\"><\/script>\n\t\t\t\t<script src=\"https:\/\/centcols.org\/backup\/wp-content\/plugins\/osm\/js\/osm-metabox-events.js?ver=1.0.0\" type=\"text\/javascript\"><\/script>\n\t\t\t\t<script src=\"https:\/\/centcols.org\/backup\/wp-content\/plugins\/osm\/js\/osm-startup-lib.js\" type=\"text\/javascript\"><\/script>\n\t\t\t\t<script type=\"text\/javascript\">\n\t\t\t\t\ttranslations['openlayer'] = \"open layer\";\n\t\t\t\t\ttranslations['openlayerAtStartup'] = \"open layer at startup\";\n\t\t\t\t\ttranslations['generateLink'] = \"link to this map with opened layers\";\n\t\t\t\t\ttranslations['shortDescription'] = \"short description\";\n\t\t\t\t\ttranslations['generatedShortCode'] = \"to get a text control link paste this code in your wordpress editor\";\n\t\t\t\t\ttranslations['closeLayer'] = \"close layer\";\n\t\t\t\t\ttranslations['cantGenerateLink'] = \"put this string in the existing map short code to control this map\";\n\t\t\t  <\/script>\n\n\n\t\t\t  <script type=\"text\/javascript\">\n\t\t\t  vectorM['map_ol3js_1'] = [];\n\t        \n        var raster = getTileLayer(\"osm\",\"NoKey\");\t\t\t\n\n\t\t\t  var map_ol3js_1 = new ol.Map({\n\t\t\t\tinteractions: ol.interaction.defaults.defaults({mouseWheelZoom:false}),\n\t\t\t\tlayers: [raster],\n\t\t\t\ttarget: \"map_ol3js_1\",\n\t\t\t\tview: new ol.View({\n\t\t\t\t  center: ol.proj.transform([7.4470,46.2768], \"EPSG:4326\", \"EPSG:3857\"),\n\t\t\t\t  zoom: 14.0\n\t\t\t\t})\n\t\t\t  });\n\t\t\t  osm_addMarkerLayer(map_ol3js_1,7.4442,46.2789,\"https:\/\/centcols.org\/backup\/wp-content\/plugins\/osm\/icons\/mic_blue_cycling_01.png\",-16,-41,\"<p>LENS<\/p>\") ; \naddControls2Map(map_ol3js_1,1,1,3,1,5,6,7,1,1);\nosm_addPopupClickhandler(map_ol3js_1,  \"map_ol3js_1\"); \nosm_addMouseHover(map_ol3js_1); <\/script>\n\n\n\n<h3 class=\"wp-block-heading\">Contact<\/h3>\n\n\n\n<p>Pierre Mai<br>Vy de Bi\u00e8re 8<br>CH-1144 Ballens<br>T\u00e9l : +41 21 807 34 17, mobile: +41 76 498 58 73<br><a href=\"m&#97;i&#108;&#116;&#111;&#58;&#112;&#109;&#97;&#105;&#64;b&#108;&#117;&#101;win&#46;&#99;&#104;\">&#112;&#109;a&#105;&#64;&#98;&#108;&#117;ew&#105;&#110;.&#99;&#104;<\/a><\/p>\n\n\n\n<p>Compte rendu <a href=\"https:\/\/centcols.org\/backup\/wp-content\/uploads\/2022\/12\/Rencontres-suisses-2022.pdf\">Rencontres suisses 2022.docx (centcols.net)<\/a><\/p>\n","protected":false},"excerpt":{"rendered":"<p>D\u00e9part&nbsp;: Lens Rendez-vous&nbsp;: parking du cimeti\u00e8re, \u00e0 9h30 pour le caf\u00e9, d\u00e9part \u00e0 10h00. 28 km, 1100 m de d\u00e9nivel\u00e9, 3 cols&nbsp;: Les Golettes CH-VS-1161Pas de l\u2019Ours CH-VS-1520Col de P\u00e9pinet CH-VS-2278La sortie n\u2019a lieu que par beau temps. Contact Pierre MaiVy de Bi\u00e8re 8CH-1144 BallensT\u00e9l : +41 21 807 34 17, mobile: +41 76 498 [&hellip;]<\/p>\n","protected":false},"author":69,"featured_media":0,"comment_status":"closed","ping_status":"closed","sticky":false,"template":"","format":"standard","meta":{"_acf_changed":false,"ub_ctt_via":"","_monsterinsights_skip_tracking":false,"_monsterinsights_sitenote_active":false,"_monsterinsights_sitenote_note":"","_monsterinsights_sitenote_category":0,"footnotes":""},"categories":[526,7],"tags":[],"acf":[],"featured_image_urls":{"full":"","thumbnail":"","medium":"","medium_large":"","large":"","1536x1536":"","2048x2048":"","woocommerce_thumbnail":"","woocommerce_single":"","woocommerce_gallery_thumbnail":""},"post_excerpt_stackable":"<p>D\u00e9part&nbsp;: Lens Rendez-vous&nbsp;: parking du cimeti\u00e8re, \u00e0 9h30 pour le caf\u00e9, d\u00e9part \u00e0 10h00. 28 km, 1100 m de d\u00e9nivel\u00e9, 3 cols&nbsp;: Les Golettes CH-VS-1161Pas de l\u2019Ours CH-VS-1520Col de P\u00e9pinet CH-VS-2278La sortie n\u2019a lieu que par beau temps. Contact Pierre MaiVy de Bi\u00e8re 8CH-1144 BallensT\u00e9l : +41 21 807 34 17, mobile: +41 76 498 58 73&#112;ma&#105;&#64;blue&#119;&#105;&#110;&#46;ch Compte rendu Rencontres suisses 2022.docx (centcols.net)<\/p>\n","category_list":"<a href=\"https:\/\/centcols.org\/backup\/categorie\/rassemblements\/rassemblements-2022\/\" rel=\"category tag\">Les rassemblements de 2022<\/a>, <a href=\"https:\/\/centcols.org\/backup\/categorie\/rassemblements\/\" rel=\"category tag\">Rencontres r\u00e9gionales<\/a>","author_info":{"display_name":"Enrico Alberini","author_link":"https:\/\/centcols.org\/backup\/author\/5065\/"},"comments_num":"0 commentaire","featured_image_urls_v2":{"full":"","thumbnail":"","medium":"","medium_large":"","large":"","1536x1536":"","2048x2048":"","woocommerce_thumbnail":"","woocommerce_single":"","woocommerce_gallery_thumbnail":""},"post_excerpt_stackable_v2":"<p>D\u00e9part&nbsp;: Lens Rendez-vous&nbsp;: parking du cimeti\u00e8re, \u00e0 9h30 pour le caf\u00e9, d\u00e9part \u00e0 10h00. 28 km, 1100 m de d\u00e9nivel\u00e9, 3 cols&nbsp;: Les Golettes CH-VS-1161Pas de l\u2019Ours CH-VS-1520Col de P\u00e9pinet CH-VS-2278La sortie n\u2019a lieu que par beau temps. Contact Pierre MaiVy de Bi\u00e8re 8CH-1144 BallensT\u00e9l : +41 21 807 34 17, mobile: +41 76 498 58 73&#112;ma&#105;&#64;&#98;&#108;&#117;&#101;wi&#110;.&#99;h Compte rendu Rencontres suisses 2022.docx (centcols.net)<\/p>\n","category_list_v2":"<a href=\"https:\/\/centcols.org\/backup\/categorie\/rassemblements\/rassemblements-2022\/\" rel=\"category tag\">Les rassemblements de 2022<\/a>, <a href=\"https:\/\/centcols.org\/backup\/categorie\/rassemblements\/\" rel=\"category tag\">Rencontres r\u00e9gionales<\/a>","author_info_v2":{"name":"Enrico Alberini","url":"https:\/\/centcols.org\/backup\/author\/5065\/"},"comments_num_v2":"0 commentaire","featured_image_src":null,"_links":{"self":[{"href":"https:\/\/centcols.org\/backup\/wp-json\/wp\/v2\/posts\/62038"}],"collection":[{"href":"https:\/\/centcols.org\/backup\/wp-json\/wp\/v2\/posts"}],"about":[{"href":"https:\/\/centcols.org\/backup\/wp-json\/wp\/v2\/types\/post"}],"author":[{"embeddable":true,"href":"https:\/\/centcols.org\/backup\/wp-json\/wp\/v2\/users\/69"}],"replies":[{"embeddable":true,"href":"https:\/\/centcols.org\/backup\/wp-json\/wp\/v2\/comments?post=62038"}],"version-history":[{"count":0,"href":"https:\/\/centcols.org\/backup\/wp-json\/wp\/v2\/posts\/62038\/revisions"}],"wp:attachment":[{"href":"https:\/\/centcols.org\/backup\/wp-json\/wp\/v2\/media?parent=62038"}],"wp:term":[{"taxonomy":"category","embeddable":true,"href":"https:\/\/centcols.org\/backup\/wp-json\/wp\/v2\/categories?post=62038"},{"taxonomy":"post_tag","embeddable":true,"href":"https:\/\/centcols.org\/backup\/wp-json\/wp\/v2\/tags?post=62038"}],"curies":[{"name":"wp","href":"https:\/\/api.w.org\/{rel}","templated":true}]}}