





{"id":62096,"date":"2021-12-02T07:39:00","date_gmt":"2021-12-02T06:39:00","guid":{"rendered":"https:\/\/centcols.org\/backup\/?p=62096"},"modified":"2022-08-02T16:08:57","modified_gmt":"2022-08-02T14:08:57","slug":"rassemblement-au-col-luitel-25-juin-2022","status":"publish","type":"post","link":"https:\/\/centcols.org\/backup\/rassemblement-au-col-luitel-25-juin-2022\/","title":{"rendered":"Alpes du Nord, Comm\u00e9moration des 50  ans du Club au Col Luitel, 25 juin 2022"},"content":{"rendered":"\n<pre class=\"wp-block-preformatted\">texte de Bernard Giraudeau et Guy Harl\u00e9<\/pre>\n\n\n\n<p>Col Luitel, 25 juin 2022<\/p>\n\n\n\n<figure class=\"wp-block-image size-large\"><img decoding=\"async\" src=\"https:\/\/centcols.org\/backup\/wp-content\/uploads\/2021\/12\/luitel-panneau.jpg\" alt=\"\"\/><\/figure>\n\n\n\n<p>Pour le cinquantenaire du Club des cent Cols, le rassemblement Alpes du Nord se tiendra sur le lieu embl\u00e9matique de sa cr\u00e9ation. Ce col \u00e9tait le 100<sup>\u00e8me <\/sup>franchi par Jean Perdoux depuis qu\u2019il en avait initi\u00e9 une liste r\u00e9capitulative.<\/p>\n\n\n\n<p>Ce rassemblement se veut une rencontre de convivialit\u00e9 au cours de laquelle nous aurons le plaisir de retrouver, non seulement les adh\u00e9rents du club, mais \u00e9galement d\u2019autres cyclos de la r\u00e9gion qui, nous l\u2019esp\u00e9rons, auront envie de nous rejoindre.<\/p>\n\n\n\n<p>L\u2019accueil est pr\u00e9vu \u00e0 partir de 11 h 00 sur le parking de la maison foresti\u00e8re de Pr\u00e9mol, \u00e0 2 km environ du Col Luitel (C\u00f4t\u00e9 Uriage).<\/p>\n\n\n\n<p>\n\n\t\t\t\t<div id=\"map_ol3js_1\" class=\"map undefined\" data-map_name=\"undefined\" data-map=\"map_ol3js_1\" style=\"width:95%; max-width:100%; height:450px; display:block; overflow:hidden;border:thin solid blue; background-image: url(https:\/\/centcols.org\/backup\/wp-content\/plugins\/osm\/GDPR_bckgrnd.png); background-repeat: no-repeat; background-position: center; position: relative;\" >\n\t\t\t\t  <div id=\"map_ol3js_1_popup\" class=\"ol-popup\" >\n\t\t\t\t\t<a href=\"#\" id=\"map_ol3js_1_popup-closer\" class=\"ol-popup-closer\"><\/a>\n\t\t\t\t\t<div id=\"map_ol3js_1_popup-content\" ><\/div>\n\t\t\t\t  <\/div>\n\t\t\t\t<\/div>\n\t\t\t\n\t\t\t\t<link rel=\"stylesheet\" href=\"https:\/\/centcols.org\/backup\/wp-content\/plugins\/osm\/js\/OL\/7.1.0\/ol.css?ver=7.1.0\" type=\"text\/css\">\n\t\t\t\t<link rel=\"stylesheet\" href=\"https:\/\/centcols.org\/backup\/wp-content\/plugins\/osm\/css\/osm_map_v3.css?ver=1.0.0\" type=\"text\/css\">\n\t\t\t\t<link rel=\"stylesheet\" href=\"https:\/\/centcols.org\/backup\/wp-content\/plugins\/osm\/css\/osm_map.css?ver=1.0.0\" type=\"text\/css\">\n\t\t\t\t<!-- The line below is only needed for old environments like Internet Explorer and Android 4.x -->\n                                <script src=\"https:\/\/centcols.org\/backup\/wp-content\/plugins\/osm\/js\/polyfill\/v2\/polyfill.min.js?features=requestAnimationFrame,Element.prototype.classList,URL\"><\/script>\n\n\t\t\t\t<script src=\"https:\/\/centcols.org\/backup\/wp-content\/plugins\/osm\/js\/OL\/7.1.0\/ol.js?ver=7.1.0\" type=\"text\/javascript\"><\/script>\n\t\t\t\t<script src=\"https:\/\/centcols.org\/backup\/wp-content\/plugins\/osm\/js\/osm-v3-plugin-lib.js?ver=1.0.0\" type=\"text\/javascript\"><\/script>\n\t\t\t\t<script src=\"https:\/\/centcols.org\/backup\/wp-content\/plugins\/osm\/js\/osm-metabox-events.js?ver=1.0.0\" type=\"text\/javascript\"><\/script>\n\t\t\t\t<script src=\"https:\/\/centcols.org\/backup\/wp-content\/plugins\/osm\/js\/osm-startup-lib.js\" type=\"text\/javascript\"><\/script>\n\t\t\t\t<script type=\"text\/javascript\">\n\t\t\t\t\ttranslations['openlayer'] = \"open layer\";\n\t\t\t\t\ttranslations['openlayerAtStartup'] = \"open layer at startup\";\n\t\t\t\t\ttranslations['generateLink'] = \"link to this map with opened layers\";\n\t\t\t\t\ttranslations['shortDescription'] = \"short description\";\n\t\t\t\t\ttranslations['generatedShortCode'] = \"to get a text control link paste this code in your wordpress editor\";\n\t\t\t\t\ttranslations['closeLayer'] = \"close layer\";\n\t\t\t\t\ttranslations['cantGenerateLink'] = \"put this string in the existing map short code to control this map\";\n\t\t\t  <\/script>\n\n\n\t\t\t  <script type=\"text\/javascript\">\n\t\t\t  vectorM['map_ol3js_1'] = [];\n\t        \n        var raster = getTileLayer(\"osm\",\"NoKey\");\t\t\t\n\n\t\t\t  var map_ol3js_1 = new ol.Map({\n\t\t\t\tinteractions: ol.interaction.defaults.defaults({mouseWheelZoom:false}),\n\t\t\t\tlayers: [raster],\n\t\t\t\ttarget: \"map_ol3js_1\",\n\t\t\t\tview: new ol.View({\n\t\t\t\t  center: ol.proj.transform([5.8464,45.1019], \"EPSG:4326\", \"EPSG:3857\"),\n\t\t\t\t  zoom: 17.0\n\t\t\t\t})\n\t\t\t  });\n\t\t\t  osm_addMarkerLayer(map_ol3js_1,5.8468,45.1017,\"https:\/\/centcols.org\/backup\/wp-content\/plugins\/osm\/icons\/mic_blue_cycling_01.png\",-16,-41,\"<p><\/p>\") ; \naddControls2Map(map_ol3js_1,1,1,3,1,5,6,7,1,1);\nosm_addPopupClickhandler(map_ol3js_1,  \"map_ol3js_1\"); \nosm_addMouseHover(map_ol3js_1); <\/script><br><br>Pour se rendre au rassemblement o\u00f9 il conviendra d\u2019arriver entre 11 h 00 et 11 h 15, il n\u2019y a pas d\u2019itin\u00e9raire impos\u00e9, on fait comme on veut, le tout est d\u2019arriver en temps voulu pour participer \u00e0 cette c\u00e9r\u00e9monie du 50<sup>\u00e9me<\/sup>anniversaire.<\/p>\n\n\n\n<p>Toutefois, 2 parcours peuvent \u00eatre sugg\u00e9r\u00e9s, un pour la route, l\u2019autre pour le VTT&nbsp;:<\/p>\n\n\n\n<ul><li><a href=\"https:\/\/centcols.org\/backup\/wp-content\/uploads\/2022\/05\/URIAGE-ROUTE.zip\">Parcours route<\/a>, d\u00e9part possible \u00e0 8 h30 du parking situ\u00e9 en sortie d\u2019Uriage c\u00f4t\u00e9 Gi\u00e8res (parking camping-cars et voitures) OR 14732575. 14km et 900m de d\u00e9nivel\u00e9<\/li><li><a href=\"https:\/\/centcols.org\/backup\/wp-content\/uploads\/2022\/05\/parcours-VTT-1.zip\">Parcours VTT<\/a>, d\u00e9part possible \u00e0 8 h 30 du parking de la maison foresti\u00e8re de Pr\u00e9mol OR 14732570. 16km et 560m de d\u00e9nivel\u00e9<\/li><\/ul>\n\n\n\n<p>Suite \u00e0 la manifestation, si le c\u0153ur vous en dit, vous pourrez effectuer les parcours sugg\u00e9r\u00e9s par des membres du club&nbsp;: <a href=\"https:\/\/centcols.org\/backup\/wp-content\/uploads\/2022\/05\/Thierry-Labour.zip\">Thierry Labour<\/a> OR 14732557 (59km et 1862m de d\u00e9nivel\u00e9) , <a href=\"https:\/\/centcols.org\/backup\/wp-content\/uploads\/2022\/05\/Pierre-Chatel.zip\">Pierre Chatel<\/a> OR 14732512 (67,6km et 2030m de d\u00e9nivel\u00e9).<\/p>\n\n\n\n<p>Afin de pr\u00e9parer au mieux cette journ\u00e9e, vous voudrez bien remplir le questionnaire suivant pour indiquer votre pr\u00e9sence.Si vous m&#8217;avez d\u00e9j\u00e0 signal\u00e9 votre participation, il n&#8217;est pas obligatoire de r\u00e9pondre au questionnaire.<br><strong><a target=\"_blank\" href=\"https:\/\/docs.google.com\/forms\/d\/e\/1FAIpQLSeNCcsXCRUJETCxKd5la7IKVpCgjlbRjUJPK8_wAco4thIKgQ\/viewform?usp=pp_url\" rel=\"noreferrer noopener\">Je remplis le questionnaire<\/a><\/strong><\/p>\n\n\n\n<p>ou<br><a target=\"_blank\" href=\"https:\/\/docs.google.com\/forms\/d\/e\/1FAIpQLSeNCcsXCRUJETCxKd5la7IKVpCgjlbRjUJPK8_wAco4thIKgQ\/viewform?usp=pp_url\" rel=\"noreferrer noopener\">https:\/\/docs.google.com\/forms\/d\/e\/1FAIpQLSeNCcsXCRUJETCxKd5la7IKVpCgjlbRjUJPK8_wAco4thIKgQ\/viewform?usp=pp_url<\/a><\/p>\n\n\n\n<h3 class=\"wp-block-heading\">Contact<\/h3>\n\n\n\n<p>Guy Harl\u00e9<\/p>\n\n\n\n<p>T\u00e9l : +33 6 77 11 17 03 <\/p>\n\n\n\n<a href=\"&#109;ai&#108;t&#111;:&#103;u&#121;&#46;&#104;&#97;rl&#101;&#64;gma&#105;l.&#99;&#111;m\">g&#117;y&#46;&#104;&#97;r&#108;e&#64;gm&#97;i&#108;&#46;co&#109;<\/a>\n","protected":false},"excerpt":{"rendered":"<p>texte de Bernard Giraudeau et Guy Harl\u00e9 Col Luitel, 25 juin 2022 Pour le cinquantenaire du Club des cent Cols, le rassemblement Alpes du Nord se tiendra sur le lieu embl\u00e9matique de sa cr\u00e9ation. Ce col \u00e9tait le 100\u00e8me franchi par Jean Perdoux depuis qu\u2019il en avait initi\u00e9 une liste r\u00e9capitulative. Ce rassemblement se veut [&hellip;]<\/p>\n","protected":false},"author":69,"featured_media":0,"comment_status":"closed","ping_status":"closed","sticky":false,"template":"","format":"standard","meta":{"_acf_changed":false,"ub_ctt_via":"","_monsterinsights_skip_tracking":false,"_monsterinsights_sitenote_active":false,"_monsterinsights_sitenote_note":"","_monsterinsights_sitenote_category":0,"footnotes":""},"categories":[526,7],"tags":[],"acf":[],"featured_image_urls":{"full":"","thumbnail":"","medium":"","medium_large":"","large":"","1536x1536":"","2048x2048":"","woocommerce_thumbnail":"","woocommerce_single":"","woocommerce_gallery_thumbnail":""},"post_excerpt_stackable":"<p>texte de Bernard Giraudeau et Guy Harl\u00e9 Col Luitel, 25 juin 2022 Pour le cinquantenaire du Club des cent Cols, le rassemblement Alpes du Nord se tiendra sur le lieu embl\u00e9matique de sa cr\u00e9ation. Ce col \u00e9tait le 100\u00e8me franchi par Jean Perdoux depuis qu\u2019il en avait initi\u00e9 une liste r\u00e9capitulative. Ce rassemblement se veut une rencontre de convivialit\u00e9 au cours de laquelle nous aurons le plaisir de retrouver, non seulement les adh\u00e9rents du club, mais \u00e9galement d\u2019autres cyclos de la r\u00e9gion qui, nous l\u2019esp\u00e9rons, auront envie de nous rejoindre. L\u2019accueil est pr\u00e9vu \u00e0 partir de 11 h 00 sur\u2026<\/p>\n","category_list":"<a href=\"https:\/\/centcols.org\/backup\/categorie\/rassemblements\/rassemblements-2022\/\" rel=\"category tag\">Les rassemblements de 2022<\/a>, <a href=\"https:\/\/centcols.org\/backup\/categorie\/rassemblements\/\" rel=\"category tag\">Rencontres r\u00e9gionales<\/a>","author_info":{"display_name":"Enrico Alberini","author_link":"https:\/\/centcols.org\/backup\/author\/5065\/"},"comments_num":"0 commentaire","featured_image_urls_v2":{"full":"","thumbnail":"","medium":"","medium_large":"","large":"","1536x1536":"","2048x2048":"","woocommerce_thumbnail":"","woocommerce_single":"","woocommerce_gallery_thumbnail":""},"post_excerpt_stackable_v2":"<p>texte de Bernard Giraudeau et Guy Harl\u00e9 Col Luitel, 25 juin 2022 Pour le cinquantenaire du Club des cent Cols, le rassemblement Alpes du Nord se tiendra sur le lieu embl\u00e9matique de sa cr\u00e9ation. Ce col \u00e9tait le 100\u00e8me franchi par Jean Perdoux depuis qu\u2019il en avait initi\u00e9 une liste r\u00e9capitulative. Ce rassemblement se veut une rencontre de convivialit\u00e9 au cours de laquelle nous aurons le plaisir de retrouver, non seulement les adh\u00e9rents du club, mais \u00e9galement d\u2019autres cyclos de la r\u00e9gion qui, nous l\u2019esp\u00e9rons, auront envie de nous rejoindre. L\u2019accueil est pr\u00e9vu \u00e0 partir de 11 h 00 sur\u2026<\/p>\n","category_list_v2":"<a href=\"https:\/\/centcols.org\/backup\/categorie\/rassemblements\/rassemblements-2022\/\" rel=\"category tag\">Les rassemblements de 2022<\/a>, <a href=\"https:\/\/centcols.org\/backup\/categorie\/rassemblements\/\" rel=\"category tag\">Rencontres r\u00e9gionales<\/a>","author_info_v2":{"name":"Enrico Alberini","url":"https:\/\/centcols.org\/backup\/author\/5065\/"},"comments_num_v2":"0 commentaire","featured_image_src":null,"_links":{"self":[{"href":"https:\/\/centcols.org\/backup\/wp-json\/wp\/v2\/posts\/62096"}],"collection":[{"href":"https:\/\/centcols.org\/backup\/wp-json\/wp\/v2\/posts"}],"about":[{"href":"https:\/\/centcols.org\/backup\/wp-json\/wp\/v2\/types\/post"}],"author":[{"embeddable":true,"href":"https:\/\/centcols.org\/backup\/wp-json\/wp\/v2\/users\/69"}],"replies":[{"embeddable":true,"href":"https:\/\/centcols.org\/backup\/wp-json\/wp\/v2\/comments?post=62096"}],"version-history":[{"count":0,"href":"https:\/\/centcols.org\/backup\/wp-json\/wp\/v2\/posts\/62096\/revisions"}],"wp:attachment":[{"href":"https:\/\/centcols.org\/backup\/wp-json\/wp\/v2\/media?parent=62096"}],"wp:term":[{"taxonomy":"category","embeddable":true,"href":"https:\/\/centcols.org\/backup\/wp-json\/wp\/v2\/categories?post=62096"},{"taxonomy":"post_tag","embeddable":true,"href":"https:\/\/centcols.org\/backup\/wp-json\/wp\/v2\/tags?post=62096"}],"curies":[{"name":"wp","href":"https:\/\/api.w.org\/{rel}","templated":true}]}}