{"id":62109,"date":"2022-11-23T11:14:00","date_gmt":"2022-11-23T10:14:00","guid":{"rendered":"https:\/\/centcols.org\/backup\/?p=62109"},"modified":"2023-12-17T08:07:42","modified_gmt":"2023-12-17T07:07:42","slug":"bernardini-2023","status":"publish","type":"post","link":"https:\/\/centcols.org\/backup\/bernardini-2023\/","title":{"rendered":"Rencontre Occitane Bernardini, 25 juin 2023 &#8211; Amelie les Bains"},"content":{"rendered":"\n<p>&nbsp;De 1990 \u00e0 1994, Ren\u00e9 Marty a assur\u00e9 avec brio l&#8217;organisation de la &#8220;Concentration de la ligue&nbsp; Pyr\u00e9n\u00e9es Roussillon&#8221; . En 1995, il l&#8217;a renomm\u00e9e &#8220;Randonn\u00e9e souvenir Michel Bernardini &#8221; en l&#8217;honneur de son ami d\u00e9c\u00e9d\u00e9 pr\u00e9matur\u00e9ment en 1993 et s&#8217;en est occup\u00e9 jusqu&#8217;en 2015.<br><br>De 2016 \u00e0 2022, Jean Pierre Lambert en a pris le relais avec succ\u00e8s.&nbsp;<br><br>J&#8217;ai \u00e9t\u00e9 sollicit\u00e9 afin de faire perdurer cette organisation et je rel\u00e8ve le d\u00e9fi avec grand plaisir !J&#8217;ai \u00e9minemment &#8220;profit\u00e9&#8221; de ces rencontres,&nbsp; n&#8217;en ayant quasiment pas manqu\u00e9 une depuis plus de 20 ans !<br><br>Nous pourrons donc nous retrouver&nbsp; pour la Rencontre Occitane Bernardini 2023.Rencontre pour rester dans l&#8217;esprit des autres rencontres r\u00e9gionales.&nbsp;Occitane pour marquer la localisation g\u00e9ographique \u00e0 laquelle je suis tr\u00e8s attach\u00e9.&nbsp;Bernardini pour honorer la m\u00e9moire de Michel Bernardini.&nbsp;<\/p>\n\n\n\n<p>La rencontre r\u00e9gionale se d\u00e9roulera le dimanche 25 juin 2023 en plein c\u0153ur du Vallespir. Et ce, avec un d\u00e9part d&#8217;Am\u00e9lie les Bains Palalda \u00e0 09 h 00.Le parcours propos\u00e9 est relativement roulant et tout \u00e0 fait accessible aux gravels. Huit cols pourront&nbsp;\u00eatre franchis en 35 km avec un d\u00e9nivel\u00e9 de 1250 m.<\/p>\n\n\n\n<p>Le parcours pr\u00e9vu pour dimanche est publi\u00e9 sur Openrunner (num\u00e9ro 16538625)<\/p>\n\n\n\n<p>Depuis d\u00e9j\u00e0 quelques ann\u00e9es, cette rencontre s&#8217;est transform\u00e9e en mini s\u00e9jour pour le plus grand plaisir des participants.Ceux qui le d\u00e9sirent pourront se retrouver \u00e0 partir du jeudi 22 au soir ou du vendredi&nbsp;matin et ce jusqu&#8217;au lundi. Trois autres parcours seront donc propos\u00e9s, parcours \u00e9galement \u00e0 la port\u00e9e de tous. Pour ceux qui participeront \u00e0 la totalit\u00e9 du s\u00e9jour, du vendredi 23 au lundi 26, ce sont 43 cols qui pourront \u00eatre franchis&#8221;. La plupart seront cyclables. Seules quelques portions n\u00e9cessitent un peu de poussage voire de portage.<\/p>\n\n\n\n<p>Vendredi 23 juin : OR 15759697 &#8211; 35 km &#8211;&nbsp; D 960 m &#8211; 14 cols. Ce circuit \u00e9tant court pourra \u00eatre \u00e9ventuellement&nbsp;compl\u00e9t\u00e9 par un aller retour d&#8217;Am\u00e9lie jusqu&#8217;\u00e0 la collada de Sant Pau: OR 16874377 &#8211; 17 km et D 230 m.<br>Samedi 24 juin : OR 16875417 &#8211; 57 km &#8211; D 1300 m &#8211; 6 cols ou OR 16495317 &#8211; 70 km &#8211; D 1700 m &#8211; 11 cols.<br>Lundi 26 juin : OR 16875007 &#8211; 47 km &#8211; D 1300 m &#8211; 8 cols ou OR 16495422 &#8211; 58 km &#8211;&nbsp; D 1800 m &#8211; 10 cols.<br><br>Pour vendredi, samedi et lundi, ces parcours ne sont que des propositions.&nbsp;Ils pourront \u00eatre faits \u00e0 allure totalement libre, \u00e9ventuellement \u00eatre modifi\u00e9s et avec un d\u00e9part \u00e0 la convenance de chacun.Il y a \u00e9galement mati\u00e8re \u00e0 faire de nombreux parcours routiers.<\/p>\n\n\n\n<p><br>Il y a pl\u00e9thore d&#8217;h\u00e9bergement sur la ville &#8230; mais il y a \u00e9galement \u00e9norm\u00e9ment de touristes. N&#8217;h\u00e9sitez pas \u00e0 r\u00e9server votre logement assez t\u00f4t si vous devez participer sur plusieurs journ\u00e9es. L&#8217;appart h\u00f4tel Castel Emeraude semble \u00eatre d&#8217;un bon rapport qualit\u00e9 prix.<\/p>\n\n\n\n<p class=\"has-text-align-center\"><\/p>\n\n\n\n<p class=\"has-text-align-center\"><img loading=\"lazy\" decoding=\"async\" width=\"1000\" height=\"466\" class=\"wp-image-74261\" style=\"width: 1000px;\" src=\"https:\/\/centcols.org\/backup\/wp-content\/uploads\/2023\/05\/Amelie-Les-Bains.jpeg\" alt=\"\" srcset=\"https:\/\/centcols.org\/backup\/wp-content\/uploads\/2023\/05\/Amelie-Les-Bains.jpeg 1958w, https:\/\/centcols.org\/backup\/wp-content\/uploads\/2023\/05\/Amelie-Les-Bains-500x233.jpeg 500w, https:\/\/centcols.org\/backup\/wp-content\/uploads\/2023\/05\/Amelie-Les-Bains-1200x560.jpeg 1200w, https:\/\/centcols.org\/backup\/wp-content\/uploads\/2023\/05\/Amelie-Les-Bains-768x358.jpeg 768w, https:\/\/centcols.org\/backup\/wp-content\/uploads\/2023\/05\/Amelie-Les-Bains-1536x716.jpeg 1536w, https:\/\/centcols.org\/backup\/wp-content\/uploads\/2023\/05\/Amelie-Les-Bains-600x280.jpeg 600w\" sizes=\"(max-width: 1000px) 100vw, 1000px\" \/><\/p>\n\n\n\n<h3 class=\"wp-block-heading\">Contact<\/h3>\n\n\n\n<p>Fred Singla CCC 5173<br>06 33 68 33 44.<br><a href=\"mai&#108;to&#58;5&#49;73c&#99;c&#64;&#103;ma&#105;l&#46;c&#111;&#109;\">5173c&#99;&#99;&#64;&#103;m&#97;&#105;&#108;.c&#111;&#109;<\/a><\/p>\n\n\n\n<p>Compte rendu : <a href=\"https:\/\/centcols.org\/backup\/wp-content\/uploads\/2022\/12\/Bernardini-2022.pdf\">Bernardini 2022.docx (centcols.net)<\/a><\/p>\n\n\n\n<p><\/p>\n","protected":false},"excerpt":{"rendered":"<p>&nbsp;De 1990 \u00e0 1994, Ren\u00e9 Marty a assur\u00e9 avec brio l&#8217;organisation de la &#8220;Concentration de la ligue&nbsp; Pyr\u00e9n\u00e9es Roussillon&#8221; . En 1995, il l&#8217;a renomm\u00e9e &#8220;Randonn\u00e9e souvenir Michel Bernardini &#8221; en l&#8217;honneur de son ami d\u00e9c\u00e9d\u00e9 pr\u00e9matur\u00e9ment en 1993 et s&#8217;en est occup\u00e9 jusqu&#8217;en 2015. De 2016 \u00e0 2022, Jean Pierre Lambert en a pris [&hellip;]<\/p>\n","protected":false},"author":69,"featured_media":0,"comment_status":"closed","ping_status":"closed","sticky":false,"template":"","format":"standard","meta":{"_acf_changed":false,"ub_ctt_via":"","_monsterinsights_skip_tracking":false,"_monsterinsights_sitenote_active":false,"_monsterinsights_sitenote_note":"","_monsterinsights_sitenote_category":0,"footnotes":""},"categories":[558,7],"tags":[],"acf":[],"featured_image_urls":{"full":"","thumbnail":"","medium":"","medium_large":"","large":"","1536x1536":"","2048x2048":"","woocommerce_thumbnail":"","woocommerce_single":"","woocommerce_gallery_thumbnail":""},"post_excerpt_stackable":"<p>&nbsp;De 1990 \u00e0 1994, Ren\u00e9 Marty a assur\u00e9 avec brio l&#8217;organisation de la &#8220;Concentration de la ligue&nbsp; Pyr\u00e9n\u00e9es Roussillon&#8221; . En 1995, il l&#8217;a renomm\u00e9e &#8220;Randonn\u00e9e souvenir Michel Bernardini &#8221; en l&#8217;honneur de son ami d\u00e9c\u00e9d\u00e9 pr\u00e9matur\u00e9ment en 1993 et s&#8217;en est occup\u00e9 jusqu&#8217;en 2015.De 2016 \u00e0 2022, Jean Pierre Lambert en a pris le relais avec succ\u00e8s.&nbsp;J&#8217;ai \u00e9t\u00e9 sollicit\u00e9 afin de faire perdurer cette organisation et je rel\u00e8ve le d\u00e9fi avec grand plaisir !J&#8217;ai \u00e9minemment &#8220;profit\u00e9&#8221; de ces rencontres,&nbsp; n&#8217;en ayant quasiment pas manqu\u00e9 une depuis plus de 20 ans !Nous pourrons donc nous retrouver&nbsp; pour la Rencontre Occitane\u2026<\/p>\n","category_list":"<a href=\"https:\/\/centcols.org\/backup\/categorie\/rassemblements\/rassemblements-2023\/\" rel=\"category tag\">Les rassemblements de 2023<\/a>, <a href=\"https:\/\/centcols.org\/backup\/categorie\/rassemblements\/\" rel=\"category tag\">Rencontres r\u00e9gionales<\/a>","author_info":{"display_name":"Enrico Alberini","author_link":"https:\/\/centcols.org\/backup\/author\/5065\/"},"comments_num":"0 commentaire","featured_image_urls_v2":{"full":"","thumbnail":"","medium":"","medium_large":"","large":"","1536x1536":"","2048x2048":"","woocommerce_thumbnail":"","woocommerce_single":"","woocommerce_gallery_thumbnail":""},"post_excerpt_stackable_v2":"<p>&nbsp;De 1990 \u00e0 1994, Ren\u00e9 Marty a assur\u00e9 avec brio l&#8217;organisation de la &#8220;Concentration de la ligue&nbsp; Pyr\u00e9n\u00e9es Roussillon&#8221; . En 1995, il l&#8217;a renomm\u00e9e &#8220;Randonn\u00e9e souvenir Michel Bernardini &#8221; en l&#8217;honneur de son ami d\u00e9c\u00e9d\u00e9 pr\u00e9matur\u00e9ment en 1993 et s&#8217;en est occup\u00e9 jusqu&#8217;en 2015.De 2016 \u00e0 2022, Jean Pierre Lambert en a pris le relais avec succ\u00e8s.&nbsp;J&#8217;ai \u00e9t\u00e9 sollicit\u00e9 afin de faire perdurer cette organisation et je rel\u00e8ve le d\u00e9fi avec grand plaisir !J&#8217;ai \u00e9minemment &#8220;profit\u00e9&#8221; de ces rencontres,&nbsp; n&#8217;en ayant quasiment pas manqu\u00e9 une depuis plus de 20 ans !Nous pourrons donc nous retrouver&nbsp; pour la Rencontre Occitane\u2026<\/p>\n","category_list_v2":"<a href=\"https:\/\/centcols.org\/backup\/categorie\/rassemblements\/rassemblements-2023\/\" rel=\"category tag\">Les rassemblements de 2023<\/a>, <a href=\"https:\/\/centcols.org\/backup\/categorie\/rassemblements\/\" rel=\"category tag\">Rencontres r\u00e9gionales<\/a>","author_info_v2":{"name":"Enrico Alberini","url":"https:\/\/centcols.org\/backup\/author\/5065\/"},"comments_num_v2":"0 commentaire","featured_image_src":null,"_links":{"self":[{"href":"https:\/\/centcols.org\/backup\/wp-json\/wp\/v2\/posts\/62109"}],"collection":[{"href":"https:\/\/centcols.org\/backup\/wp-json\/wp\/v2\/posts"}],"about":[{"href":"https:\/\/centcols.org\/backup\/wp-json\/wp\/v2\/types\/post"}],"author":[{"embeddable":true,"href":"https:\/\/centcols.org\/backup\/wp-json\/wp\/v2\/users\/69"}],"replies":[{"embeddable":true,"href":"https:\/\/centcols.org\/backup\/wp-json\/wp\/v2\/comments?post=62109"}],"version-history":[{"count":0,"href":"https:\/\/centcols.org\/backup\/wp-json\/wp\/v2\/posts\/62109\/revisions"}],"wp:attachment":[{"href":"https:\/\/centcols.org\/backup\/wp-json\/wp\/v2\/media?parent=62109"}],"wp:term":[{"taxonomy":"category","embeddable":true,"href":"https:\/\/centcols.org\/backup\/wp-json\/wp\/v2\/categories?post=62109"},{"taxonomy":"post_tag","embeddable":true,"href":"https:\/\/centcols.org\/backup\/wp-json\/wp\/v2\/tags?post=62109"}],"curies":[{"name":"wp","href":"https:\/\/api.w.org\/{rel}","templated":true}]}}