{"id":62192,"date":"2022-01-28T17:35:00","date_gmt":"2022-01-28T16:35:00","guid":{"rendered":"https:\/\/centcols.org\/backup\/?p=62192"},"modified":"2023-12-17T08:11:15","modified_gmt":"2023-12-17T07:11:15","slug":"grand-est-3-septembre-2022","status":"publish","type":"post","link":"https:\/\/centcols.org\/backup\/grand-est-3-septembre-2022\/","title":{"rendered":"Grand-Est, Pont-\u00e0-Mousson (54), samedi 3 septembre 2022"},"content":{"rendered":"\n<p>Le rassemblement r\u00e9gional Grand-Est 2022 se tiendra \u00e0 Pont-\u00e0-Mousson (54700) le samedi 3 septembre.<\/p>\n\n\n\n<p>Le lieu du rassemblement sera situ\u00e9 dans la ville de Pont-\u00e0-Mousson sur le parking de la piscine (rep\u00e9r\u00e9 par la fl\u00e8che noire sur la carte ci-dessous et tr\u00e8s bien indiqu\u00e9 dans la ville).<\/p>\n\n\n\n<p>Rendez-vous \u00e0 8h30 pour le caf\u00e9 d&#8217;accueil. D\u00e9part group\u00e9 vers 9h.<\/p>\n\n\n\n<p>Le circuit propos\u00e9 est uniquement routier. Il passera par le col du RUDEMONT (FR-54-0250) et 2 nouveaux cols qui seront pr\u00e9sents dans le prochain additif.<\/p>\n\n\n\n<p>Ce circuit fait environ 45 km et emprunte en partie, la voie verte qui longe la Moselle.<br>Lors de mon passage (le 9\/2\/22), la route prise pour la descente du col du Rudemont (FR-54-0250) vers Nov\u00e9ant \u00e9tait boueuse et le goudron tr\u00e8s d\u00e9grad\u00e9. Il y possibilit\u00e9 de faire demi-tour au col et rejoindre la rue de l&#8217;ancienne douane en bas d&#8217;Arnaville et continuer la voie verte en direction de Metz<\/p>\n\n\n\n<p>T\u00e9l\u00e9charger la trace GPX sur <a href=\"https:\/\/www.openrunner.com\/route-details\/16418773\" target=\"_blank\" rel=\"noreferrer noopener\">Open Runner  n. 16418773<\/a><\/p>\n\n\n\n<figure class=\"wp-block-image size-large\"><img loading=\"lazy\" decoding=\"async\" width=\"1144\" height=\"581\" src=\"https:\/\/centcols.org\/backup\/wp-content\/uploads\/2022\/01\/Pont-a-Mousson-parking-de-la-piscine.jpg\" alt=\"parking\" class=\"wp-image-62187\" srcset=\"https:\/\/centcols.org\/backup\/wp-content\/uploads\/2022\/01\/Pont-a-Mousson-parking-de-la-piscine.jpg 1144w, https:\/\/centcols.org\/backup\/wp-content\/uploads\/2022\/01\/Pont-a-Mousson-parking-de-la-piscine-500x254.jpg 500w, https:\/\/centcols.org\/backup\/wp-content\/uploads\/2022\/01\/Pont-a-Mousson-parking-de-la-piscine-768x390.jpg 768w, https:\/\/centcols.org\/backup\/wp-content\/uploads\/2022\/01\/Pont-a-Mousson-parking-de-la-piscine-600x305.jpg 600w\" sizes=\"(max-width: 1144px) 100vw, 1144px\" \/><\/figure>\n\n\n\n<p>Pendant que les cyclistes p\u00e9dalent joyeusement, il y possibilit\u00e9 de visiter <a href=\"https:\/\/www.abbaye-premontres.com\/\">l&#8217;abbaye des pr\u00e9montr\u00e9s<\/a> situ\u00e9e \u00e0 proximit\u00e9&nbsp;&nbsp;ou la <a href=\"https:\/\/ville-pont-a-mousson.fr\/fr\/\">ville de Pont-\u00e0-Mousson<\/a>. Il faut aller voir la c\u00e9l\u00e8bre<a href=\"https:\/\/fr.wikipedia.org\/wiki\/Place_Duroc_(Pont-%C3%A0-Mousson)\"> place DUROC<\/a>, triangulaire et bord\u00e9e d&#8217;arcades&nbsp;.<\/p>\n\n\n\n<h3 class=\"wp-block-heading\">Contact<\/h3>\n\n\n\n<p><br>Denis MATHIEU <br>+33 (0)6 85 20 02 55<br><a href=\"m&#97;i&#108;t&#111;:deni&#46;&#109;&#97;&#116;&#104;i&#101;u&#64;o&#114;a&#110;&#103;&#101;.f&#114;\">&#100;eni&#46;ma&#116;&#104;i&#101;u&#64;&#111;&#114;an&#103;e&#46;&#102;&#114;<\/a><\/p>\n\n\n\n<p>Compte rendu : <a href=\"https:\/\/centcols.org\/backup\/wp-content\/uploads\/2023\/03\/Concentration-regionale-du-Grand-Est-CR2.pdf\">Concentration r\u00e9gionale du Grand CR.docx (centcols.net)<\/a><\/p>\n","protected":false},"excerpt":{"rendered":"<p>Le rassemblement r\u00e9gional Grand-Est 2022 se tiendra \u00e0 Pont-\u00e0-Mousson (54700) le samedi 3 septembre. Le lieu du rassemblement sera situ\u00e9 dans la ville de Pont-\u00e0-Mousson sur le parking de la piscine (rep\u00e9r\u00e9 par la fl\u00e8che noire sur la carte ci-dessous et tr\u00e8s bien indiqu\u00e9 dans la ville). Rendez-vous \u00e0 8h30 pour le caf\u00e9 d&#8217;accueil. D\u00e9part [&hellip;]<\/p>\n","protected":false},"author":69,"featured_media":0,"comment_status":"closed","ping_status":"closed","sticky":false,"template":"","format":"standard","meta":{"_acf_changed":false,"ub_ctt_via":"","_monsterinsights_skip_tracking":false,"_monsterinsights_sitenote_active":false,"_monsterinsights_sitenote_note":"","_monsterinsights_sitenote_category":0,"footnotes":""},"categories":[526,7],"tags":[],"acf":[],"featured_image_urls":{"full":"","thumbnail":"","medium":"","medium_large":"","large":"","1536x1536":"","2048x2048":"","woocommerce_thumbnail":"","woocommerce_single":"","woocommerce_gallery_thumbnail":""},"post_excerpt_stackable":"<p>Le rassemblement r\u00e9gional Grand-Est 2022 se tiendra \u00e0 Pont-\u00e0-Mousson (54700) le samedi 3 septembre. Le lieu du rassemblement sera situ\u00e9 dans la ville de Pont-\u00e0-Mousson sur le parking de la piscine (rep\u00e9r\u00e9 par la fl\u00e8che noire sur la carte ci-dessous et tr\u00e8s bien indiqu\u00e9 dans la ville). Rendez-vous \u00e0 8h30 pour le caf\u00e9 d&#8217;accueil. D\u00e9part group\u00e9 vers 9h. Le circuit propos\u00e9 est uniquement routier. Il passera par le col du RUDEMONT (FR-54-0250) et 2 nouveaux cols qui seront pr\u00e9sents dans le prochain additif. Ce circuit fait environ 45 km et emprunte en partie, la voie verte qui longe la Moselle.Lors\u2026<\/p>\n","category_list":"<a href=\"https:\/\/centcols.org\/backup\/categorie\/rassemblements\/rassemblements-2022\/\" rel=\"category tag\">Les rassemblements de 2022<\/a>, <a href=\"https:\/\/centcols.org\/backup\/categorie\/rassemblements\/\" rel=\"category tag\">Rencontres r\u00e9gionales<\/a>","author_info":{"display_name":"Enrico Alberini","author_link":"https:\/\/centcols.org\/backup\/author\/5065\/"},"comments_num":"0 commentaire","featured_image_urls_v2":{"full":"","thumbnail":"","medium":"","medium_large":"","large":"","1536x1536":"","2048x2048":"","woocommerce_thumbnail":"","woocommerce_single":"","woocommerce_gallery_thumbnail":""},"post_excerpt_stackable_v2":"<p>Le rassemblement r\u00e9gional Grand-Est 2022 se tiendra \u00e0 Pont-\u00e0-Mousson (54700) le samedi 3 septembre. Le lieu du rassemblement sera situ\u00e9 dans la ville de Pont-\u00e0-Mousson sur le parking de la piscine (rep\u00e9r\u00e9 par la fl\u00e8che noire sur la carte ci-dessous et tr\u00e8s bien indiqu\u00e9 dans la ville). Rendez-vous \u00e0 8h30 pour le caf\u00e9 d&#8217;accueil. D\u00e9part group\u00e9 vers 9h. Le circuit propos\u00e9 est uniquement routier. Il passera par le col du RUDEMONT (FR-54-0250) et 2 nouveaux cols qui seront pr\u00e9sents dans le prochain additif. Ce circuit fait environ 45 km et emprunte en partie, la voie verte qui longe la Moselle.Lors\u2026<\/p>\n","category_list_v2":"<a href=\"https:\/\/centcols.org\/backup\/categorie\/rassemblements\/rassemblements-2022\/\" rel=\"category tag\">Les rassemblements de 2022<\/a>, <a href=\"https:\/\/centcols.org\/backup\/categorie\/rassemblements\/\" rel=\"category tag\">Rencontres r\u00e9gionales<\/a>","author_info_v2":{"name":"Enrico Alberini","url":"https:\/\/centcols.org\/backup\/author\/5065\/"},"comments_num_v2":"0 commentaire","featured_image_src":null,"_links":{"self":[{"href":"https:\/\/centcols.org\/backup\/wp-json\/wp\/v2\/posts\/62192"}],"collection":[{"href":"https:\/\/centcols.org\/backup\/wp-json\/wp\/v2\/posts"}],"about":[{"href":"https:\/\/centcols.org\/backup\/wp-json\/wp\/v2\/types\/post"}],"author":[{"embeddable":true,"href":"https:\/\/centcols.org\/backup\/wp-json\/wp\/v2\/users\/69"}],"replies":[{"embeddable":true,"href":"https:\/\/centcols.org\/backup\/wp-json\/wp\/v2\/comments?post=62192"}],"version-history":[{"count":0,"href":"https:\/\/centcols.org\/backup\/wp-json\/wp\/v2\/posts\/62192\/revisions"}],"wp:attachment":[{"href":"https:\/\/centcols.org\/backup\/wp-json\/wp\/v2\/media?parent=62192"}],"wp:term":[{"taxonomy":"category","embeddable":true,"href":"https:\/\/centcols.org\/backup\/wp-json\/wp\/v2\/categories?post=62192"},{"taxonomy":"post_tag","embeddable":true,"href":"https:\/\/centcols.org\/backup\/wp-json\/wp\/v2\/tags?post=62192"}],"curies":[{"name":"wp","href":"https:\/\/api.w.org\/{rel}","templated":true}]}}