





{"id":62290,"date":"2021-12-01T11:25:00","date_gmt":"2021-12-01T10:25:00","guid":{"rendered":"https:\/\/centcols.org\/backup\/?p=62290"},"modified":"2022-08-02T16:08:11","modified_gmt":"2022-08-02T14:08:11","slug":"lac-de-sille-le-guillaume-11-juin-2022","status":"publish","type":"post","link":"https:\/\/centcols.org\/backup\/lac-de-sille-le-guillaume-11-juin-2022\/","title":{"rendered":"Grand-Ouest, Lac de Sill\u00e9-le-Guillaume, Sarthe (72), 11 juin 2022"},"content":{"rendered":"\n<p>Le rassemblement r\u00e9gional du Grand Ouest 2022 se tiendra au lac de Sill\u00e9-le-Guillaume le samedi 11 juin.<\/p>\n\n\n\n<h4 class=\"wp-block-heading\">Accueil&nbsp;:<\/h4>\n\n\n\n<p>\u00e0 8h30, au bord du lac de Sill\u00e9-le-Guillaume, sur l\u2019espace de loisirs entre le Camping de la For\u00eat et le bar \u00ab&nbsp;l\u2019Embarcad\u00e8re&nbsp;\u00bb.<\/p>\n\n\n\n\n\n\t\t\t\t<div id=\"map_ol3js_1\" class=\"map undefined\" data-map_name=\"undefined\" data-map=\"map_ol3js_1\" style=\"width:95%; max-width:100%; height:450px; display:block; overflow:hidden;border:thin solid blue; background-image: url(https:\/\/centcols.org\/backup\/wp-content\/plugins\/osm\/GDPR_bckgrnd.png); background-repeat: no-repeat; background-position: center; position: relative;\" >\n\t\t\t\t  <div id=\"map_ol3js_1_popup\" class=\"ol-popup\" >\n\t\t\t\t\t<a href=\"#\" id=\"map_ol3js_1_popup-closer\" class=\"ol-popup-closer\"><\/a>\n\t\t\t\t\t<div id=\"map_ol3js_1_popup-content\" ><\/div>\n\t\t\t\t  <\/div>\n\t\t\t\t<\/div>\n\t\t\t\n\t\t\t\t<link rel=\"stylesheet\" href=\"https:\/\/centcols.org\/backup\/wp-content\/plugins\/osm\/js\/OL\/7.1.0\/ol.css?ver=7.1.0\" type=\"text\/css\">\n\t\t\t\t<link rel=\"stylesheet\" href=\"https:\/\/centcols.org\/backup\/wp-content\/plugins\/osm\/css\/osm_map_v3.css?ver=1.0.0\" type=\"text\/css\">\n\t\t\t\t<link rel=\"stylesheet\" href=\"https:\/\/centcols.org\/backup\/wp-content\/plugins\/osm\/css\/osm_map.css?ver=1.0.0\" type=\"text\/css\">\n\t\t\t\t<!-- The line below is only needed for old environments like Internet Explorer and Android 4.x -->\n                                <script src=\"https:\/\/centcols.org\/backup\/wp-content\/plugins\/osm\/js\/polyfill\/v2\/polyfill.min.js?features=requestAnimationFrame,Element.prototype.classList,URL\"><\/script>\n\n\t\t\t\t<script src=\"https:\/\/centcols.org\/backup\/wp-content\/plugins\/osm\/js\/OL\/7.1.0\/ol.js?ver=7.1.0\" type=\"text\/javascript\"><\/script>\n\t\t\t\t<script src=\"https:\/\/centcols.org\/backup\/wp-content\/plugins\/osm\/js\/osm-v3-plugin-lib.js?ver=1.0.0\" type=\"text\/javascript\"><\/script>\n\t\t\t\t<script src=\"https:\/\/centcols.org\/backup\/wp-content\/plugins\/osm\/js\/osm-metabox-events.js?ver=1.0.0\" type=\"text\/javascript\"><\/script>\n\t\t\t\t<script src=\"https:\/\/centcols.org\/backup\/wp-content\/plugins\/osm\/js\/osm-startup-lib.js\" type=\"text\/javascript\"><\/script>\n\t\t\t\t<script type=\"text\/javascript\">\n\t\t\t\t\ttranslations['openlayer'] = \"open layer\";\n\t\t\t\t\ttranslations['openlayerAtStartup'] = \"open layer at startup\";\n\t\t\t\t\ttranslations['generateLink'] = \"link to this map with opened layers\";\n\t\t\t\t\ttranslations['shortDescription'] = \"short description\";\n\t\t\t\t\ttranslations['generatedShortCode'] = \"to get a text control link paste this code in your wordpress editor\";\n\t\t\t\t\ttranslations['closeLayer'] = \"close layer\";\n\t\t\t\t\ttranslations['cantGenerateLink'] = \"put this string in the existing map short code to control this map\";\n\t\t\t  <\/script>\n\n\n\t\t\t  <script type=\"text\/javascript\">\n\t\t\t  vectorM['map_ol3js_1'] = [];\n\t        \n        var raster = getTileLayer(\"osm\",\"NoKey\");\t\t\t\n\n\t\t\t  var map_ol3js_1 = new ol.Map({\n\t\t\t\tinteractions: ol.interaction.defaults.defaults({mouseWheelZoom:false}),\n\t\t\t\tlayers: [raster],\n\t\t\t\ttarget: \"map_ol3js_1\",\n\t\t\t\tview: new ol.View({\n\t\t\t\t  center: ol.proj.transform([-0.1344,48.2111], \"EPSG:4326\", \"EPSG:3857\"),\n\t\t\t\t  zoom: 14.0\n\t\t\t\t})\n\t\t\t  });\n\t\t\t  osm_addMarkerLayer(map_ol3js_1,-0.1344,48.2118,\"https:\/\/centcols.org\/backup\/wp-content\/plugins\/osm\/icons\/mic_blue_cycling_01.png\",-16,-41,\"<p><\/p>\") ; \naddControls2Map(map_ol3js_1,1,1,3,1,5,6,7,1,1);\nosm_addPopupClickhandler(map_ol3js_1,  \"map_ol3js_1\"); \nosm_addMouseHover(map_ol3js_1); <\/script>\n\n\n\n<h4 class=\"wp-block-heading\">Parcours \u00e0 v\u00e9lo&nbsp;:<\/h4>\n\n\n\n<p>D\u00e9part vers 9h du lieu de l\u2019accueil.<\/p>\n\n\n\n<p>Parcours routier de 50 km (d\u00e9nivellation&nbsp;: 728 m) visible et t\u00e9l\u00e9chargeable sur le site Openrunner avec le mot cl\u00e9 RCCC72.<\/p>\n\n\n\n<p>Il permet de gravir le Col de la Croix de La Mare (FR-72-0273) et le Col de la Source (FR-72-0243) et de parcourir la For\u00eat Domaniale de Sill\u00e9-le-Guillaume.<\/p>\n\n\n\n<h4 class=\"wp-block-heading\">Pique-nique&nbsp;:<\/h4>\n\n\n\n<p>Pour ceux qui le souhaitent, possibilit\u00e9 de pique-niquer ensemble apr\u00e8s la balade \u00e0 v\u00e9lo (pr\u00e9voir son pique-nique, bien s\u00fbr).<\/p>\n\n\n\n<div class=\"wp-block-image\"><figure class=\"aligncenter size-large\"><img loading=\"lazy\" decoding=\"async\" width=\"497\" height=\"373\" src=\"https:\/\/centcols.org\/backup\/wp-content\/uploads\/2022\/01\/image.png\" alt=\"\" class=\"wp-image-62291\"\/><figcaption>Le lac de Sill\u00e9-le-Guillaume en hiver<\/figcaption><\/figure><\/div>\n\n\n\n<h3 class=\"wp-block-heading\">Contact :<\/h3>\n\n\n\n<p>Bernard Migot CC n\u00b0 844<\/p>\n\n\n\n<p><a href=\"&#109;ailt&#111;&#58;\"><\/a>bernardmigot@live.fr<a href=\"&#109;&#97;i&#108;t&#111;&#58;\"><\/a><\/p>\n\n\n\n<p>0033 (0)6 08 74 95 99<\/p>\n\n\n\n<p><\/p>\n","protected":false},"excerpt":{"rendered":"<p>Le rassemblement r\u00e9gional du Grand Ouest 2022 se tiendra au lac de Sill\u00e9-le-Guillaume le samedi 11 juin. Accueil&nbsp;: \u00e0 8h30, au bord du lac de Sill\u00e9-le-Guillaume, sur l\u2019espace de loisirs entre le Camping de la For\u00eat et le bar \u00ab&nbsp;l\u2019Embarcad\u00e8re&nbsp;\u00bb. Parcours \u00e0 v\u00e9lo&nbsp;: D\u00e9part vers 9h du lieu de l\u2019accueil. Parcours routier de 50 km [&hellip;]<\/p>\n","protected":false},"author":69,"featured_media":0,"comment_status":"closed","ping_status":"closed","sticky":false,"template":"","format":"standard","meta":{"_acf_changed":false,"ub_ctt_via":"","_monsterinsights_skip_tracking":false,"_monsterinsights_sitenote_active":false,"_monsterinsights_sitenote_note":"","_monsterinsights_sitenote_category":0,"footnotes":""},"categories":[526,7],"tags":[],"acf":[],"featured_image_urls":{"full":"","thumbnail":"","medium":"","medium_large":"","large":"","1536x1536":"","2048x2048":"","woocommerce_thumbnail":"","woocommerce_single":"","woocommerce_gallery_thumbnail":""},"post_excerpt_stackable":"<p>Le rassemblement r\u00e9gional du Grand Ouest 2022 se tiendra au lac de Sill\u00e9-le-Guillaume le samedi 11 juin. Accueil&nbsp;: \u00e0 8h30, au bord du lac de Sill\u00e9-le-Guillaume, sur l\u2019espace de loisirs entre le Camping de la For\u00eat et le bar \u00ab&nbsp;l\u2019Embarcad\u00e8re&nbsp;\u00bb. Parcours \u00e0 v\u00e9lo&nbsp;: D\u00e9part vers 9h du lieu de l\u2019accueil. Parcours routier de 50 km (d\u00e9nivellation&nbsp;: 728 m) visible et t\u00e9l\u00e9chargeable sur le site Openrunner avec le mot cl\u00e9 RCCC72. Il permet de gravir le Col de la Croix de La Mare (FR-72-0273) et le Col de la Source (FR-72-0243) et de parcourir la For\u00eat Domaniale de Sill\u00e9-le-Guillaume. Pique-nique&nbsp;: Pour\u2026<\/p>\n","category_list":"<a href=\"https:\/\/centcols.org\/backup\/categorie\/rassemblements\/rassemblements-2022\/\" rel=\"category tag\">Les rassemblements de 2022<\/a>, <a href=\"https:\/\/centcols.org\/backup\/categorie\/rassemblements\/\" rel=\"category tag\">Rencontres r\u00e9gionales<\/a>","author_info":{"display_name":"Enrico Alberini","author_link":"https:\/\/centcols.org\/backup\/author\/5065\/"},"comments_num":"0 commentaire","featured_image_urls_v2":{"full":"","thumbnail":"","medium":"","medium_large":"","large":"","1536x1536":"","2048x2048":"","woocommerce_thumbnail":"","woocommerce_single":"","woocommerce_gallery_thumbnail":""},"post_excerpt_stackable_v2":"<p>Le rassemblement r\u00e9gional du Grand Ouest 2022 se tiendra au lac de Sill\u00e9-le-Guillaume le samedi 11 juin. Accueil&nbsp;: \u00e0 8h30, au bord du lac de Sill\u00e9-le-Guillaume, sur l\u2019espace de loisirs entre le Camping de la For\u00eat et le bar \u00ab&nbsp;l\u2019Embarcad\u00e8re&nbsp;\u00bb. Parcours \u00e0 v\u00e9lo&nbsp;: D\u00e9part vers 9h du lieu de l\u2019accueil. Parcours routier de 50 km (d\u00e9nivellation&nbsp;: 728 m) visible et t\u00e9l\u00e9chargeable sur le site Openrunner avec le mot cl\u00e9 RCCC72. Il permet de gravir le Col de la Croix de La Mare (FR-72-0273) et le Col de la Source (FR-72-0243) et de parcourir la For\u00eat Domaniale de Sill\u00e9-le-Guillaume. Pique-nique&nbsp;: Pour\u2026<\/p>\n","category_list_v2":"<a href=\"https:\/\/centcols.org\/backup\/categorie\/rassemblements\/rassemblements-2022\/\" rel=\"category tag\">Les rassemblements de 2022<\/a>, <a href=\"https:\/\/centcols.org\/backup\/categorie\/rassemblements\/\" rel=\"category tag\">Rencontres r\u00e9gionales<\/a>","author_info_v2":{"name":"Enrico Alberini","url":"https:\/\/centcols.org\/backup\/author\/5065\/"},"comments_num_v2":"0 commentaire","featured_image_src":null,"_links":{"self":[{"href":"https:\/\/centcols.org\/backup\/wp-json\/wp\/v2\/posts\/62290"}],"collection":[{"href":"https:\/\/centcols.org\/backup\/wp-json\/wp\/v2\/posts"}],"about":[{"href":"https:\/\/centcols.org\/backup\/wp-json\/wp\/v2\/types\/post"}],"author":[{"embeddable":true,"href":"https:\/\/centcols.org\/backup\/wp-json\/wp\/v2\/users\/69"}],"replies":[{"embeddable":true,"href":"https:\/\/centcols.org\/backup\/wp-json\/wp\/v2\/comments?post=62290"}],"version-history":[{"count":0,"href":"https:\/\/centcols.org\/backup\/wp-json\/wp\/v2\/posts\/62290\/revisions"}],"wp:attachment":[{"href":"https:\/\/centcols.org\/backup\/wp-json\/wp\/v2\/media?parent=62290"}],"wp:term":[{"taxonomy":"category","embeddable":true,"href":"https:\/\/centcols.org\/backup\/wp-json\/wp\/v2\/categories?post=62290"},{"taxonomy":"post_tag","embeddable":true,"href":"https:\/\/centcols.org\/backup\/wp-json\/wp\/v2\/tags?post=62290"}],"curies":[{"name":"wp","href":"https:\/\/api.w.org\/{rel}","templated":true}]}}